{"id":28333,"date":"2024-08-25T21:37:17","date_gmt":"2024-08-25T21:37:17","guid":{"rendered":"https:\/\/tvbrazilusa.com\/2024\/08\/25\/previa-do-futebol-de-nj-2024-uma-olhada-na-divisao-vermelha-do-sfc-freedom\/"},"modified":"2024-08-25T21:51:31","modified_gmt":"2024-08-25T21:51:31","slug":"previa-do-futebol-de-nj-2024-uma-olhada-na-divisao-vermelha-do-sfc-freedom","status":"publish","type":"post","link":"https:\/\/tvbrazilusa.com\/pt\/2024\/08\/25\/previa-do-futebol-de-nj-2024-uma-olhada-na-divisao-vermelha-do-sfc-freedom\/","title":{"rendered":"Pr\u00e9via do futebol de NJ, 2024: Uma olhada na Divis\u00e3o Vermelha do SFC Freedom"},"content":{"rendered":"<p> <script async src=\"https:\/\/pagead2.googlesyndication.com\/pagead\/js\/adsbygoogle.js?client=ca-pub-8864793242727901\"\r\n     crossorigin=\"anonymous\"><\/script><br \/>\n<\/p>\n<div id=\"arc-LZQ3Y24ILVGGPLB47NFK4A7G3E\">\n<div class=\"multimedia-main\">\n<figure class=\"article__image\">\n<div class=\"article__image-wrapper\"><picture><source media=\"(max-width: 500px)\" srcset=\"https:\/\/www.nj.com\/resizer\/v2\/DVMMWLA7YBC7BH6HFLCCBIWRLQ.jpg?auth=b25d84d442acd7f617d13be307d40afaa97d63011644ad3e43b49053e8171f75&#038;width=500&#038;quality=90 500w\"\/><source media=\"(max-width: 800px)\" srcset=\"https:\/\/www.nj.com\/resizer\/v2\/DVMMWLA7YBC7BH6HFLCCBIWRLQ.jpg?auth=b25d84d442acd7f617d13be307d40afaa97d63011644ad3e43b49053e8171f75&#038;width=800&#038;quality=90 800w\"\/><source srcset=\"https:\/\/www.nj.com\/resizer\/v2\/DVMMWLA7YBC7BH6HFLCCBIWRLQ.jpg?auth=b25d84d442acd7f617d13be307d40afaa97d63011644ad3e43b49053e8171f75&#038;width=1280&#038;quality=90 1280w\"\/><\/picture><figcaption class=\"article__image-caption\">\n<p class=\"article__mm-image-caption-text\">Shakur Taylor (21), de East Orange, retorna para ajudar a impulsionar o ataque dos Jaguars.<\/p>\n<p><span class=\"article__mm-image-credit\">Tom Horak | Para NJ Advance Media<\/span><\/p>\n<\/figcaption><\/div>\n<\/figure>\n<\/div>\n<div class=\"article__story paywall\">\n<p><h2 class=\"article-heading\">Super Confer\u00eancia de Futebol<\/h2>\n<h3 class=\"article-heading\"><i>Divis\u00e3o Vermelha da Liberdade<\/i><\/h3>\n<\/p>\n<\/div>\n<p class=\"article__paragraph article__paragraph--center skimlinks\">Se voc\u00ea comprar um produto ou registrar uma conta por meio de um link em nosso site, poderemos receber uma compensa\u00e7\u00e3o.<span> Ao utilizar este site, voc\u00ea concorda com nossos <a href=\"https:\/\/www.advancelocal.com\/advancelocalUserAgreement\/user-agreement.html\" target=\"_blank\" rel=\"noopener noreferrer\">Contrato do Usu\u00e1rio<\/a> e concorda que seus cliques, intera\u00e7\u00f5es e informa\u00e7\u00f5es pessoais podem ser coletados, registrados e\/ou armazenados por n\u00f3s e pelas m\u00eddias sociais e outros parceiros terceirizados de acordo com nossa <a href=\"https:\/\/www.advancelocal.com\/advancelocalUserAgreement\/privacy-policy.html\" target=\"_blank\" rel=\"noopener noreferrer\">Pol\u00edtica de Privacidade.<\/a><\/span><\/p>\n<\/div>\n<p><br \/>\n<br \/><a href=\"https:\/\/www.nj.com\/highschoolsports\/2024\/08\/nj-football-preview-2024-a-look-at-the-sfc-freedom-red-division.html\">Source link <\/a><\/p>","protected":false},"excerpt":{"rendered":"<p>Shakur Taylor (21), de East Orange, retorna para ajudar a impulsionar o ataque dos Jaguars. Tom Horak | Para NJ Advance Media Super Confer\u00eancia de Futebol Divis\u00e3o Vermelha da Liberdade&hellip;<\/p>","protected":false},"author":1,"featured_media":28334,"comment_status":"closed","ping_status":"open","sticky":false,"template":"","format":"standard","meta":{"content-type":"","footnotes":""},"categories":[1],"tags":[12200],"class_list":["post-28333","post","type-post","status-publish","format-standard","has-post-thumbnail","hentry","category-uncategorized","tag-imagens-j-visoes"],"_links":{"self":[{"href":"https:\/\/tvbrazilusa.com\/pt\/wp-json\/wp\/v2\/posts\/28333","targetHints":{"allow":["GET"]}}],"collection":[{"href":"https:\/\/tvbrazilusa.com\/pt\/wp-json\/wp\/v2\/posts"}],"about":[{"href":"https:\/\/tvbrazilusa.com\/pt\/wp-json\/wp\/v2\/types\/post"}],"author":[{"embeddable":true,"href":"https:\/\/tvbrazilusa.com\/pt\/wp-json\/wp\/v2\/users\/1"}],"replies":[{"embeddable":true,"href":"https:\/\/tvbrazilusa.com\/pt\/wp-json\/wp\/v2\/comments?post=28333"}],"version-history":[{"count":1,"href":"https:\/\/tvbrazilusa.com\/pt\/wp-json\/wp\/v2\/posts\/28333\/revisions"}],"predecessor-version":[{"id":28335,"href":"https:\/\/tvbrazilusa.com\/pt\/wp-json\/wp\/v2\/posts\/28333\/revisions\/28335"}],"wp:featuredmedia":[{"embeddable":true,"href":"https:\/\/tvbrazilusa.com\/pt\/wp-json\/wp\/v2\/media\/28334"}],"wp:attachment":[{"href":"https:\/\/tvbrazilusa.com\/pt\/wp-json\/wp\/v2\/media?parent=28333"}],"wp:term":[{"taxonomy":"category","embeddable":true,"href":"https:\/\/tvbrazilusa.com\/pt\/wp-json\/wp\/v2\/categories?post=28333"},{"taxonomy":"post_tag","embeddable":true,"href":"https:\/\/tvbrazilusa.com\/pt\/wp-json\/wp\/v2\/tags?post=28333"}],"curies":[{"name":"wp","href":"https:\/\/api.w.org\/{rel}","templated":true}]}}