{"id":2834,"date":"2023-12-19T19:57:11","date_gmt":"2023-12-19T19:57:11","guid":{"rendered":"https:\/\/tvbrazilusa.com\/2023\/12\/19\/para-promotora-do-mp-sp-nao-existe-crime-de-racismo-contra-brancos\/"},"modified":"2023-12-19T19:57:11","modified_gmt":"2023-12-19T19:57:11","slug":"para-promotora-do-mp-sp-nao-existe-crime-de-racismo-contra-brancos","status":"publish","type":"post","link":"https:\/\/tvbrazilusa.com\/pt\/2023\/12\/19\/para-promotora-do-mp-sp-nao-existe-crime-de-racismo-contra-brancos\/","title":{"rendered":"Para promotora do MP-SP, n\u00e3o existe crime de racismo contra brancos"},"content":{"rendered":"<p><iframe  width=\"580\" height=\"385\" src=\"https:\/\/www.youtube.com\/embed\/9OFerujHdyY?modestbranding=1\" frameborder=\"0\" allowfullscreen><\/iframe><br \/>\n<br \/>O Minist\u00e9rio P\u00fablico de S\u00e3o Paulo acabou de decidir, ao arrepio da Lei, que n\u00e3o existe crime de racismo contra brancos, paulistas ou europeus.<\/p>\n<p>Eis o resultado de d\u00e9cadas de aparelhamento, e de infiltra\u00e7\u00e3o do extremismo de esquerda na m\u00e1quina p\u00fablica, incluindo a\u00ed a Justi\u00e7a.<\/p>\n<p>O caso envolve as postagens em redes sociais de uma assessora da ministra da Igualdade Racial, que escreveu o seguinte: &#8220;torcida branca, que n\u00e3o canta, descendente de europeu safade&#8230; pior de tudo pauliste&#8221;.<\/p>\n<p>A promotora Maria Fernanda Balsalobre Pinto pediu o arquivamento do caso, pois segundo ela &#8220;n\u00e3o \u00e9 qualquer \u00f3dio exteriorizado que encontra tipicidade penal, mas apenas aqueles voltados contra determinados grupos vulner\u00e1veis no contexto hist\u00f3rico-sociol\u00f3gico&#8221;.<\/p>\n<p>Em outras palavras, est\u00e1 liberado o discurso de \u00f3dio contra integrantes de grupos considerados &#8220;historicamente, amplamente hegem\u00f4nicos e dominantes, jamais experimentando qualquer viola\u00e7\u00e3o sistem\u00e1tica de direitos pela ra\u00e7a ou origem nacional&#8221;.<\/p>\n<p>\u00c9 a destrui\u00e7\u00e3o completa do princ\u00edpio da individualiza\u00e7\u00e3o da conduta. N\u00e3o existem mais indiv\u00edduos, mas grupos que devem ser julgados pelos seus atos ao longo da hist\u00f3ria, com uma interpreta\u00e7\u00e3o sempre subjetiva, visto que n\u00e3o existem grupos formados por santos. \u00c9 o marxismo travestido de identitarismo.<\/p>\n<p>Por exemplo, negros escravizavam outros negros na \u00c1frica, e tamb\u00e9m brancos, quando dominaram o sul da Europa, assim como brancos escravizaram outros brancos, e outros povos. Na verdade, o fim da escravid\u00e3o \u00e9 um fen\u00f4meno recente se for avaliado todo o arco da hist\u00f3ria humana. Por que apenas um povo espec\u00edfico \u00e9 considerado &#8220;opressor&#8221;?<\/p>\n<p>Fico imaginando os limites dessa interpreta\u00e7\u00e3o: um empregado branco pode ser despedido por um empregador negro em nome da &#8220;repara\u00e7\u00e3o hist\u00f3rica&#8221;?  Ele pode xingar seu empregado branco de &#8220;racista&#8221;, &#8220;fascista&#8221;, ou coisa pior? Agress\u00f5es f\u00edsicas est\u00e3o permitidas? <\/p>\n<p>A Lei 7.716, a chamada Lei do Racismo, \u00e9 muito clara: <\/p>\n<p>&#8220;Art. 1\u00ba Ser\u00e3o punidos, na forma desta Lei, os crimes resultantes de discrimina\u00e7\u00e3o ou preconceito de ra\u00e7a, cor, etnia, religi\u00e3o ou proced\u00eancia nacional.&#8221; Procurei e n\u00e3o encontrei a exce\u00e7\u00e3o apresentada pela procuradora.<\/p>\n<p>Mas leis n\u00e3o valem mais no Brasil. Est\u00e1 em vigor a esquerdopatia em estado puro.<br \/>\n<br \/><a href=\"https:\/\/www.youtube.com\/watch?v=9OFerujHdyY\">source<\/a><\/p>","protected":false},"excerpt":{"rendered":"<p>O Minist\u00e9rio P\u00fablico de S\u00e3o Paulo acabou de decidir, ao arrepio da Lei, que n\u00e3o existe crime de racismo contra brancos, paulistas ou europeus. Eis o resultado de d\u00e9cadas de&hellip;<\/p>","protected":false},"author":1,"featured_media":2835,"comment_status":"","ping_status":"open","sticky":false,"template":"","format":"standard","meta":{"content-type":"","footnotes":""},"categories":[1],"tags":[],"class_list":["post-2834","post","type-post","status-publish","format-standard","has-post-thumbnail","hentry","category-uncategorized"],"_links":{"self":[{"href":"https:\/\/tvbrazilusa.com\/pt\/wp-json\/wp\/v2\/posts\/2834","targetHints":{"allow":["GET"]}}],"collection":[{"href":"https:\/\/tvbrazilusa.com\/pt\/wp-json\/wp\/v2\/posts"}],"about":[{"href":"https:\/\/tvbrazilusa.com\/pt\/wp-json\/wp\/v2\/types\/post"}],"author":[{"embeddable":true,"href":"https:\/\/tvbrazilusa.com\/pt\/wp-json\/wp\/v2\/users\/1"}],"replies":[{"embeddable":true,"href":"https:\/\/tvbrazilusa.com\/pt\/wp-json\/wp\/v2\/comments?post=2834"}],"version-history":[{"count":0,"href":"https:\/\/tvbrazilusa.com\/pt\/wp-json\/wp\/v2\/posts\/2834\/revisions"}],"wp:featuredmedia":[{"embeddable":true,"href":"https:\/\/tvbrazilusa.com\/pt\/wp-json\/wp\/v2\/media\/2835"}],"wp:attachment":[{"href":"https:\/\/tvbrazilusa.com\/pt\/wp-json\/wp\/v2\/media?parent=2834"}],"wp:term":[{"taxonomy":"category","embeddable":true,"href":"https:\/\/tvbrazilusa.com\/pt\/wp-json\/wp\/v2\/categories?post=2834"},{"taxonomy":"post_tag","embeddable":true,"href":"https:\/\/tvbrazilusa.com\/pt\/wp-json\/wp\/v2\/tags?post=2834"}],"curies":[{"name":"wp","href":"https:\/\/api.w.org\/{rel}","templated":true}]}}