{"id":28476,"date":"2024-08-26T11:40:56","date_gmt":"2024-08-26T11:40:56","guid":{"rendered":"https:\/\/tvbrazilusa.com\/2024\/08\/26\/mais-seco-para-comecar-a-semana-wsvn-7news-noticias-de-miami-clima-esportes-fort-lauderdale\/"},"modified":"2024-08-26T11:57:05","modified_gmt":"2024-08-26T11:57:05","slug":"mais-seco-para-comecar-a-semana-wsvn-7news-noticias-de-miami-clima-esportes-fort-lauderdale","status":"publish","type":"post","link":"https:\/\/tvbrazilusa.com\/pt\/2024\/08\/26\/mais-seco-para-comecar-a-semana-wsvn-7news-noticias-de-miami-clima-esportes-fort-lauderdale\/","title":{"rendered":"Mais seco para come\u00e7ar a semana &#8211; WSVN 7News | Not\u00edcias de Miami, Clima, Esportes | Fort Lauderdale"},"content":{"rendered":"<p> <script async src=\"https:\/\/pagead2.googlesyndication.com\/pagead\/js\/adsbygoogle.js?client=ca-pub-8864793242727901\"\r\n     crossorigin=\"anonymous\"><\/script><br \/>\n<\/p>\n<div itemprop=\"articleBody\">\n<p>O sul da Fl\u00f3rida estava muito \u00famido, especialmente com uma onda tropical no s\u00e1bado, mas o padr\u00e3o geral \u00e9 mais seco para come\u00e7ar a semana. A alta press\u00e3o no Oceano Atl\u00e2ntico Ocidental ser\u00e1 nosso principal fator clim\u00e1tico at\u00e9 o meio da semana. Isso significa que um padr\u00e3o t\u00edpico de ver\u00e3o estar\u00e1 presente, ent\u00e3o fique atento a chuvas passageiras durante a noite\/manh\u00e3 e tempestades causadas pela brisa do mar favorecendo locais no interior. At\u00e9 o final da semana, estaremos observando as ondas mais uma vez. Se os modelos estiverem certos, teremos maior chance de chuva a partir de sexta-feira. <\/p>\n<figure class=\"wp-block-image size-large\"><\/figure>\n<p class=\"has-text-align-center\"><strong>Hoje nos Tr\u00f3picos:<\/strong> Tudo est\u00e1 quieto por enquanto.<\/p>\n<figure class=\"wp-block-image size-large\"><img fetchpriority=\"high\" decoding=\"async\" width=\"1920\" height=\"1080\" src=\"https:\/\/wsvn.com\/wp-content\/uploads\/sites\/2\/2024\/08\/ATL-IR-Satellite-Color.png?w=1024\" alt=\"\" class=\"wp-image-1477367\" srcset=\"https:\/\/wsvn.com\/wp-content\/uploads\/sites\/2\/2024\/08\/ATL-IR-Satellite-Color.png 1920w, https:\/\/wsvn.com\/wp-content\/uploads\/sites\/2\/2024\/08\/ATL-IR-Satellite-Color.png?resize=300,169 300w, https:\/\/wsvn.com\/wp-content\/uploads\/sites\/2\/2024\/08\/ATL-IR-Satellite-Color.png?resize=768,432 768w, https:\/\/wsvn.com\/wp-content\/uploads\/sites\/2\/2024\/08\/ATL-IR-Satellite-Color.png?resize=1024,576 1024w, https:\/\/wsvn.com\/wp-content\/uploads\/sites\/2\/2024\/08\/ATL-IR-Satellite-Color.png?resize=1536,864 1536w\" sizes=\"(max-width: 1920px) 100vw, 1920px\"\/><\/figure>\n<p>Tenha um dia maravilhoso no sul da Fl\u00f3rida e fa\u00e7a com que seja seguro! <\/p>\n<p>Vivian Gonz\u00e1lez<\/p>\n<p>Meteorologista, certificado pela AMS <\/p>\n<p>Canal 7 da WSVN <\/p>\n<div class=\"wp-block-newsletter\">\n\t<strong class=\"wp-block-newsletter__title\">Inscreva-se em nossa Newsletter para receber as \u00faltimas not\u00edcias diretamente na sua caixa de entrada<\/strong><\/p>\n<\/div><\/div>\n<p><br \/>\n<br \/><a href=\"https:\/\/wsvn.com\/weather-blog\/drier-to-start-the-week-3\/\">Source link <\/a><\/p>","protected":false},"excerpt":{"rendered":"<p>O sul da Fl\u00f3rida estava muito \u00famido, especialmente com uma onda tropical no s\u00e1bado, mas o padr\u00e3o geral \u00e9 mais seco para come\u00e7ar a semana. A alta press\u00e3o no Oceano&hellip;<\/p>","protected":false},"author":1,"featured_media":28477,"comment_status":"closed","ping_status":"open","sticky":false,"template":"","format":"standard","meta":{"content-type":"","footnotes":""},"categories":[1],"tags":[],"class_list":["post-28476","post","type-post","status-publish","format-standard","has-post-thumbnail","hentry","category-uncategorized"],"_links":{"self":[{"href":"https:\/\/tvbrazilusa.com\/pt\/wp-json\/wp\/v2\/posts\/28476","targetHints":{"allow":["GET"]}}],"collection":[{"href":"https:\/\/tvbrazilusa.com\/pt\/wp-json\/wp\/v2\/posts"}],"about":[{"href":"https:\/\/tvbrazilusa.com\/pt\/wp-json\/wp\/v2\/types\/post"}],"author":[{"embeddable":true,"href":"https:\/\/tvbrazilusa.com\/pt\/wp-json\/wp\/v2\/users\/1"}],"replies":[{"embeddable":true,"href":"https:\/\/tvbrazilusa.com\/pt\/wp-json\/wp\/v2\/comments?post=28476"}],"version-history":[{"count":1,"href":"https:\/\/tvbrazilusa.com\/pt\/wp-json\/wp\/v2\/posts\/28476\/revisions"}],"predecessor-version":[{"id":28478,"href":"https:\/\/tvbrazilusa.com\/pt\/wp-json\/wp\/v2\/posts\/28476\/revisions\/28478"}],"wp:featuredmedia":[{"embeddable":true,"href":"https:\/\/tvbrazilusa.com\/pt\/wp-json\/wp\/v2\/media\/28477"}],"wp:attachment":[{"href":"https:\/\/tvbrazilusa.com\/pt\/wp-json\/wp\/v2\/media?parent=28476"}],"wp:term":[{"taxonomy":"category","embeddable":true,"href":"https:\/\/tvbrazilusa.com\/pt\/wp-json\/wp\/v2\/categories?post=28476"},{"taxonomy":"post_tag","embeddable":true,"href":"https:\/\/tvbrazilusa.com\/pt\/wp-json\/wp\/v2\/tags?post=28476"}],"curies":[{"name":"wp","href":"https:\/\/api.w.org\/{rel}","templated":true}]}}