{"id":28485,"date":"2024-08-26T12:25:34","date_gmt":"2024-08-26T12:25:34","guid":{"rendered":"https:\/\/tvbrazilusa.com\/2024\/08\/26\/multidao-presente-para-inauguracao-da-estatua-de-john-lewis-no-local-onde-ficava-o-monumento-confederado-wsvn-7news-noticias-de-miami-clima-esportes-fort-lauderdale\/"},"modified":"2024-08-26T12:43:17","modified_gmt":"2024-08-26T12:43:17","slug":"multidao-presente-para-inauguracao-da-estatua-de-john-lewis-no-local-onde-ficava-o-monumento-confederado-wsvn-7news-noticias-de-miami-clima-esportes-fort-lauderdale","status":"publish","type":"post","link":"https:\/\/tvbrazilusa.com\/pt\/2024\/08\/26\/multidao-presente-para-inauguracao-da-estatua-de-john-lewis-no-local-onde-ficava-o-monumento-confederado-wsvn-7news-noticias-de-miami-clima-esportes-fort-lauderdale\/","title":{"rendered":"Multid\u00e3o presente para inaugura\u00e7\u00e3o da est\u00e1tua de John Lewis no local onde ficava o monumento confederado &#8211; WSVN 7News | Not\u00edcias de Miami, Clima, Esportes | Fort Lauderdale"},"content":{"rendered":"<p> <script async src=\"https:\/\/pagead2.googlesyndication.com\/pagead\/js\/adsbygoogle.js?client=ca-pub-8864793242727901\"\r\n     crossorigin=\"anonymous\"><\/script><br \/>\n<\/p>\n<div itemprop=\"articleBody\">\n<p>DECATUR, Ge\u00f3rgia (AP) \u2014 Uma multid\u00e3o estava presente em um parque municipal na Ge\u00f3rgia no s\u00e1bado para testemunhar a inaugura\u00e7\u00e3o de uma grande est\u00e1tua de bronze do falecido l\u00edder dos direitos civis e congressista John Lewis, que fica no mesmo local de um pol\u00eamico monumento confederado que foi desmontado h\u00e1 quatro anos.<\/p>\n<p>A multid\u00e3o, que inclu\u00eda vizinhos, pol\u00edticos e l\u00edderes dos direitos civis, aplaudiu quando um v\u00e9u preto foi puxado para baixo para revelar a est\u00e1tua de 3,7 metros de altura de Lewis na pra\u00e7a hist\u00f3rica de Decatur, informou a esta\u00e7\u00e3o de televis\u00e3o WSB-TV de Atlanta.<\/p>\n<p>Lewis era conhecido por seu papel na linha de frente do Movimento pelos Direitos Civis e era um congressista democrata da Ge\u00f3rgia. Ele morreu em 2020 de c\u00e2ncer pancre\u00e1tico.<\/p>\n<p>A est\u00e1tua de Lewis fica no mesmo local de um obelisco erguido pelas Filhas Unidas da Confedera\u00e7\u00e3o em 1908 e removido em 2020. Grupos como a Beacon Hill Black Alliance for Human Rights e a Hate Free Decatur pressionavam para que o monumento confederado fosse removido desde o mortal com\u00edcio nacionalista branco de 2017 em Charlottesville, Virg\u00ednia.<\/p>\n<p>O monumento estava entre aqueles ao redor do pa\u00eds que se tornaram pontos de inflama\u00e7\u00e3o para protestos contra a brutalidade policial e injusti\u00e7a racial, ap\u00f3s a morte de George Floyd nas m\u00e3os da pol\u00edcia em Minneapolis. A cidade de Decatur ent\u00e3o pediu a um juiz da Ge\u00f3rgia que ordenasse a remo\u00e7\u00e3o do monumento, que era frequentemente vandalizado e marcado por picha\u00e7\u00f5es, dizendo que ele havia se tornado uma amea\u00e7a \u00e0 seguran\u00e7a p\u00fablica.<\/p>\n<p><em>Copyright 2024 The Associated Press. Todos os direitos reservados. Este material n\u00e3o pode ser publicado, transmitido, reescrito ou redistribu\u00eddo.<\/em><\/p>\n<div class=\"wp-block-newsletter\">\n\t<strong class=\"wp-block-newsletter__title\">Inscreva-se em nossa Newsletter para receber as \u00faltimas not\u00edcias diretamente na sua caixa de entrada<\/strong><\/p>\n<\/div><\/div>\n<p><br \/>\n<br \/><a href=\"https:\/\/wsvn.com\/news\/us-world\/crowd-on-hand-for-unveiling-of-john-lewis-statue-at-spot-where-confederate-monument-once-stood\/\">Source link <\/a><\/p>","protected":false},"excerpt":{"rendered":"<p>DECATUR, Ge\u00f3rgia (AP) \u2014 Uma multid\u00e3o estava presente em um parque municipal na Ge\u00f3rgia no s\u00e1bado para testemunhar a inaugura\u00e7\u00e3o de uma grande est\u00e1tua de bronze do falecido l\u00edder dos&hellip;<\/p>","protected":false},"author":1,"featured_media":28486,"comment_status":"closed","ping_status":"open","sticky":false,"template":"","format":"standard","meta":{"content-type":"","footnotes":""},"categories":[1],"tags":[],"class_list":["post-28485","post","type-post","status-publish","format-standard","has-post-thumbnail","hentry","category-uncategorized"],"_links":{"self":[{"href":"https:\/\/tvbrazilusa.com\/pt\/wp-json\/wp\/v2\/posts\/28485","targetHints":{"allow":["GET"]}}],"collection":[{"href":"https:\/\/tvbrazilusa.com\/pt\/wp-json\/wp\/v2\/posts"}],"about":[{"href":"https:\/\/tvbrazilusa.com\/pt\/wp-json\/wp\/v2\/types\/post"}],"author":[{"embeddable":true,"href":"https:\/\/tvbrazilusa.com\/pt\/wp-json\/wp\/v2\/users\/1"}],"replies":[{"embeddable":true,"href":"https:\/\/tvbrazilusa.com\/pt\/wp-json\/wp\/v2\/comments?post=28485"}],"version-history":[{"count":1,"href":"https:\/\/tvbrazilusa.com\/pt\/wp-json\/wp\/v2\/posts\/28485\/revisions"}],"predecessor-version":[{"id":28487,"href":"https:\/\/tvbrazilusa.com\/pt\/wp-json\/wp\/v2\/posts\/28485\/revisions\/28487"}],"wp:featuredmedia":[{"embeddable":true,"href":"https:\/\/tvbrazilusa.com\/pt\/wp-json\/wp\/v2\/media\/28486"}],"wp:attachment":[{"href":"https:\/\/tvbrazilusa.com\/pt\/wp-json\/wp\/v2\/media?parent=28485"}],"wp:term":[{"taxonomy":"category","embeddable":true,"href":"https:\/\/tvbrazilusa.com\/pt\/wp-json\/wp\/v2\/categories?post=28485"},{"taxonomy":"post_tag","embeddable":true,"href":"https:\/\/tvbrazilusa.com\/pt\/wp-json\/wp\/v2\/tags?post=28485"}],"curies":[{"name":"wp","href":"https:\/\/api.w.org\/{rel}","templated":true}]}}