{"id":28649,"date":"2024-08-26T20:29:31","date_gmt":"2024-08-26T20:29:31","guid":{"rendered":"https:\/\/tvbrazilusa.com\/2024\/08\/26\/trump-critica-harris-e-biden-no-aniversario-da-retirada-caotica-do-afeganistao-wsvn-7news-noticias-de-miami-clima-esportes-fort-lauderdale\/"},"modified":"2024-08-26T20:49:11","modified_gmt":"2024-08-26T20:49:11","slug":"trump-critica-harris-e-biden-no-aniversario-da-retirada-caotica-do-afeganistao-wsvn-7news-noticias-de-miami-clima-esportes-fort-lauderdale","status":"publish","type":"post","link":"https:\/\/tvbrazilusa.com\/pt\/2024\/08\/26\/trump-critica-harris-e-biden-no-aniversario-da-retirada-caotica-do-afeganistao-wsvn-7news-noticias-de-miami-clima-esportes-fort-lauderdale\/","title":{"rendered":"Trump critica Harris e Biden no anivers\u00e1rio da retirada ca\u00f3tica do Afeganist\u00e3o &#8211; WSVN 7News | Not\u00edcias de Miami, Clima, Esportes | Fort Lauderdale"},"content":{"rendered":"<p> <script async src=\"https:\/\/pagead2.googlesyndication.com\/pagead\/js\/adsbygoogle.js?client=ca-pub-8864793242727901\"\r\n     crossorigin=\"anonymous\"><\/script><br \/>\n<\/p>\n<div itemprop=\"articleBody\">\n<p>DETROIT (AP) \u2014 O ex-presidente Donald Trump vinculou na segunda-feira a vice-presidente Kamala Harris \u00e0 retirada ca\u00f3tica da Guerra do Afeganist\u00e3o no terceiro anivers\u00e1rio do atentado suicida que matou 13 militares dos EUA, chamando o ataque de &#8220;humilha\u00e7\u00e3o&#8221;.<\/p>\n<p>Trump, o candidato presidencial republicano, depositou coroas de flores no Cemit\u00e9rio Nacional de Arlington em homenagem \u00e0 Sgt. Nicole Gee, ao Sgt. Darin Hoover e ao Sgt. Ryan Knauss, que estavam entre os mortos em um atentado suicida no Aeroporto Internacional Hamid Karzai em 26 de agosto de 2021. O grupo Estado Isl\u00e2mico assumiu a responsabilidade pelo ataque.<\/p>\n<p>\u201cA humilha\u00e7\u00e3o no Afeganist\u00e3o desencadeou o colapso da credibilidade e do respeito americano em todo o mundo\u201d, disse Trump em um discurso na confer\u00eancia da Associa\u00e7\u00e3o da Guarda Nacional dos Estados Unidos em Detroit, mais tarde na segunda-feira.<\/p>\n<p>O governo Biden estava seguindo um compromisso de retirada e um cronograma que o governo Trump havia negociado com o Talib\u00e3 em 2020. Uma revis\u00e3o de 2022 por um investigador especial nomeado pelo governo concluiu que as decis\u00f5es tomadas por Trump e pelo presidente Joe Biden foram os principais fatores que levaram ao r\u00e1pido colapso das for\u00e7as armadas do Afeganist\u00e3o e \u00e0 tomada do poder pelo Talib\u00e3.<\/p>\n<p>Desde que Biden encerrou sua tentativa de reelei\u00e7\u00e3o, Trump tem se concentrado em Harris, agora a candidata presidencial democrata, e em seus pap\u00e9is em decis\u00f5es de pol\u00edtica externa. Ele destacou especificamente as declara\u00e7\u00f5es da vice-presidente de que ela foi a \u00faltima pessoa na sala antes de Biden tomar a decis\u00e3o sobre o Afeganist\u00e3o.<\/p>\n<p>\u201cOs eleitores v\u00e3o demitir Kamala e Joe em 5 de novembro, esperamos, e quando eu assumir o cargo, pediremos a ren\u00fancia de cada oficial\u201d, disse Trump a milhares de soldados da Guarda Nacional. \u201cTeremos a ren\u00fancia de cada oficial s\u00eanior que tocou na calamidade do Afeganist\u00e3o, para estar na minha mesa ao meio-dia no Dia da Posse. Voc\u00ea sabe, voc\u00ea tem que demitir pessoas. Voc\u00ea tem que demitir pessoas quando elas fazem um trabalho ruim.\u201d<\/p>\n<p>Em sua pr\u00f3pria declara\u00e7\u00e3o marcando o anivers\u00e1rio do ataque ao aeroporto de Cabul, Harris disse que lamenta os 13 membros do servi\u00e7o dos EUA que foram mortos. \u201cMinhas ora\u00e7\u00f5es est\u00e3o com suas fam\u00edlias e entes queridos. Meu cora\u00e7\u00e3o se parte por sua dor e sua perda\u201d, disse ela.<\/p>\n<p>Harris disse que homenageia e se lembra de todos os americanos que serviram no Afeganist\u00e3o.<\/p>\n<p>\u201cComo eu disse, o presidente Biden tomou a decis\u00e3o corajosa e correta de encerrar a guerra mais longa da Am\u00e9rica. Nos \u00faltimos tr\u00eas anos, nossa Administra\u00e7\u00e3o demonstrou que ainda podemos eliminar terroristas, incluindo os l\u00edderes da Al-Qaeda e do ISIS, sem tropas mobilizadas em zonas de combate\u201d, disse ela. \u201cNunca hesitarei em tomar qualquer a\u00e7\u00e3o necess\u00e1ria para combater amea\u00e7as terroristas e proteger o povo americano.\u201d<\/p>\n<p>Os parentes de alguns dos militares americanos que foram mortos apareceram no palco da Conven\u00e7\u00e3o Nacional Republicana no m\u00eas passado, dizendo que Biden nunca havia divulgado publicamente os nomes de seus entes queridos.<\/p>\n<p>\u201cJoe Biden se recusou a reconhecer o sacrif\u00edcio deles\u201d, disse Christy Shamblin, a sogra do Sgt. Gee, \u00e0 multid\u00e3o. \u201cDonald Trump sabia o nome de todos os nossos filhos. Ele conhecia todas as suas hist\u00f3rias.\u201d<\/p>\n<p>Em uma declara\u00e7\u00e3o na segunda-feira no anivers\u00e1rio do ataque em Cabul, Biden disse que os 13 americanos que morreram eram &#8220;patriotas no mais alto sentido&#8221; que &#8220;incorporavam o melhor de quem somos como na\u00e7\u00e3o: corajosos, comprometidos, altru\u00edstas&#8221;.<\/p>\n<p>\u201cDesde que me tornei vice-presidente, carreguei comigo todos os dias um cart\u00e3o que listava o n\u00famero exato de militares americanos que foram mortos no Iraque e no Afeganist\u00e3o, incluindo Taylor, Johanny, Nicole, Hunter, Daegan, Humberto, David, Jared, Rylee, Dylan, Kareem, Maxton e Ryan\u201d, disse Biden.<\/p>\n<p>Tamb\u00e9m na segunda-feira, o presidente da C\u00e2mara Mike Johnson, R-La., anunciou que o Congresso homenagear\u00e1 postumamente os 13 membros do servi\u00e7o, presenteando suas fam\u00edlias com a Medalha de Ouro do Congresso no m\u00eas que vem. \u00c9 o maior pr\u00eamio civil que o Congresso pode conceder.<\/p>\n<p>Sob Trump, os Estados Unidos assinaram um acordo de paz com o Talib\u00e3 que visava acabar com a guerra mais longa da Am\u00e9rica e trazer as tropas americanas de volta. Biden mais tarde apontou para esse acordo enquanto tentava desviar a culpa pelo Talib\u00e3 invadir o Afeganist\u00e3o, dizendo que o obrigava a retirar as tropas e preparar o cen\u00e1rio para o caos que tomou conta do pa\u00eds.<\/p>\n<p>Uma revis\u00e3o da retirada feita pelo governo Biden reconheceu que a evacua\u00e7\u00e3o de americanos e aliados do Afeganist\u00e3o deveria ter come\u00e7ado antes, mas atribuiu os atrasos ao governo e aos militares afeg\u00e3os e \u00e0s avalia\u00e7\u00f5es da comunidade militar e de intelig\u00eancia dos EUA.<\/p>\n<p>Os dois principais generais dos EUA que supervisionaram a evacua\u00e7\u00e3o disseram que a administra\u00e7\u00e3o planejou inadequadamente a retirada. O oficial militar de mais alta patente do pa\u00eds na \u00e9poca, o ent\u00e3o presidente do Estado-Maior Conjunto, general Mark Milley, disse aos legisladores no in\u00edcio deste ano que havia instado Biden a manter uma for\u00e7a residual de 2.500 for\u00e7as para dar apoio. Em vez disso, Biden decidiu manter uma for\u00e7a muito menor de 650 que seria limitada a proteger a embaixada dos EUA.<\/p>\n<p><em>Copyright 2024 The Associated Press. Todos os direitos reservados. Este material n\u00e3o pode ser publicado, transmitido, reescrito ou redistribu\u00eddo.<\/em><\/p>\n<div class=\"wp-block-newsletter\">\n\t<strong class=\"wp-block-newsletter__title\">Inscreva-se em nossa Newsletter para receber as \u00faltimas not\u00edcias diretamente na sua caixa de entrada<\/strong><\/p>\n<\/div><\/div>\n<p><br \/>\n<br \/><a href=\"https:\/\/wsvn.com\/news\/politics\/trump-lambastes-harris-and-biden-on-anniversary-of-chaotic-afghanistan-withdrawal\/\">Source link <\/a><\/p>","protected":false},"excerpt":{"rendered":"<p>DETROIT (AP) \u2014 O ex-presidente Donald Trump vinculou na segunda-feira a vice-presidente Kamala Harris \u00e0 retirada ca\u00f3tica da Guerra do Afeganist\u00e3o no terceiro anivers\u00e1rio do atentado suicida que matou 13&hellip;<\/p>","protected":false},"author":1,"featured_media":12547,"comment_status":"closed","ping_status":"open","sticky":false,"template":"","format":"standard","meta":{"content-type":"","footnotes":""},"categories":[1],"tags":[],"class_list":["post-28649","post","type-post","status-publish","format-standard","has-post-thumbnail","hentry","category-uncategorized"],"_links":{"self":[{"href":"https:\/\/tvbrazilusa.com\/pt\/wp-json\/wp\/v2\/posts\/28649","targetHints":{"allow":["GET"]}}],"collection":[{"href":"https:\/\/tvbrazilusa.com\/pt\/wp-json\/wp\/v2\/posts"}],"about":[{"href":"https:\/\/tvbrazilusa.com\/pt\/wp-json\/wp\/v2\/types\/post"}],"author":[{"embeddable":true,"href":"https:\/\/tvbrazilusa.com\/pt\/wp-json\/wp\/v2\/users\/1"}],"replies":[{"embeddable":true,"href":"https:\/\/tvbrazilusa.com\/pt\/wp-json\/wp\/v2\/comments?post=28649"}],"version-history":[{"count":1,"href":"https:\/\/tvbrazilusa.com\/pt\/wp-json\/wp\/v2\/posts\/28649\/revisions"}],"predecessor-version":[{"id":28650,"href":"https:\/\/tvbrazilusa.com\/pt\/wp-json\/wp\/v2\/posts\/28649\/revisions\/28650"}],"wp:featuredmedia":[{"embeddable":true,"href":"https:\/\/tvbrazilusa.com\/pt\/wp-json\/wp\/v2\/media\/12547"}],"wp:attachment":[{"href":"https:\/\/tvbrazilusa.com\/pt\/wp-json\/wp\/v2\/media?parent=28649"}],"wp:term":[{"taxonomy":"category","embeddable":true,"href":"https:\/\/tvbrazilusa.com\/pt\/wp-json\/wp\/v2\/categories?post=28649"},{"taxonomy":"post_tag","embeddable":true,"href":"https:\/\/tvbrazilusa.com\/pt\/wp-json\/wp\/v2\/tags?post=28649"}],"curies":[{"name":"wp","href":"https:\/\/api.w.org\/{rel}","templated":true}]}}