{"id":28679,"date":"2024-08-26T22:13:30","date_gmt":"2024-08-26T22:13:30","guid":{"rendered":"https:\/\/tvbrazilusa.com\/2024\/08\/26\/mspca-procura-adotante-para-gato-idoso-muito-especial\/"},"modified":"2024-08-26T22:18:43","modified_gmt":"2024-08-26T22:18:43","slug":"mspca-procura-adotante-para-gato-idoso-muito-especial","status":"publish","type":"post","link":"https:\/\/tvbrazilusa.com\/pt\/2024\/08\/26\/mspca-procura-adotante-para-gato-idoso-muito-especial\/","title":{"rendered":"MSPCA procura adotante para gato idoso &#8216;muito especial&#8217;"},"content":{"rendered":"<p> <script async src=\"https:\/\/pagead2.googlesyndication.com\/pagead\/js\/adsbygoogle.js?client=ca-pub-8864793242727901\"\r\n     crossorigin=\"anonymous\"><\/script><br \/>\n<\/p>\n<div id=\"\">\n<header class=\"m-article-header m-article-header--standard\">\n\t\t\t\t\t\t\t\t\t\t\t\t<span id=\"article-header-primary-term\"><br \/>\n\t\t\t\t\t\t\t\t<a class=\"a-term a-term--primary\" href=\"https:\/\/www.boston.com\/tag\/local-news\/\"><\/p>\n<p>\t\t\t\t\t\t\t\tNot\u00edcias locais\t\t\t\t\t\t\t\t<\/a><br \/>\n\t\t\t\t\t\t\t<\/span><\/p>\n<h2 class=\"m-article-header__sub-headline\">Mittens, de quinze anos, precisa de um lar, diz a MSPCA.<\/h2>\n<figure class=\"a-photo m-article-header__photo\"><figcaption class=\"a-photo__caption\">\n<p>\tMittens passou meses em um lar adotivo enquanto se recuperava dos ferimentos.<em> Foto cortesia da MSPCA<\/em>\t<\/figcaption><\/figure>\n<\/header>\n<p>Um gato idoso \u201cmuito especial\u201d precisa de um novo dono, disse a Sociedade de Massachusetts para a Preven\u00e7\u00e3o da Crueldade contra os Animais na segunda-feira.<\/p>\n<p>Mittens, 15, precisa de uma \u201ccasa de aposentadoria perfeita\u201d. Ele foi atropelado por um carro em mar\u00e7o, disse a MSPCA em um comunicado. O acidente quebrou suas duas patas dianteiras e sua mand\u00edbula, de acordo com o centro de ado\u00e7\u00e3o. <\/p>\n<p>Os donos de Mittens recusaram o tratamento, &#8220;e foi ent\u00e3o que a pol\u00edcia da MSPCA interveio&#8221;, disse o comunicado.<\/p>\n<p>O vice-presidente de Prote\u00e7\u00e3o Animal da MSPCA, Mike Keiley, disse que as autoridades emitiram um mandado permitindo que a ag\u00eancia de prote\u00e7\u00e3o animal apreendesse Mittens, que estava vivendo no oeste de Massachusetts. <\/p>\n<p>\u201cEstava claro que ele precisava urgentemente de aten\u00e7\u00e3o m\u00e9dica, ent\u00e3o sab\u00edamos que precis\u00e1vamos lev\u00e1-lo para Angell [Animal Medical Center in Boston] o mais r\u00e1pido poss\u00edvel, para que ele pudesse receber o atendimento especializado necess\u00e1rio para viver seus anos dourados com sa\u00fade e felicidade\u201d, disse ele.<\/p>\n<div class=\"wp-block-image\">\n<figure class=\"alignleft size-full is-resized\"><img fetchpriority=\"high\" decoding=\"async\" width=\"2560\" height=\"1920\" src=\"https:\/\/bdc2020.o0bc.com\/wp-content\/uploads\/2024\/08\/Mittens-settling-into-his-foster-home-following-surgery-in-April-credit-66ccf8e1a29c2-scaled.jpg\" alt=\"\" class=\"wp-image-31436341\" style=\"width:372px;height:auto\" srcset=\"https:\/\/bdc2020.o0bc.com\/wp-content\/uploads\/2024\/08\/Mittens-settling-into-his-foster-home-following-surgery-in-April-credit-66ccf8e1a29c2-scaled.jpg?width=200 200w, https:\/\/bdc2020.o0bc.com\/wp-content\/uploads\/2024\/08\/Mittens-settling-into-his-foster-home-following-surgery-in-April-credit-66ccf8e1a29c2-scaled.jpg?width=300 300w, https:\/\/bdc2020.o0bc.com\/wp-content\/uploads\/2024\/08\/Mittens-settling-into-his-foster-home-following-surgery-in-April-credit-66ccf8e1a29c2-scaled.jpg?width=400 400w, https:\/\/bdc2020.o0bc.com\/wp-content\/uploads\/2024\/08\/Mittens-settling-into-his-foster-home-following-surgery-in-April-credit-66ccf8e1a29c2-scaled.jpg?width=500 500w, https:\/\/bdc2020.o0bc.com\/wp-content\/uploads\/2024\/08\/Mittens-settling-into-his-foster-home-following-surgery-in-April-credit-66ccf8e1a29c2-scaled.jpg?width=600 600w, https:\/\/bdc2020.o0bc.com\/wp-content\/uploads\/2024\/08\/Mittens-settling-into-his-foster-home-following-surgery-in-April-credit-66ccf8e1a29c2-scaled.jpg?width=700 700w, https:\/\/bdc2020.o0bc.com\/wp-content\/uploads\/2024\/08\/Mittens-settling-into-his-foster-home-following-surgery-in-April-credit-66ccf8e1a29c2-scaled.jpg?width=800 800w, https:\/\/bdc2020.o0bc.com\/wp-content\/uploads\/2024\/08\/Mittens-settling-into-his-foster-home-following-surgery-in-April-credit-66ccf8e1a29c2-scaled.jpg?width=900 900w\" sizes=\"(max-width: 2560px) 100vw, 2560px\"\/><figcaption class=\"wp-element-caption\">Mittens se acomodando em seu lar adotivo ap\u00f3s cirurgia em abril. Foto cortesia da MSPCA.<\/figcaption><\/figure>\n<\/div>\n<p>De acordo com a MSPCA, seus antigos donos n\u00e3o pagaram uma fian\u00e7a determinada pelo tribunal para manter Mittens, ent\u00e3o a ag\u00eancia assumiu a cust\u00f3dia do gato idoso. Devido \u00e0 sua idade e ferimentos, Keiley explicou, a decis\u00e3o na maioria dos casos como o de Mittens teria sido a eutan\u00e1sia.<\/p>\n<p>\u201cMas Mittens estava sendo mantido como evid\u00eancia viva em uma investiga\u00e7\u00e3o ativa de crueldade animal, e n\u00e3o t\u00ednhamos total propriedade sobre ele porque ele foi apreendido, n\u00e3o entregue\u201d, disse Keiley.<\/p>\n<p>Keiley explicou que os veterin\u00e1rios da MSPCA cuidaram de Mittens e, eventualmente, curaram o gato. A declara\u00e7\u00e3o disse que a MSPCA gastou mais de US$ 20.000 para trazer Mittens de volta \u00e0 boa sa\u00fade no Angell Medical Center. De acordo com Keiley, todos que trataram Mittens no Angell podem atestar sua personalidade amig\u00e1vel.<\/p>\n<p>A declara\u00e7\u00e3o descreve o ambiente de vida ideal para Mittens: uma casa com um cachorro ou outros gatos. Mittens tamb\u00e9m pode ser capaz de lidar com crian\u00e7as gentis por perto. Keiley disse que Mittens ser\u00e1 o \u201ccompanheiro perfeito\u201d para a fam\u00edlia certa.<\/p>\n<p>Voc\u00ea pode adotar Mittens e outros gatos que precisam de um lar amoroso, no <a href=\"https:\/\/www.mspca.org\/events\/dog-adoptathon\/\">Ado\u00e7\u00e3o do Felineanomenon da MSPCA<\/a>. Esta ado\u00e7\u00e3o gratuita vai de 26 a 30 de agosto. Se voc\u00ea gostaria de adotar Mittens, voc\u00ea pode enviar uma solicita\u00e7\u00e3o em <a href=\"http:\/\/mspca.org\/mittens\">mspca.org\/luvas<\/a>.<\/p>\n<p>\u201cAgora que Mittens chegou ao fim dessa jornada, \u00e9 hora de encontrar um final feliz para ele\u201d, disse Keiley.<\/p>\n<div class=\"m-block m-generic-cta\t m-generic-cta--post-content\t m-generic-cta--dark\t m-generic-cta--homepage\t m-generic-cta--email-signup\t\t m-generic-cta-block-style--default \tt-amp__generic-cta\"><\/p>\n<div class=\"m-generic-cta__wrap\">\n<div class=\"m-generic-cta__content\">\n<h3 class=\"m-generic-cta__title\">Boston.com Hoje<\/h3>\n<p class=\"m-generic-cta__subtitle\">Inscreva-se para receber as \u00faltimas manchetes na sua caixa de entrada todas as manh\u00e3s.<\/p>\n<\/p><\/div>\n<\/p><\/div>\n<\/div><\/div>\n<p><script>\n\t\tvar consent=\"grant\";\n\t\t\/* The above code is parsing the JSON data from the local storage and storing it in a variable. *\/\n\t\t\t\t\tconst onetrustStorageConsent = JSON.parse(localStorage.getItem( 'consent_one_trust_bdc' ) );\n\t\t\tif ( ( onetrustStorageConsent !== null ) ) {\n\t\t\t\t\/* Checking to see if the user has consented to the use of cookies.\n\t\t\t\t* If they have not, it is deleting the cookie.\n\t\t\t\t* This will comment for now, until further notice.\n\t\t\t\t*\/\n\t\t\t\t\/\/if ( onetrustStorageConsent.C0002 === false ) {\n\t\t\t\t\/\/\tdocument.cookie=\"_fbp=;expires=Thu, 01 Jan 2010 00:00:00 UTC; path=\/; domain=.boston.com\";\n\t\t\t\t\/\/}\n\t\t\t\t\/* Checking if the user has given consent for the cookie C0002.\n\t\t\t\t* If the user has given consent, the variable consent will be set to 'grant'.\n\t\t\t\t* If the user has not given consent,the variable consent will be set to 'revoke'.\n\t\t\t\t* Documentation https:\/\/developers.facebook.com\/docs\/meta-pixel\/implementation\/gdpr\n\t\t\t\t*\/\n\t\t\t\tif ( onetrustStorageConsent.C0002 !== true ) {\n\t\t\t\t\tconsent=\"revoke\";\n\t\t\t\t}\n\t\t\t}\n\t\t\t\t!function(f,b,e,v,n,t,s)\n\t\t{if(f.fbq)return;n=f.fbq=function(){n.callMethod?\n\t\tn.callMethod.apply(n,arguments):n.queue.push(arguments)};\n\t\tif(!f._fbq)f._fbq=n;n.push=n;n.loaded=!0;n.version='2.0';\n\t\tn.queue=[];t=b.createElement(e);t.async=!0;\n\t\tt.src=v;s=b.getElementsByTagName(e)[0];\n\t\ts.parentNode.insertBefore(t,s)}(window, document,'script',\n\t\t'https:\/\/connect.facebook.net\/en_US\/fbevents.js');\n\t\tfbq('consent', consent);\n\t\tfbq('init', '989222871864976');\n\t\tfbq('track', 'PageView');\n\t<\/script><script type=\"module\">\n\t\tvar consent=\"grant\";\n\t\t\/* The above code is parsing the JSON data from the local storage and storing it in a variable. *\/\n\t\t\tconst onetrustStorageConsent = JSON.parse(localStorage.getItem( 'consent_one_trust_bdc' ) );\n\t\t\t\/* Checking to see if the user has consented to the use of cookies.\n\t\t\t* If they have not, it is deleting the cookie.\n\t\t\t* This will comment for now, until further notice.\n\t\t\t*\/\n\t\t\t\/\/if ( onetrustStorageConsent.C0002 === false ) {\n\t\t\t\/\/\tdocument.cookie=\"_fbp=;expires=Thu, 01 Jan 2010 00:00:00 UTC; path=\/; domain=.boston.com\";\n\t\t\t\/\/}\n\t\t\t\/* Checking if the user has given consent for the cookie C0002.\n\t\t\t* If the user has given consent, the variable consent will be set to 'grant'.\n\t\t\t* If the user has not given consent,the variable consent will be set to 'revoke'.\n\t\t\t* Documentation https:\/\/developers.facebook.com\/docs\/meta-pixel\/implementation\/gdpr\n\t\t\t*\/\n\t\t\tif ( ( onetrustStorageConsent !== null ) && (onetrustStorageConsent.C0002 !== true ) ) {\n\t\t\t\tconsent=\"revoke\";\n\t\t\t}\n\t\t\t\t!function(f,b,e,v,n,t,s){if(f.fbq)return;n=f.fbq=function()\n\t\t{n.callMethod? n.callMethod.apply(n,arguments):n.queue.push(arguments)}\n\t\t;if(!f._fbq)f._fbq=n;\n\t\tn.push=n;n.loaded=!0;n.version='2.0';n.queue=[];t=b.createElement(e);t.async=!0;\n\t\tt.src=v;s=b.getElementsByTagName(e)[0];s.parentNode.insertBefore(t,s)}(window,\n\t\tdocument,'script','https:\/\/connect.facebook.net\/en_US\/fbevents.js');\n\t\tfbq('consent', consent);\n\t\tfbq('init', '813236348753005');\n\t\tfbq('track', \"PageView\");\n\t<\/script><br \/>\n<br \/><br \/>\n<br \/><a href=\"https:\/\/www.boston.com\/news\/local-news\/2024\/08\/26\/mspca-seeking-adopter-for-very-special-senior-cat\/\">Source link <\/a><\/p>","protected":false},"excerpt":{"rendered":"<p>Not\u00edcias locais Mittens, de quinze anos, precisa de um lar, diz a MSPCA. Mittens passou meses em um lar adotivo enquanto se recuperava dos ferimentos. Foto cortesia da MSPCA Um&hellip;<\/p>","protected":false},"author":1,"featured_media":28680,"comment_status":"closed","ping_status":"open","sticky":false,"template":"","format":"standard","meta":{"content-type":"","footnotes":""},"categories":[1],"tags":[],"class_list":["post-28679","post","type-post","status-publish","format-standard","has-post-thumbnail","hentry","category-uncategorized"],"_links":{"self":[{"href":"https:\/\/tvbrazilusa.com\/pt\/wp-json\/wp\/v2\/posts\/28679","targetHints":{"allow":["GET"]}}],"collection":[{"href":"https:\/\/tvbrazilusa.com\/pt\/wp-json\/wp\/v2\/posts"}],"about":[{"href":"https:\/\/tvbrazilusa.com\/pt\/wp-json\/wp\/v2\/types\/post"}],"author":[{"embeddable":true,"href":"https:\/\/tvbrazilusa.com\/pt\/wp-json\/wp\/v2\/users\/1"}],"replies":[{"embeddable":true,"href":"https:\/\/tvbrazilusa.com\/pt\/wp-json\/wp\/v2\/comments?post=28679"}],"version-history":[{"count":1,"href":"https:\/\/tvbrazilusa.com\/pt\/wp-json\/wp\/v2\/posts\/28679\/revisions"}],"predecessor-version":[{"id":28681,"href":"https:\/\/tvbrazilusa.com\/pt\/wp-json\/wp\/v2\/posts\/28679\/revisions\/28681"}],"wp:featuredmedia":[{"embeddable":true,"href":"https:\/\/tvbrazilusa.com\/pt\/wp-json\/wp\/v2\/media\/28680"}],"wp:attachment":[{"href":"https:\/\/tvbrazilusa.com\/pt\/wp-json\/wp\/v2\/media?parent=28679"}],"wp:term":[{"taxonomy":"category","embeddable":true,"href":"https:\/\/tvbrazilusa.com\/pt\/wp-json\/wp\/v2\/categories?post=28679"},{"taxonomy":"post_tag","embeddable":true,"href":"https:\/\/tvbrazilusa.com\/pt\/wp-json\/wp\/v2\/tags?post=28679"}],"curies":[{"name":"wp","href":"https:\/\/api.w.org\/{rel}","templated":true}]}}