{"id":28721,"date":"2024-08-27T00:50:58","date_gmt":"2024-08-27T00:50:58","guid":{"rendered":"https:\/\/tvbrazilusa.com\/2024\/08\/27\/homem-e-acusado-de-esfaquear-mortalmente-o-sobrinho-durante-briga-em-apartamento-em-new-bedford\/"},"modified":"2024-08-27T00:53:28","modified_gmt":"2024-08-27T00:53:28","slug":"homem-e-acusado-de-esfaquear-mortalmente-o-sobrinho-durante-briga-em-apartamento-em-new-bedford","status":"publish","type":"post","link":"https:\/\/tvbrazilusa.com\/pt\/2024\/08\/27\/homem-e-acusado-de-esfaquear-mortalmente-o-sobrinho-durante-briga-em-apartamento-em-new-bedford\/","title":{"rendered":"Homem \u00e9 acusado de esfaquear mortalmente o sobrinho durante briga em apartamento em New Bedford"},"content":{"rendered":"<p> <script async src=\"https:\/\/pagead2.googlesyndication.com\/pagead\/js\/adsbygoogle.js?client=ca-pub-8864793242727901\"\r\n     crossorigin=\"anonymous\"><\/script><br \/>\n<\/p>\n<div id=\"\">\n<header class=\"m-article-header m-article-header--standard\">\n\t\t\t\t\t\t\t\t\t\t\t\t<span id=\"article-header-primary-term\"><br \/>\n\t\t\t\t\t\t\t\t<a class=\"a-term a-term--primary\" href=\"https:\/\/www.boston.com\/tag\/local-news\/\"><\/p>\n<p>\t\t\t\t\t\t\t\tNot\u00edcias locais\t\t\t\t\t\t\t\t<\/a><br \/>\n\t\t\t\t\t\t\t<\/span><\/p>\n<h2 class=\"m-article-header__sub-headline\">Juan Padilla-Santana se declarou inocente do assassinato de Omil Padilla-Corsino.<\/h2>\n<figure class=\"a-photo m-article-header__photo\"><figcaption class=\"a-photo__caption\">\n\t<em> <\/em>\t<\/figcaption><\/figure>\n<\/header>\n<p>Um homem de 42 anos enfrenta acusa\u00e7\u00f5es de assassinato em <a href=\"https:\/\/www.boston.com\/news\/crime\/2024\/08\/25\/homicide-investigation-underway-in-new-bedford\/\">morte do sobrinho<\/a> \u00e9 acusado de esfaquear o jovem de 23 anos em uma briga que aconteceu no s\u00e1bado no apartamento de New Bedford onde ambos moravam, de acordo com registros do tribunal.<\/p>\n<p>Juan Padilla-Santana se declarou inocente na segunda-feira de uma acusa\u00e7\u00e3o de assassinato na morte de seu sobrinho, Omil Padilla-Corsino. Seu advogado, Edward Molari, disse em uma declara\u00e7\u00e3o que &#8220;por todos os relatos coletados pelas autoridades, foi o Sr. Omil Padilla-Corsino (a suposta v\u00edtima) quem iniciou o confronto f\u00edsico com o Sr. Padilla-Santana. Este \u00e9 claramente um caso de leg\u00edtima defesa e defesa de outros, e esperamos que a investiga\u00e7\u00e3o demonstre isso.&#8221;<\/p>\n<p>A pol\u00edcia de New Bedford respondeu a uma chamada para o 911 relatando o esfaqueamento no apartamento da South Street por volta das 13h33 de s\u00e1bado, de acordo com um relat\u00f3rio policial. Enquanto os policiais estavam a caminho, uma segunda chamada para o 911 veio de um homem que disse ser tio da v\u00edtima, dizendo que eles tiveram uma discuss\u00e3o. <\/p>\n<p>De acordo com o relat\u00f3rio policial, o homem n\u00e3o forneceu informa\u00e7\u00f5es adicionais, mas \u201cgritou repetidamente por uma ambul\u00e2ncia\u201d.<\/p>\n<p>No local, os primeiros socorristas encontraram Padilla-Corsino no apartamento sofrendo do que pareciam ser m\u00faltiplas facadas. Ele foi levado para um hospital local, onde mais tarde foi declarado morto. <\/p>\n<p>Padilla-Corsino morava no apartamento com sua namorada, Yaniksei Santos, com quem ele estava esperando um filho, e sua m\u00e3e, Yasira Rodriguez, que est\u00e1 namorando seu tio, de acordo com o relat\u00f3rio policial. Padilla-Santana tinha se mudado recentemente para o apartamento de dois quartos na semana anterior, chegando de Porto Rico.<\/p>\n<p>De acordo com o relat\u00f3rio policial, Padilla-Corsino e Santos planejaram fazer seu ch\u00e1 de beb\u00ea no dia em que o esfaqueamento ocorreu. Santos disse aos policiais que o rapaz de 23 anos lhe disse que &#8220;tinha um mau pressentimento&#8221; sobre o dia e que n\u00e3o gostava de ter seu tio no apartamento. O jovem casal teria discutido durante toda a manh\u00e3, de acordo com o relat\u00f3rio policial. Em um ponto, Rodriguez teria dito a Padilla-Corsino que ele teria que sair do apartamento quando ele e sua filha &#8220;continuaram a brigar&#8221;. <\/p>\n<p>Santos disse \u00e0 pol\u00edcia que Padilla-Corsino ficou chateado, disse que pagava aluguel e n\u00e3o poderia ser expulso, e que a discuss\u00e3o continuou quando Padilla-Santana saiu de um quarto. <\/p>\n<p>\u201cPadilla-Corsino disse algo como: &#8216;Se voc\u00ea vai me expulsar logo, eu lhe darei outro motivo&#8217; enquanto dava um soco em Juan\u201d, afirma o relat\u00f3rio policial.<\/p>\n<p>A m\u00e3e e a filha tentaram separar os dois homens e, enquanto faziam isso, Santos disse \u00e0 pol\u00edcia que viu o namorado sangrando no est\u00f4mago.<\/p>\n<p>Santos e Rodriguez disseram aos policiais que n\u00e3o viram nenhuma faca durante a briga.<\/p>\n<p>De acordo com o relat\u00f3rio policial, Santos disse aos policiais que Padilla-Santana e Padilla-Corsino haviam brigado h\u00e1 v\u00e1rios meses em Porto Rico. <\/p>\n<p>Ap\u00f3s o esfaqueamento de s\u00e1bado, Padilla-Santana falou com os investigadores, renunciando aos seus direitos Miranda, de acordo com a pol\u00edcia. Ele disse a eles que estava ao telefone com sua irm\u00e3 no quarto que dividia com Rodriguez quando ouviu seu sobrinho discutindo com as duas mulheres. Ele disse \u00e0 pol\u00edcia que estava saindo do quarto quando seu sobrinho o socou primeiro no lado e depois na cabe\u00e7a.<\/p>\n<p>\u201cJuan n\u00e3o sabia se Padilla-Corsino tinha uma faca, mas Juan negou ter uma faca em qualquer momento\u201d, afirma o relat\u00f3rio policial. \u201cEle afirmou que o que aconteceu com Padilla-Corsino aconteceu porque Juan estava se defendendo.\u201d <\/p>\n<p>Padilla-Santana disse \u00e0 pol\u00edcia que depois viu uma faca no ch\u00e3o, na entrada do quarto, pegou-a, colocou-a sob um pano e deixou-a em cima de uma penteadeira no quarto que ele e Rodriguez dividiam.<\/p>\n<p>A pol\u00edcia disse que, ao revistar o apartamento, eles encontraram a faca na penteadeira. <\/p>\n<p>Padilla-Santana foi detido sem fian\u00e7a em sua acusa\u00e7\u00e3o na segunda-feira. Ele retornar\u00e1 ao tribunal para uma audi\u00eancia em 30 de setembro.<\/p>\n<div class=\"m-block m-generic-cta\t m-generic-cta--post-content\t m-generic-cta--dark\t m-generic-cta--homepage\t m-generic-cta--email-signup\t\t m-generic-cta-block-style--default \tt-amp__generic-cta\"><\/p>\n<div class=\"m-generic-cta__wrap\">\n<div class=\"m-generic-cta__content\">\n<h3 class=\"m-generic-cta__title\">Boston.com Hoje<\/h3>\n<p class=\"m-generic-cta__subtitle\">Inscreva-se para receber as \u00faltimas manchetes na sua caixa de entrada todas as manh\u00e3s.<\/p>\n<\/p><\/div>\n<\/p><\/div>\n<\/div><\/div>\n<p><script>\n\t\tvar consent=\"grant\";\n\t\t\/* The above code is parsing the JSON data from the local storage and storing it in a variable. *\/\n\t\t\t\t\tconst onetrustStorageConsent = JSON.parse(localStorage.getItem( 'consent_one_trust_bdc' ) );\n\t\t\tif ( ( onetrustStorageConsent !== null ) ) {\n\t\t\t\t\/* Checking to see if the user has consented to the use of cookies.\n\t\t\t\t* If they have not, it is deleting the cookie.\n\t\t\t\t* This will comment for now, until further notice.\n\t\t\t\t*\/\n\t\t\t\t\/\/if ( onetrustStorageConsent.C0002 === false ) {\n\t\t\t\t\/\/\tdocument.cookie=\"_fbp=;expires=Thu, 01 Jan 2010 00:00:00 UTC; path=\/; domain=.boston.com\";\n\t\t\t\t\/\/}\n\t\t\t\t\/* Checking if the user has given consent for the cookie C0002.\n\t\t\t\t* If the user has given consent, the variable consent will be set to 'grant'.\n\t\t\t\t* If the user has not given consent,the variable consent will be set to 'revoke'.\n\t\t\t\t* Documentation https:\/\/developers.facebook.com\/docs\/meta-pixel\/implementation\/gdpr\n\t\t\t\t*\/\n\t\t\t\tif ( onetrustStorageConsent.C0002 !== true ) {\n\t\t\t\t\tconsent=\"revoke\";\n\t\t\t\t}\n\t\t\t}\n\t\t\t\t!function(f,b,e,v,n,t,s)\n\t\t{if(f.fbq)return;n=f.fbq=function(){n.callMethod?\n\t\tn.callMethod.apply(n,arguments):n.queue.push(arguments)};\n\t\tif(!f._fbq)f._fbq=n;n.push=n;n.loaded=!0;n.version='2.0';\n\t\tn.queue=[];t=b.createElement(e);t.async=!0;\n\t\tt.src=v;s=b.getElementsByTagName(e)[0];\n\t\ts.parentNode.insertBefore(t,s)}(window, document,'script',\n\t\t'https:\/\/connect.facebook.net\/en_US\/fbevents.js');\n\t\tfbq('consent', consent);\n\t\tfbq('init', '989222871864976');\n\t\tfbq('track', 'PageView');\n\t<\/script><script type=\"module\">\n\t\tvar consent=\"grant\";\n\t\t\/* The above code is parsing the JSON data from the local storage and storing it in a variable. *\/\n\t\t\tconst onetrustStorageConsent = JSON.parse(localStorage.getItem( 'consent_one_trust_bdc' ) );\n\t\t\t\/* Checking to see if the user has consented to the use of cookies.\n\t\t\t* If they have not, it is deleting the cookie.\n\t\t\t* This will comment for now, until further notice.\n\t\t\t*\/\n\t\t\t\/\/if ( onetrustStorageConsent.C0002 === false ) {\n\t\t\t\/\/\tdocument.cookie=\"_fbp=;expires=Thu, 01 Jan 2010 00:00:00 UTC; path=\/; domain=.boston.com\";\n\t\t\t\/\/}\n\t\t\t\/* Checking if the user has given consent for the cookie C0002.\n\t\t\t* If the user has given consent, the variable consent will be set to 'grant'.\n\t\t\t* If the user has not given consent,the variable consent will be set to 'revoke'.\n\t\t\t* Documentation https:\/\/developers.facebook.com\/docs\/meta-pixel\/implementation\/gdpr\n\t\t\t*\/\n\t\t\tif ( ( onetrustStorageConsent !== null ) && (onetrustStorageConsent.C0002 !== true ) ) {\n\t\t\t\tconsent=\"revoke\";\n\t\t\t}\n\t\t\t\t!function(f,b,e,v,n,t,s){if(f.fbq)return;n=f.fbq=function()\n\t\t{n.callMethod? n.callMethod.apply(n,arguments):n.queue.push(arguments)}\n\t\t;if(!f._fbq)f._fbq=n;\n\t\tn.push=n;n.loaded=!0;n.version='2.0';n.queue=[];t=b.createElement(e);t.async=!0;\n\t\tt.src=v;s=b.getElementsByTagName(e)[0];s.parentNode.insertBefore(t,s)}(window,\n\t\tdocument,'script','https:\/\/connect.facebook.net\/en_US\/fbevents.js');\n\t\tfbq('consent', consent);\n\t\tfbq('init', '813236348753005');\n\t\tfbq('track', \"PageView\");\n\t<\/script><br \/>\n<br \/><br \/>\n<br \/><a href=\"https:\/\/www.boston.com\/news\/local-news\/2024\/08\/26\/man-accused-of-fatally-stabbing-nephew-during-altercation-in-new-bedford-apartment\/\">Source link <\/a><\/p>","protected":false},"excerpt":{"rendered":"<p>Not\u00edcias locais Juan Padilla-Santana se declarou inocente do assassinato de Omil Padilla-Corsino. Um homem de 42 anos enfrenta acusa\u00e7\u00f5es de assassinato em morte do sobrinho \u00e9 acusado de esfaquear o&hellip;<\/p>","protected":false},"author":1,"featured_media":28722,"comment_status":"closed","ping_status":"open","sticky":false,"template":"","format":"standard","meta":{"content-type":"","footnotes":""},"categories":[1],"tags":[],"class_list":["post-28721","post","type-post","status-publish","format-standard","has-post-thumbnail","hentry","category-uncategorized"],"_links":{"self":[{"href":"https:\/\/tvbrazilusa.com\/pt\/wp-json\/wp\/v2\/posts\/28721","targetHints":{"allow":["GET"]}}],"collection":[{"href":"https:\/\/tvbrazilusa.com\/pt\/wp-json\/wp\/v2\/posts"}],"about":[{"href":"https:\/\/tvbrazilusa.com\/pt\/wp-json\/wp\/v2\/types\/post"}],"author":[{"embeddable":true,"href":"https:\/\/tvbrazilusa.com\/pt\/wp-json\/wp\/v2\/users\/1"}],"replies":[{"embeddable":true,"href":"https:\/\/tvbrazilusa.com\/pt\/wp-json\/wp\/v2\/comments?post=28721"}],"version-history":[{"count":1,"href":"https:\/\/tvbrazilusa.com\/pt\/wp-json\/wp\/v2\/posts\/28721\/revisions"}],"predecessor-version":[{"id":28723,"href":"https:\/\/tvbrazilusa.com\/pt\/wp-json\/wp\/v2\/posts\/28721\/revisions\/28723"}],"wp:featuredmedia":[{"embeddable":true,"href":"https:\/\/tvbrazilusa.com\/pt\/wp-json\/wp\/v2\/media\/28722"}],"wp:attachment":[{"href":"https:\/\/tvbrazilusa.com\/pt\/wp-json\/wp\/v2\/media?parent=28721"}],"wp:term":[{"taxonomy":"category","embeddable":true,"href":"https:\/\/tvbrazilusa.com\/pt\/wp-json\/wp\/v2\/categories?post=28721"},{"taxonomy":"post_tag","embeddable":true,"href":"https:\/\/tvbrazilusa.com\/pt\/wp-json\/wp\/v2\/tags?post=28721"}],"curies":[{"name":"wp","href":"https:\/\/api.w.org\/{rel}","templated":true}]}}