{"id":28727,"date":"2024-08-27T01:10:13","date_gmt":"2024-08-27T01:10:13","guid":{"rendered":"https:\/\/tvbrazilusa.com\/2024\/08\/27\/mae-e-irma-de-mariah-carey-morrem-no-mesmo-dia-cantora-diz-que-seu-coracao-esta-partido\/"},"modified":"2024-08-27T01:15:25","modified_gmt":"2024-08-27T01:15:25","slug":"mae-e-irma-de-mariah-carey-morrem-no-mesmo-dia-cantora-diz-que-seu-coracao-esta-partido","status":"publish","type":"post","link":"https:\/\/tvbrazilusa.com\/pt\/2024\/08\/27\/mae-e-irma-de-mariah-carey-morrem-no-mesmo-dia-cantora-diz-que-seu-coracao-esta-partido\/","title":{"rendered":"M\u00e3e e irm\u00e3 de Mariah Carey morrem no mesmo dia; cantora diz que seu &#8216;cora\u00e7\u00e3o est\u00e1 partido&#8217;"},"content":{"rendered":"<p> <script async src=\"https:\/\/pagead2.googlesyndication.com\/pagead\/js\/adsbygoogle.js?client=ca-pub-8864793242727901\"\r\n     crossorigin=\"anonymous\"><\/script><br \/>\n<\/p>\n<div id=\"\">\n<header class=\"m-article-header m-article-header--standard\">\n\t\t\t\t\t\t\t\t\t\t\t\t<span id=\"article-header-primary-term\"><br \/>\n\t\t\t\t\t\t\t\t<a class=\"a-term a-term--primary\" href=\"https:\/\/www.boston.com\/tag\/celebs\/\"><\/p>\n<p>\t\t\t\t\t\t\t\tCelebridades\t\t\t\t\t\t\t\t<\/a><br \/>\n\t\t\t\t\t\t\t<\/span><\/p>\n<h2 class=\"m-article-header__sub-headline\"\/>\n<figure class=\"a-photo m-article-header__photo\"><figcaption class=\"a-photo__caption\">\n<p>\tARQUIVO &#8211; Mariah Carey comparece \u00e0 terceira cerim\u00f4nia anual Recording Academy Honors em Los Angeles, em 1\u00ba de fevereiro de 2024.<em> AP Photo\/Damian Dovarganes, Arquivo<\/em>\t<\/figcaption><\/figure>\n<div class=\"m-article-header__meta\">\n<div class=\"m-article-header__byline\">\n<p class=\"m-article-header__author\">\n<p>\t\t\t\t\t\t\t\tPor KAITLYN HUAMANI, Associated Press\t\t\t\t\t\t\t<\/p>\n<p>\t\t\t\t\t\t    \t\t\t\t\t\t\t<time class=\"m-article-header__date\"><\/p>\n<p>        \t\t\t\t\t\t\t26 de agosto de 2024    \t\t\t\t\t\t\t<\/time><\/p><\/div>\n<\/p><\/div>\n<\/header>\n<p>LOS ANGELES (AP) \u2014 A m\u00e3e de Mariah Carey, Patricia, e a irm\u00e3 Alison morreram no mesmo dia, disse a cantora na segunda-feira.<\/p>\n<p>\u201cMeu cora\u00e7\u00e3o est\u00e1 partido por ter perdido minha m\u00e3e no \u00faltimo fim de semana. Infelizmente, em uma tr\u00e1gica reviravolta de eventos, minha irm\u00e3 perdeu a vida no mesmo dia\u201d, disse a cantora vencedora do Grammy em uma declara\u00e7\u00e3o.<\/p>\n<p>\u201cSinto-me aben\u00e7oada por ter conseguido passar a \u00faltima semana com minha m\u00e3e antes de ela falecer\u201d, continuou a declara\u00e7\u00e3o. \u201cAgrade\u00e7o o amor, o apoio e o respeito de todos pela minha privacidade durante esse momento imposs\u00edvel.\u201d<\/p>\n<p>O Times Union informou na segunda-feira que Alison, que estava bastante afastada de Carey, morreu aos 63 anos devido a complica\u00e7\u00f5es no funcionamento de seus \u00f3rg\u00e3os e que ela estava sob cuidados paliativos.<\/p>\n<p>A revista People foi a primeira a relatar a not\u00edcia da morte deles e a declara\u00e7\u00e3o de Carey.<\/p>\n<p>Patricia era uma cantora de \u00f3pera formada na Juilliard, a quem Carey atribui inspira\u00e7\u00e3o desde jovem.<\/p>\n<p>\u201cEu cantava pequenas can\u00e7\u00f5es pela casa, para a alegria da minha m\u00e3e. E ela sempre me encorajou\u201d, ela escreveu em suas mem\u00f3rias de 2020, \u201cThe Meaning of Mariah Carey\u201d.<\/p>\n<p>Patricia foi casada anteriormente com Alfred Roy Carey, o pai da cantora. Os pais se divorciaram quando a cantora de \u201cVision of Love\u201d tinha 3 anos. Carey cresceu no Condado de Suffolk, em Long Island, e viveu principalmente com sua m\u00e3e ap\u00f3s o div\u00f3rcio de seus pais. Seu pai morreu de c\u00e2ncer em 2002, aos 72 anos.<\/p>\n<p>Carey detalhou seu relacionamento complicado com sua m\u00e3e e sua irm\u00e3 em suas mem\u00f3rias, nas quais ela escreveu que ela e sua m\u00e3e frequentemente brigavam, fazendo com que ela sentisse &#8220;muita dor e confus\u00e3o&#8221;, e acusou sua irm\u00e3 de coloc\u00e1-la em situa\u00e7\u00f5es inseguras quando crian\u00e7a.<\/p>\n<p>\u201cComo muitos aspectos da minha vida, minha jornada com minha m\u00e3e tem sido cheia de contradi\u00e7\u00f5es e realidades concorrentes. Nunca foi apenas preto e branco \u2014 tem sido um arco-\u00edris inteiro de emo\u00e7\u00f5es\u201d, escreveu Carey no livro. \u201cNosso relacionamento \u00e9 uma corda espinhosa de orgulho, dor, vergonha, gratid\u00e3o, ci\u00fame, admira\u00e7\u00e3o e decep\u00e7\u00e3o. Um amor complicado amarra meu cora\u00e7\u00e3o ao da minha m\u00e3e.\u201d<\/p>\n<p>Carey manteve contato com sua m\u00e3e e at\u00e9 gravou um dueto de \u201cO Come All Ye Faithful\/Hallelujah Chorus\u201d para o segundo \u00e1lbum de Natal da cantora em 2010.<\/p>\n<\/p><\/div>\n<p><script>\n\t\tvar consent=\"grant\";\n\t\t\/* The above code is parsing the JSON data from the local storage and storing it in a variable. *\/\n\t\t\t\t\tconst onetrustStorageConsent = JSON.parse(localStorage.getItem( 'consent_one_trust_bdc' ) );\n\t\t\tif ( ( onetrustStorageConsent !== null ) ) {\n\t\t\t\t\/* Checking to see if the user has consented to the use of cookies.\n\t\t\t\t* If they have not, it is deleting the cookie.\n\t\t\t\t* This will comment for now, until further notice.\n\t\t\t\t*\/\n\t\t\t\t\/\/if ( onetrustStorageConsent.C0002 === false ) {\n\t\t\t\t\/\/\tdocument.cookie=\"_fbp=;expires=Thu, 01 Jan 2010 00:00:00 UTC; path=\/; domain=.boston.com\";\n\t\t\t\t\/\/}\n\t\t\t\t\/* Checking if the user has given consent for the cookie C0002.\n\t\t\t\t* If the user has given consent, the variable consent will be set to 'grant'.\n\t\t\t\t* If the user has not given consent,the variable consent will be set to 'revoke'.\n\t\t\t\t* Documentation https:\/\/developers.facebook.com\/docs\/meta-pixel\/implementation\/gdpr\n\t\t\t\t*\/\n\t\t\t\tif ( onetrustStorageConsent.C0002 !== true ) {\n\t\t\t\t\tconsent=\"revoke\";\n\t\t\t\t}\n\t\t\t}\n\t\t\t\t!function(f,b,e,v,n,t,s)\n\t\t{if(f.fbq)return;n=f.fbq=function(){n.callMethod?\n\t\tn.callMethod.apply(n,arguments):n.queue.push(arguments)};\n\t\tif(!f._fbq)f._fbq=n;n.push=n;n.loaded=!0;n.version='2.0';\n\t\tn.queue=[];t=b.createElement(e);t.async=!0;\n\t\tt.src=v;s=b.getElementsByTagName(e)[0];\n\t\ts.parentNode.insertBefore(t,s)}(window, document,'script',\n\t\t'https:\/\/connect.facebook.net\/en_US\/fbevents.js');\n\t\tfbq('consent', consent);\n\t\tfbq('init', '989222871864976');\n\t\tfbq('track', 'PageView');\n\t<\/script><script type=\"module\">\n\t\tvar consent=\"grant\";\n\t\t\/* The above code is parsing the JSON data from the local storage and storing it in a variable. *\/\n\t\t\tconst onetrustStorageConsent = JSON.parse(localStorage.getItem( 'consent_one_trust_bdc' ) );\n\t\t\t\/* Checking to see if the user has consented to the use of cookies.\n\t\t\t* If they have not, it is deleting the cookie.\n\t\t\t* This will comment for now, until further notice.\n\t\t\t*\/\n\t\t\t\/\/if ( onetrustStorageConsent.C0002 === false ) {\n\t\t\t\/\/\tdocument.cookie=\"_fbp=;expires=Thu, 01 Jan 2010 00:00:00 UTC; path=\/; domain=.boston.com\";\n\t\t\t\/\/}\n\t\t\t\/* Checking if the user has given consent for the cookie C0002.\n\t\t\t* If the user has given consent, the variable consent will be set to 'grant'.\n\t\t\t* If the user has not given consent,the variable consent will be set to 'revoke'.\n\t\t\t* Documentation https:\/\/developers.facebook.com\/docs\/meta-pixel\/implementation\/gdpr\n\t\t\t*\/\n\t\t\tif ( ( onetrustStorageConsent !== null ) && (onetrustStorageConsent.C0002 !== true ) ) {\n\t\t\t\tconsent=\"revoke\";\n\t\t\t}\n\t\t\t\t!function(f,b,e,v,n,t,s){if(f.fbq)return;n=f.fbq=function()\n\t\t{n.callMethod? n.callMethod.apply(n,arguments):n.queue.push(arguments)}\n\t\t;if(!f._fbq)f._fbq=n;\n\t\tn.push=n;n.loaded=!0;n.version='2.0';n.queue=[];t=b.createElement(e);t.async=!0;\n\t\tt.src=v;s=b.getElementsByTagName(e)[0];s.parentNode.insertBefore(t,s)}(window,\n\t\tdocument,'script','https:\/\/connect.facebook.net\/en_US\/fbevents.js');\n\t\tfbq('consent', consent);\n\t\tfbq('init', '813236348753005');\n\t\tfbq('track', \"PageView\");\n\t<\/script><br \/>\n<br \/><br \/>\n<br \/><a href=\"https:\/\/www.boston.com\/culture\/celebs\/2024\/08\/26\/mariah-careys-mother-and-sister-died-on-the-same-day-singer-says-her-heart-is-broken\/\">Source link <\/a><\/p>","protected":false},"excerpt":{"rendered":"<p>Celebridades ARQUIVO &#8211; Mariah Carey comparece \u00e0 terceira cerim\u00f4nia anual Recording Academy Honors em Los Angeles, em 1\u00ba de fevereiro de 2024. AP Photo\/Damian Dovarganes, Arquivo Por KAITLYN HUAMANI, Associated&hellip;<\/p>","protected":false},"author":1,"featured_media":28728,"comment_status":"closed","ping_status":"open","sticky":false,"template":"","format":"standard","meta":{"content-type":"","footnotes":""},"categories":[1],"tags":[],"class_list":["post-28727","post","type-post","status-publish","format-standard","has-post-thumbnail","hentry","category-uncategorized"],"_links":{"self":[{"href":"https:\/\/tvbrazilusa.com\/pt\/wp-json\/wp\/v2\/posts\/28727","targetHints":{"allow":["GET"]}}],"collection":[{"href":"https:\/\/tvbrazilusa.com\/pt\/wp-json\/wp\/v2\/posts"}],"about":[{"href":"https:\/\/tvbrazilusa.com\/pt\/wp-json\/wp\/v2\/types\/post"}],"author":[{"embeddable":true,"href":"https:\/\/tvbrazilusa.com\/pt\/wp-json\/wp\/v2\/users\/1"}],"replies":[{"embeddable":true,"href":"https:\/\/tvbrazilusa.com\/pt\/wp-json\/wp\/v2\/comments?post=28727"}],"version-history":[{"count":1,"href":"https:\/\/tvbrazilusa.com\/pt\/wp-json\/wp\/v2\/posts\/28727\/revisions"}],"predecessor-version":[{"id":28729,"href":"https:\/\/tvbrazilusa.com\/pt\/wp-json\/wp\/v2\/posts\/28727\/revisions\/28729"}],"wp:featuredmedia":[{"embeddable":true,"href":"https:\/\/tvbrazilusa.com\/pt\/wp-json\/wp\/v2\/media\/28728"}],"wp:attachment":[{"href":"https:\/\/tvbrazilusa.com\/pt\/wp-json\/wp\/v2\/media?parent=28727"}],"wp:term":[{"taxonomy":"category","embeddable":true,"href":"https:\/\/tvbrazilusa.com\/pt\/wp-json\/wp\/v2\/categories?post=28727"},{"taxonomy":"post_tag","embeddable":true,"href":"https:\/\/tvbrazilusa.com\/pt\/wp-json\/wp\/v2\/tags?post=28727"}],"curies":[{"name":"wp","href":"https:\/\/api.w.org\/{rel}","templated":true}]}}