{"id":28745,"date":"2024-08-27T02:34:31","date_gmt":"2024-08-27T02:34:31","guid":{"rendered":"https:\/\/tvbrazilusa.com\/2024\/08\/27\/advogado-e-familia-de-homem-acusado-de-tentar-matar-um-candidato-local-dizem-que-ele-esta-sendo-acusado-injustamente-wsvn-7news-noticias-de-miami-clima-esportes-fort-lauderdale\/"},"modified":"2024-08-27T02:42:07","modified_gmt":"2024-08-27T02:42:07","slug":"advogado-e-familia-de-homem-acusado-de-tentar-matar-um-candidato-local-dizem-que-ele-esta-sendo-acusado-injustamente-wsvn-7news-noticias-de-miami-clima-esportes-fort-lauderdale","status":"publish","type":"post","link":"https:\/\/tvbrazilusa.com\/pt\/2024\/08\/27\/advogado-e-familia-de-homem-acusado-de-tentar-matar-um-candidato-local-dizem-que-ele-esta-sendo-acusado-injustamente-wsvn-7news-noticias-de-miami-clima-esportes-fort-lauderdale\/","title":{"rendered":"Advogado e fam\u00edlia de homem acusado de tentar matar um candidato local dizem que ele est\u00e1 sendo acusado injustamente &#8211; WSVN 7News | Not\u00edcias de Miami, Clima, Esportes | Fort Lauderdale"},"content":{"rendered":"<p> <script async src=\"https:\/\/pagead2.googlesyndication.com\/pagead\/js\/adsbygoogle.js?client=ca-pub-8864793242727901\"\r\n     crossorigin=\"anonymous\"><\/script><br \/>\n<\/p>\n<div itemprop=\"articleBody\">\n<p>WEST MIAMI-DADE, FL. (WSVN) &#8211; A fam\u00edlia de um homem atr\u00e1s das grades est\u00e1 se manifestando porque, segundo eles, ele est\u00e1 sendo acusado injustamente.<\/p>\n<p>Anthony Mitchell foi preso depois, segundo a pol\u00edcia, de tentar matar um candidato a comiss\u00e1rio.<\/p>\n<p>A pol\u00edcia de Opa-locka foi at\u00e9 o bairro do candidato na semana passada depois que ele disse aos policiais que seus rivais estavam atr\u00e1s dele.<\/p>\n<p>Imagens da c\u00e2mera corporal mostram Christopher Davis, o candidato, dizendo aos policiais que ele havia sido baleado ap\u00f3s se envolver em uma briga.<\/p>\n<p>\u201cQuantos tiros mais ou menos?\u201d, disse o policial que atendeu o chamado.<\/p>\n<p>\u201cMeu vizinho disse que ouviu tr\u00eas tiros\u201d, disse Davis.<\/p>\n<p>\u201cEle atirou em voc\u00ea?\u201d perguntou o policial.<\/p>\n<p>\u201cEle atirou em mim e o buraco de bala est\u00e1 no meu carro como prova\u201d, disse Davis.<\/p>\n<p>Davis mostrou o buraco de bala em seu carro e disse aos policiais que a pessoa por tr\u00e1s do tiroteio era Mitchell.<\/p>\n<p>\u201cE eu estou no banco do motorista, voc\u00ea v\u00ea isso?\u201d, disse Davis.<\/p>\n<p>\u201cAbsolutamente\u201d, disse o oficial.<\/p>\n<p>\u201cEu conhe\u00e7o esses caras\u201d, disse Davis.<\/p>\n<p>Mitchell foi imediatamente preso e acusado de tentativa de homic\u00eddio.<\/p>\n<p>\u201cAnthony vai para a cadeia por atirar em um ve\u00edculo ocupado\u201d, disse o policial.<\/p>\n<p>Mas na segunda-feira, o advogado de Mitchell, Michael Pizzi, e a fam\u00edlia disseram ao 7News que seu ente querido \u00e9 inocente.<\/p>\n<p>\u201cAnthony Mitchell \u00e9 inocente. Ele foi falsamente acusado\u201d, disse Pizzi.<\/p>\n<p>Tommy Johnson, irm\u00e3o de Mitchell, estava sentado ao lado de Pizzi durante a entrevista ao 7News.<\/p>\n<p>\u201cEle balan\u00e7ou!\u201d, disse Johnson.<\/p>\n<p>Johnson disse que foi ele quem inicialmente lutou com Davis antes dos supostos tiros serem disparados.<\/p>\n<p>Mas, de acordo com Davis, ele disse \u00e0 pol\u00edcia que estava planejando reunir cartazes de campanha naquela noite no bairro quando encontrou Johnson e Mitchell. O encontro levou a socos voando no bairro.<\/p>\n<p>\u201cEles arrancaram meus dentes\u201d, Davis disse aos policiais em uma filmagem da c\u00e2mera corporal. \u201cEnquanto eu estava fugindo, o cara atirou em mim.\u201d<\/p>\n<p>Johnson caiu no ch\u00e3o, fazendo com que Mitchell supostamente defendesse seu irm\u00e3o, de acordo com Davis e os policiais, disparando tiros.<\/p>\n<p>Mas Pizzi disse que n\u00e3o \u00e9 esse o caso.<\/p>\n<p>\u201cQualquer sugest\u00e3o de que Anthony Mitchell sequer tocou ou olhou para uma arma de fogo naquela noite \u00e9 uma completa inven\u00e7\u00e3o e mentira\u201d, disse Pizzi.<\/p>\n<p>Mas quando pressionado sobre a origem dos buracos de bala no carro, Pizzi disse que n\u00e3o tinha \u201cnenhuma ideia\u201d.<\/p>\n<p>Pizzi forneceu um v\u00eddeo de celular mostrando seu cliente, Mitchell, dando seu lado \u00e0 pol\u00edcia. O v\u00eddeo mostra Mitchell negando ter atirado ou tido uma arma.<\/p>\n<p>Ele tamb\u00e9m mostrou ao 7News imagens do carro de Davis estacionado na Prefeitura dias ap\u00f3s o suposto tiroteio. Ele disse que o carro deveria ter sido formalmente rebocado, apreendido e processado como evid\u00eancia.<\/p>\n<p>Agora, Pizzi est\u00e1 entrando com uma mo\u00e7\u00e3o para que o caso seja arquivado. Ele aponta para um relat\u00f3rio policial inicial que n\u00e3o nomeia Mitchell como o atirador dentro da narrativa do formul\u00e1rio de pris\u00e3o.<\/p>\n<p>Davis n\u00e3o respondeu imediatamente ao pedido de coment\u00e1rio do 7News.<\/p>\n<p>A cidade de Opa-locka disse que n\u00e3o comentar\u00e1 sobre uma investiga\u00e7\u00e3o pendente.<\/p>\n<p>Mitchell continua atr\u00e1s das grades no Centro Correcional Turner Guilford Knight. <\/p>\n<p><em>Copyright 2024 Sunbeam Television Corp. Todos os direitos reservados. Este material n\u00e3o pode ser publicado, transmitido, reescrito ou redistribu\u00eddo.<\/em><\/p>\n<div class=\"wp-block-newsletter\">\n\t<strong class=\"wp-block-newsletter__title\">Inscreva-se em nossa Newsletter para receber as \u00faltimas not\u00edcias diretamente na sua caixa de entrada<\/strong><\/p>\n<\/div><\/div>\n<p><br \/>\n<br \/><a href=\"https:\/\/wsvn.com\/news\/local\/miami-dade\/attorney-family-of-man-accused-of-trying-to-kill-a-local-candidate-say-he-is-being-wrongly-accused\/\">Source link <\/a><\/p>","protected":false},"excerpt":{"rendered":"<p>WEST MIAMI-DADE, FL. (WSVN) &#8211; A fam\u00edlia de um homem atr\u00e1s das grades est\u00e1 se manifestando porque, segundo eles, ele est\u00e1 sendo acusado injustamente. Anthony Mitchell foi preso depois, segundo&hellip;<\/p>","protected":false},"author":1,"featured_media":28746,"comment_status":"closed","ping_status":"open","sticky":false,"template":"","format":"standard","meta":{"content-type":"","footnotes":""},"categories":[1],"tags":[],"class_list":["post-28745","post","type-post","status-publish","format-standard","has-post-thumbnail","hentry","category-uncategorized"],"_links":{"self":[{"href":"https:\/\/tvbrazilusa.com\/pt\/wp-json\/wp\/v2\/posts\/28745","targetHints":{"allow":["GET"]}}],"collection":[{"href":"https:\/\/tvbrazilusa.com\/pt\/wp-json\/wp\/v2\/posts"}],"about":[{"href":"https:\/\/tvbrazilusa.com\/pt\/wp-json\/wp\/v2\/types\/post"}],"author":[{"embeddable":true,"href":"https:\/\/tvbrazilusa.com\/pt\/wp-json\/wp\/v2\/users\/1"}],"replies":[{"embeddable":true,"href":"https:\/\/tvbrazilusa.com\/pt\/wp-json\/wp\/v2\/comments?post=28745"}],"version-history":[{"count":1,"href":"https:\/\/tvbrazilusa.com\/pt\/wp-json\/wp\/v2\/posts\/28745\/revisions"}],"predecessor-version":[{"id":28747,"href":"https:\/\/tvbrazilusa.com\/pt\/wp-json\/wp\/v2\/posts\/28745\/revisions\/28747"}],"wp:featuredmedia":[{"embeddable":true,"href":"https:\/\/tvbrazilusa.com\/pt\/wp-json\/wp\/v2\/media\/28746"}],"wp:attachment":[{"href":"https:\/\/tvbrazilusa.com\/pt\/wp-json\/wp\/v2\/media?parent=28745"}],"wp:term":[{"taxonomy":"category","embeddable":true,"href":"https:\/\/tvbrazilusa.com\/pt\/wp-json\/wp\/v2\/categories?post=28745"},{"taxonomy":"post_tag","embeddable":true,"href":"https:\/\/tvbrazilusa.com\/pt\/wp-json\/wp\/v2\/tags?post=28745"}],"curies":[{"name":"wp","href":"https:\/\/api.w.org\/{rel}","templated":true}]}}