{"id":28759,"date":"2024-08-27T02:13:03","date_gmt":"2024-08-27T02:13:03","guid":{"rendered":"https:\/\/tvbrazilusa.com\/2024\/08\/27\/governo-biden-pressionou-facebook-a-censurar-americanos-e-ocultar-historia-do-laptop-de-hunter-biden-paulo-figueiredo-tv-florida-usa-a-sua-tv-brasileira-nos-estados-unido\/"},"modified":"2024-08-27T03:15:03","modified_gmt":"2024-08-27T03:15:03","slug":"governo-biden-pressionou-facebook-a-censurar-americanos-e-ocultar-historia-do-laptop-de-hunter-biden-paulo-figueiredo-tv-florida-usa-a-sua-tv-brasileira-nos-estados-unido","status":"publish","type":"post","link":"https:\/\/tvbrazilusa.com\/pt\/2024\/08\/27\/governo-biden-pressionou-facebook-a-censurar-americanos-e-ocultar-historia-do-laptop-de-hunter-biden-paulo-figueiredo-tv-florida-usa-a-sua-tv-brasileira-nos-estados-unido\/","title":{"rendered":"Governo Biden pressionou Facebook a censurar americanos e ocultar hist\u00f3ria do laptop de Hunter Biden \u2013 Paulo Figueiredo \u2013 TV Florida USA \u2013 A sua TV Brasileira nos Estados Unidos"},"content":{"rendered":"<p> <script async src=\"https:\/\/pagead2.googlesyndication.com\/pagead\/js\/adsbygoogle.js?client=ca-pub-8864793242727901\"\r\n     crossorigin=\"anonymous\"><\/script><br \/>\n<\/p>\n<div id=\"wtr-content\" data-bg=\"#FFFFFF\" data-fg=\"#006d91\" data-width=\"25\" data-mute=\"1\" data-fgopacity=\"1.00\" data-mutedopacity=\"0.5\" data-placement=\"bottom\" data-placement-offset=\"0\" data-content-offset=\"262\" data-placement-touch=\"bottom\" data-placement-offset-touch=\"0\" data-transparent=\"\" data-shadow=\"0\" data-touch=\"1\" data-non-touch=\"1\" data-comments=\"0\" data-commentsbg=\"transparent\" data-location=\"page\" data-mutedfg=\"#006d91\" data-endfg=\"#006d91\" data-rtl=\"\">\n<pre class=\"wp-block-preformatted has-small-font-size\">Foto - James Martin\/CNET<\/pre>\n<h3 class=\"wp-block-heading\">Meta revela press\u00e3o do governo Biden para censurar conte\u00fados sobre COVID-19 e oculta\u00e7\u00e3o do caso do laptop de Hunter Biden<\/h3>\n<p>Em uma carta enviada ao Comit\u00ea Judici\u00e1rio da C\u00e2mara dos Representantes dos Estados Unidos, Mark Zuckerberg, fundador e CEO da Meta, fez revela\u00e7\u00f5es contundentes sobre a press\u00e3o que sua empresa sofreu por parte do governo Biden para censurar certos conte\u00fados relacionados \u00e0 COVID-19 e ao caso do laptop de Hunter Biden. A carta, endere\u00e7ada ao presidente do Comit\u00ea, Jim Jordan, revela detalhes sobre como a administra\u00e7\u00e3o Biden, incluindo a pr\u00f3pria Casa Branca, tentou influenciar as pol\u00edticas de modera\u00e7\u00e3o de conte\u00fado da Meta.<\/p>\n<h3 class=\"wp-block-heading\">Press\u00e3o para censurar conte\u00fado relacionado \u00e0 COVID-19<\/h3>\n<p>Zuckerberg afirmou que em 2021, altos funcion\u00e1rios do governo Biden pressionaram repetidamente as equipes da Meta para remover conte\u00fado relacionado \u00e0 COVID-19, incluindo humor e s\u00e1tira. A press\u00e3o governamental gerou grande frustra\u00e7\u00e3o nas equipes da empresa, que muitas vezes discordavam das demandas. Segundo o CEO, a Meta tomou suas pr\u00f3prias decis\u00f5es, incluindo a remo\u00e7\u00e3o de conte\u00fados relacionados \u00e0 pandemia, mas lamentou n\u00e3o ter sido mais enf\u00e1tica em sua resist\u00eancia \u00e0 press\u00e3o do governo. \u201cAcredito que a press\u00e3o do governo foi errada, e lamento que n\u00e3o tenhamos sido mais enf\u00e1ticos contra isso\u201d, escreveu Zuckerberg.<\/p>\n<p>Ele tamb\u00e9m refletiu que, com o benef\u00edcio da retrospectiva e novas informa\u00e7\u00f5es, algumas das decis\u00f5es tomadas na \u00e9poca n\u00e3o seriam as mesmas hoje. O executivo refor\u00e7ou que a Meta est\u00e1 pronta para resistir a qualquer nova tentativa de press\u00e3o governamental no futuro.<\/p>\n<h3 class=\"wp-block-heading\">Oculta\u00e7\u00e3o do caso do laptop de Hunter Biden<\/h3>\n<p>Em um ponto separado da carta, Zuckerberg revelou que o FBI alertou a Meta sobre uma potencial opera\u00e7\u00e3o de desinforma\u00e7\u00e3o russa envolvendo a fam\u00edlia Biden e a Burisma, nas v\u00e9speras das elei\u00e7\u00f5es de 2020. Quando o New York Post publicou uma reportagem sobre alega\u00e7\u00f5es de corrup\u00e7\u00e3o envolvendo Hunter Biden, a Meta encaminhou a hist\u00f3ria para verificadores de fatos e, temporariamente, reduziu a visibilidade do conte\u00fado enquanto aguardava uma resposta. No entanto, posteriormente foi esclarecido que a reportagem n\u00e3o era desinforma\u00e7\u00e3o russa, e Zuckerberg reconheceu que, em retrospectiva, n\u00e3o deveriam ter tomado essa atitude. A Meta revisou suas pol\u00edticas para garantir que situa\u00e7\u00f5es como essa n\u00e3o se repitam.<\/p>\n<p>Zuckerberg ainda abordou suas contribui\u00e7\u00f5es para a infraestrutura eleitoral durante o \u00faltimo ciclo presidencial, destacando que, apesar de suas inten\u00e7\u00f5es de neutralidade, ele decidiu n\u00e3o fazer contribui\u00e7\u00f5es semelhantes neste ciclo eleitoral para evitar qualquer aparente parcialidade.<\/p>\n<div class=\"wp-block-image\">\n<figure class=\"aligncenter size-large\"><\/figure>\n<\/div>\n<\/div>\n<p><br \/>\n<br \/><a href=\"https:\/\/tvfloridausa.com\/2024\/08\/27\/mark-zuckerberg-admite-governo-biden-pressionou-facebook-a-censurar-americanos-e-ocultar-historia-do-laptop-de-hunter-biden-paulo-figueiredo\/\">Source link <\/a><\/p>","protected":false},"excerpt":{"rendered":"<p>Foto &#8211; James Martin\/CNET Meta revela press\u00e3o do governo Biden para censurar conte\u00fados sobre COVID-19 e oculta\u00e7\u00e3o do caso do laptop de Hunter Biden Em uma carta enviada ao Comit\u00ea&hellip;<\/p>","protected":false},"author":1,"featured_media":28760,"comment_status":"closed","ping_status":"open","sticky":false,"template":"","format":"standard","meta":{"content-type":"","footnotes":""},"categories":[22],"tags":[],"class_list":["post-28759","post","type-post","status-publish","format-standard","has-post-thumbnail","hentry","category-tv-florida-usa"],"_links":{"self":[{"href":"https:\/\/tvbrazilusa.com\/pt\/wp-json\/wp\/v2\/posts\/28759","targetHints":{"allow":["GET"]}}],"collection":[{"href":"https:\/\/tvbrazilusa.com\/pt\/wp-json\/wp\/v2\/posts"}],"about":[{"href":"https:\/\/tvbrazilusa.com\/pt\/wp-json\/wp\/v2\/types\/post"}],"author":[{"embeddable":true,"href":"https:\/\/tvbrazilusa.com\/pt\/wp-json\/wp\/v2\/users\/1"}],"replies":[{"embeddable":true,"href":"https:\/\/tvbrazilusa.com\/pt\/wp-json\/wp\/v2\/comments?post=28759"}],"version-history":[{"count":1,"href":"https:\/\/tvbrazilusa.com\/pt\/wp-json\/wp\/v2\/posts\/28759\/revisions"}],"predecessor-version":[{"id":28761,"href":"https:\/\/tvbrazilusa.com\/pt\/wp-json\/wp\/v2\/posts\/28759\/revisions\/28761"}],"wp:featuredmedia":[{"embeddable":true,"href":"https:\/\/tvbrazilusa.com\/pt\/wp-json\/wp\/v2\/media\/28760"}],"wp:attachment":[{"href":"https:\/\/tvbrazilusa.com\/pt\/wp-json\/wp\/v2\/media?parent=28759"}],"wp:term":[{"taxonomy":"category","embeddable":true,"href":"https:\/\/tvbrazilusa.com\/pt\/wp-json\/wp\/v2\/categories?post=28759"},{"taxonomy":"post_tag","embeddable":true,"href":"https:\/\/tvbrazilusa.com\/pt\/wp-json\/wp\/v2\/tags?post=28759"}],"curies":[{"name":"wp","href":"https:\/\/api.w.org\/{rel}","templated":true}]}}