{"id":28827,"date":"2024-08-27T09:17:29","date_gmt":"2024-08-27T09:17:29","guid":{"rendered":"https:\/\/tvbrazilusa.com\/2024\/08\/27\/zuckerberg-admite-pressao-da-administracao-biden-sobre-censura-de-conteudo-da-covid-19-wsvn-7news-noticias-de-miami-clima-esportes-fort-lauderdale\/"},"modified":"2024-08-27T09:21:03","modified_gmt":"2024-08-27T09:21:03","slug":"zuckerberg-admite-pressao-da-administracao-biden-sobre-censura-de-conteudo-da-covid-19-wsvn-7news-noticias-de-miami-clima-esportes-fort-lauderdale","status":"publish","type":"post","link":"https:\/\/tvbrazilusa.com\/pt\/2024\/08\/27\/zuckerberg-admite-pressao-da-administracao-biden-sobre-censura-de-conteudo-da-covid-19-wsvn-7news-noticias-de-miami-clima-esportes-fort-lauderdale\/","title":{"rendered":"Zuckerberg admite press\u00e3o da Administra\u00e7\u00e3o Biden sobre censura de conte\u00fado da COVID-19 &#8211; WSVN 7News | Not\u00edcias de Miami, Clima, Esportes | Fort Lauderdale"},"content":{"rendered":"<p> <script async src=\"https:\/\/pagead2.googlesyndication.com\/pagead\/js\/adsbygoogle.js?client=ca-pub-8864793242727901\"\r\n     crossorigin=\"anonymous\"><\/script><br \/>\n<\/p>\n<div itemprop=\"articleBody\">\n<p><strong>WASHINGTON, DC<\/strong> \u2014 O CEO da Meta, Mark Zuckerberg, admitiu em uma carta ao presidente do Comit\u00ea Judici\u00e1rio da C\u00e2mara, senador Jim Jordan, que altos funcion\u00e1rios do governo Biden o pressionaram repetidamente para censurar certos conte\u00fados sobre a COVID-19 no Facebook. <\/p>\n<p>A admiss\u00e3o ocorre mais de um ano depois que a Meta forneceu ao Comit\u00ea Judici\u00e1rio milhares de documentos como parte de sua investiga\u00e7\u00e3o sobre problemas de seguran\u00e7a online para crian\u00e7as.<\/p>\n<p>A carta de Zuckerberg detalhou a frustra\u00e7\u00e3o cont\u00ednua do governo Biden quando o Facebook n\u00e3o atendeu integralmente aos seus pedidos de censura. <\/p>\n<p>Ele declarou: \u201cNo final das contas, foi nossa decis\u00e3o remover ou n\u00e3o o conte\u00fado, e somos donos de nossas decis\u00f5es, incluindo as mudan\u00e7as relacionadas \u00e0 COVID-19 que fizemos em nossa aplica\u00e7\u00e3o na esteira dessa press\u00e3o. Acredito que a press\u00e3o do governo estava errada, e lamento que n\u00e3o tenhamos sido mais francos sobre isso.\u201d  <\/p>\n<p>Essa admiss\u00e3o ocorre ap\u00f3s o depoimento de Zuckerberg no ano passado ao lado de l\u00edderes de outras gigantes da tecnologia, incluindo X (antigo Twitter), Snapchat, TikTok e Discord, perante o Comit\u00ea Judici\u00e1rio.<\/p>\n<p>Na carta, Zuckerberg tamb\u00e9m abordou a controv\u00e9rsia em torno da dissemina\u00e7\u00e3o de hist\u00f3rias sobre Hunter Biden. Ele revelou que o FBI havia alertado a Meta sobre uma potencial opera\u00e7\u00e3o de desinforma\u00e7\u00e3o russa visando a fam\u00edlia Biden na prepara\u00e7\u00e3o para a elei\u00e7\u00e3o de 2020. <\/p>\n<p>Como resultado, Zuckerberg rebaixou uma hist\u00f3ria do New York Post alegando corrup\u00e7\u00e3o envolvendo a fam\u00edlia de Biden at\u00e9 que verificadores de fatos pudessem revis\u00e1-la. Ele reconheceu em retrospecto que rebaixar a hist\u00f3ria foi um erro e observou que a Meta mudou suas pol\u00edticas desde ent\u00e3o para evitar a\u00e7\u00f5es semelhantes no futuro.<\/p>\n<p>O governo Biden ainda n\u00e3o comentou as \u00faltimas declara\u00e7\u00f5es de Zuckerberg.<\/p>\n<p><em>Copyright 2024 Sunbeam Television Corp. Todos os direitos reservados. Este material n\u00e3o pode ser publicado, transmitido, reescrito ou redistribu\u00eddo.<\/em><\/p>\n<div class=\"wp-block-newsletter\">\n\t<strong class=\"wp-block-newsletter__title\">Inscreva-se em nossa Newsletter para receber as \u00faltimas not\u00edcias diretamente na sua caixa de entrada<\/strong><\/p>\n<\/div><\/div>\n<p><br \/>\n<br \/><a href=\"https:\/\/wsvn.com\/news\/us-world\/zuckerberg-admits-to-pressure-from-biden-administration-over-covid-19-content-censorship\/\">Source link <\/a><\/p>","protected":false},"excerpt":{"rendered":"<p>WASHINGTON, DC \u2014 O CEO da Meta, Mark Zuckerberg, admitiu em uma carta ao presidente do Comit\u00ea Judici\u00e1rio da C\u00e2mara, senador Jim Jordan, que altos funcion\u00e1rios do governo Biden o&hellip;<\/p>","protected":false},"author":1,"featured_media":28828,"comment_status":"closed","ping_status":"open","sticky":false,"template":"","format":"standard","meta":{"content-type":"","footnotes":""},"categories":[1],"tags":[],"class_list":["post-28827","post","type-post","status-publish","format-standard","has-post-thumbnail","hentry","category-uncategorized"],"_links":{"self":[{"href":"https:\/\/tvbrazilusa.com\/pt\/wp-json\/wp\/v2\/posts\/28827","targetHints":{"allow":["GET"]}}],"collection":[{"href":"https:\/\/tvbrazilusa.com\/pt\/wp-json\/wp\/v2\/posts"}],"about":[{"href":"https:\/\/tvbrazilusa.com\/pt\/wp-json\/wp\/v2\/types\/post"}],"author":[{"embeddable":true,"href":"https:\/\/tvbrazilusa.com\/pt\/wp-json\/wp\/v2\/users\/1"}],"replies":[{"embeddable":true,"href":"https:\/\/tvbrazilusa.com\/pt\/wp-json\/wp\/v2\/comments?post=28827"}],"version-history":[{"count":1,"href":"https:\/\/tvbrazilusa.com\/pt\/wp-json\/wp\/v2\/posts\/28827\/revisions"}],"predecessor-version":[{"id":28829,"href":"https:\/\/tvbrazilusa.com\/pt\/wp-json\/wp\/v2\/posts\/28827\/revisions\/28829"}],"wp:featuredmedia":[{"embeddable":true,"href":"https:\/\/tvbrazilusa.com\/pt\/wp-json\/wp\/v2\/media\/28828"}],"wp:attachment":[{"href":"https:\/\/tvbrazilusa.com\/pt\/wp-json\/wp\/v2\/media?parent=28827"}],"wp:term":[{"taxonomy":"category","embeddable":true,"href":"https:\/\/tvbrazilusa.com\/pt\/wp-json\/wp\/v2\/categories?post=28827"},{"taxonomy":"post_tag","embeddable":true,"href":"https:\/\/tvbrazilusa.com\/pt\/wp-json\/wp\/v2\/tags?post=28827"}],"curies":[{"name":"wp","href":"https:\/\/api.w.org\/{rel}","templated":true}]}}