{"id":28836,"date":"2024-08-27T10:17:43","date_gmt":"2024-08-27T10:17:43","guid":{"rendered":"https:\/\/tvbrazilusa.com\/2024\/08\/27\/lideres-locais-abordarao-a-controversia-sobre-a-entrada-de-um-alto-funcionario-do-regime-de-castro-nos-eua-wsvn-7news-noticias-de-miami-clima-esportes-fort-lauderdale\/"},"modified":"2024-08-27T10:19:20","modified_gmt":"2024-08-27T10:19:20","slug":"lideres-locais-abordarao-a-controversia-sobre-a-entrada-de-um-alto-funcionario-do-regime-de-castro-nos-eua-wsvn-7news-noticias-de-miami-clima-esportes-fort-lauderdale","status":"publish","type":"post","link":"https:\/\/tvbrazilusa.com\/pt\/2024\/08\/27\/lideres-locais-abordarao-a-controversia-sobre-a-entrada-de-um-alto-funcionario-do-regime-de-castro-nos-eua-wsvn-7news-noticias-de-miami-clima-esportes-fort-lauderdale\/","title":{"rendered":"L\u00edderes locais abordar\u00e3o a controv\u00e9rsia sobre a entrada de um alto funcion\u00e1rio do regime de Castro nos EUA &#8211; WSVN 7News | Not\u00edcias de Miami, Clima, Esportes | Fort Lauderdale"},"content":{"rendered":"<p> <script async src=\"https:\/\/pagead2.googlesyndication.com\/pagead\/js\/adsbygoogle.js?client=ca-pub-8864793242727901\"\r\n     crossorigin=\"anonymous\"><\/script><br \/>\n<\/p>\n<div itemprop=\"articleBody\">\n<p>CORAL GABLES, FL. (WSVN) &#8211; L\u00edderes locais devem se manifestar ap\u00f3s a entrada de um membro de alto escal\u00e3o do regime comunista de Cuba nos Estados Unidos. <\/p>\n<p>A controv\u00e9rsia gira em torno de Manuel Menendez Castellanos, ex-alto funcion\u00e1rio do governo de Fidel Castro, que entrou nos EUA pelo Aeroporto Internacional de Miami (MIA) em 15 de agosto.<\/p>\n<p>Menendez Castellanos tem uma longa hist\u00f3ria dentro do governo cubano, tendo atuado como membro do Comit\u00ea Central do Partido Comunista de Cuba, da Central Oper\u00e1ria em 1972 e como Primeiro Secret\u00e1rio do Partido Comunista em Cienfuegos entre 1993 e 2003. Ele tamb\u00e9m foi deputado na Assembleia Nacional e membro da not\u00f3ria \u201cequipe de coordena\u00e7\u00e3o e apoio\u201d de Fidel Castro.<\/p>\n<p>O Instituto Patmos, uma organiza\u00e7\u00e3o de direitos humanos, expressou s\u00e9ria preocupa\u00e7\u00e3o com esse acontecimento. <\/p>\n<blockquote class=\"wp-block-quote is-layout-flow wp-block-quote-is-layout-flow\">\n<p>\u201cA realidade \u00e9 que enquanto os repressores cubanos chegam aos Estados Unidos com total impunidade, suas v\u00edtimas em Cuba continuam sofrendo os horrores do castrismo como ref\u00e9ns.\u201d<\/p>\n<\/blockquote>\n<p>Em um tu\u00edte compartilhado pelo senador Rick Scott, ele destacou o sofrimento cont\u00ednuo daqueles que ainda est\u00e3o em Cuba.  <\/p>\n<p>\u201cA realidade \u00e9 que enquanto os repressores cubanos chegam aos Estados Unidos com total impunidade, suas v\u00edtimas em Cuba continuam sofrendo os horrores do castrismo como ref\u00e9ns\u201d, dizia o post.<\/p>\n<p>O deputado Carlos Gimenez deve se juntar \u00e0 Funda\u00e7\u00e3o para os Direitos Humanos em Cuba para uma entrevista coletiva na ter\u00e7a-feira para discutir as implica\u00e7\u00f5es da presen\u00e7a de Menendez Castellanos nos EUA e chamar a aten\u00e7\u00e3o para outros violadores de direitos humanos que podem estar residindo l\u00e1.<\/p>\n<p>Na semana passada, legisladores republicanos enviaram uma carta ao Secret\u00e1rio de Estado Antony Blinken e ao Secret\u00e1rio de Seguran\u00e7a Interna Alejandro Mayorkas, solicitando uma avalia\u00e7\u00e3o dos procedimentos legais que permitiram que Menendez Castellanos entrasse nos EUA. A carta pede que, se alguma disposi\u00e7\u00e3o legal for violada, a\u00e7\u00f5es apropriadas sejam tomadas para resolver a situa\u00e7\u00e3o.<\/p>\n<p><em>Copyright 2024 Sunbeam Television Corp. Todos os direitos reservados. Este material n\u00e3o pode ser publicado, transmitido, reescrito ou redistribu\u00eddo.<\/em><\/p>\n<div class=\"wp-block-newsletter\">\n\t<strong class=\"wp-block-newsletter__title\">Inscreva-se em nossa Newsletter para receber as \u00faltimas not\u00edcias diretamente na sua caixa de entrada<\/strong><\/p>\n<\/div><\/div>\n<p><br \/>\n<br \/><a href=\"https:\/\/wsvn.com\/news\/us-world\/local-leaders-to-address-controversy-over-entry-of-high-ranking-castro-regime-official-into-the-u-s\/\">Source link <\/a><\/p>","protected":false},"excerpt":{"rendered":"<p>CORAL GABLES, FL. (WSVN) &#8211; L\u00edderes locais devem se manifestar ap\u00f3s a entrada de um membro de alto escal\u00e3o do regime comunista de Cuba nos Estados Unidos. A controv\u00e9rsia gira&hellip;<\/p>","protected":false},"author":1,"featured_media":28837,"comment_status":"closed","ping_status":"open","sticky":false,"template":"","format":"standard","meta":{"content-type":"","footnotes":""},"categories":[1],"tags":[],"class_list":["post-28836","post","type-post","status-publish","format-standard","has-post-thumbnail","hentry","category-uncategorized"],"_links":{"self":[{"href":"https:\/\/tvbrazilusa.com\/pt\/wp-json\/wp\/v2\/posts\/28836","targetHints":{"allow":["GET"]}}],"collection":[{"href":"https:\/\/tvbrazilusa.com\/pt\/wp-json\/wp\/v2\/posts"}],"about":[{"href":"https:\/\/tvbrazilusa.com\/pt\/wp-json\/wp\/v2\/types\/post"}],"author":[{"embeddable":true,"href":"https:\/\/tvbrazilusa.com\/pt\/wp-json\/wp\/v2\/users\/1"}],"replies":[{"embeddable":true,"href":"https:\/\/tvbrazilusa.com\/pt\/wp-json\/wp\/v2\/comments?post=28836"}],"version-history":[{"count":1,"href":"https:\/\/tvbrazilusa.com\/pt\/wp-json\/wp\/v2\/posts\/28836\/revisions"}],"predecessor-version":[{"id":28838,"href":"https:\/\/tvbrazilusa.com\/pt\/wp-json\/wp\/v2\/posts\/28836\/revisions\/28838"}],"wp:featuredmedia":[{"embeddable":true,"href":"https:\/\/tvbrazilusa.com\/pt\/wp-json\/wp\/v2\/media\/28837"}],"wp:attachment":[{"href":"https:\/\/tvbrazilusa.com\/pt\/wp-json\/wp\/v2\/media?parent=28836"}],"wp:term":[{"taxonomy":"category","embeddable":true,"href":"https:\/\/tvbrazilusa.com\/pt\/wp-json\/wp\/v2\/categories?post=28836"},{"taxonomy":"post_tag","embeddable":true,"href":"https:\/\/tvbrazilusa.com\/pt\/wp-json\/wp\/v2\/tags?post=28836"}],"curies":[{"name":"wp","href":"https:\/\/api.w.org\/{rel}","templated":true}]}}