{"id":28842,"date":"2024-08-27T10:27:47","date_gmt":"2024-08-27T10:27:47","guid":{"rendered":"https:\/\/tvbrazilusa.com\/2024\/08\/27\/adicione-imunizacoes-a-sua-lista-de-verificacao-de-volta-as-aulas\/"},"modified":"2024-08-27T10:38:00","modified_gmt":"2024-08-27T10:38:00","slug":"adicione-imunizacoes-a-sua-lista-de-verificacao-de-volta-as-aulas","status":"publish","type":"post","link":"https:\/\/tvbrazilusa.com\/pt\/2024\/08\/27\/adicione-imunizacoes-a-sua-lista-de-verificacao-de-volta-as-aulas\/","title":{"rendered":"Adicione imuniza\u00e7\u00f5es \u00e0 sua lista de verifica\u00e7\u00e3o de volta \u00e0s aulas"},"content":{"rendered":"<script async src=\"https:\/\/pagead2.googlesyndication.com\/pagead\/js\/adsbygoogle.js?client=ca-pub-8864793242727901\"\r\n     crossorigin=\"anonymous\"><\/script>\n<p>NEW HAVEN, Conn. (WTNH) \u2014 Mochilas e materiais escolares n\u00e3o s\u00e3o as \u00fanicas coisas de que os alunos precisam ao retornar \u00e0 escola. Eles s\u00e3o <a href=\"https:\/\/portal.ct.gov\/-\/media\/sde\/school-nursing\/publications\/immunization_requirements.pdf\" data-type=\"link\" data-id=\"https:\/\/portal.ct.gov\/-\/media\/sde\/school-nursing\/publications\/immunization_requirements.pdf\" target=\"_blank\" rel=\"noreferrer noopener\">obrigado a ter um calend\u00e1rio de imuniza\u00e7\u00f5es<\/a> para algumas condi\u00e7\u00f5es s\u00e9rias.<\/p>\n<p>&#8220;Varicela, que \u00e9 catapora, sarampo, caxumba, rub\u00e9ola, hepatite B e pneumonia, todas foram significativamente reduzidas porque todos est\u00e3o sendo vacinados&#8221;, disse a Dra. Sona Sadselia, da Middlesex Health Primary Care. <\/p>\n<div class=\"nlp-ignore-block article-content rich-text\">\n<aside class=\"promo-link\">\n\t<a href=\"https:\/\/www.wtnh.com\/news\/back-to-school-news\/back-to-school-choosing-the-right-backpack\/?ipid=promo-link-block1\" class=\"promo-link__link\"><\/p>\n<p>\t\tVolta \u00e0s aulas: Escolhendo a mochila certa \t<\/a><br \/>\n<\/aside>\n<\/div>\n<p>Al\u00e9m de dar essas vacinas \u00e0s crian\u00e7as, a Sadselia tamb\u00e9m oferece um cronograma de &#8220;recupera\u00e7\u00e3o&#8221; para fam\u00edlias que ficaram para tr\u00e1s. <\/p>\n<p>&#8220;Voc\u00ea n\u00e3o precisa necessariamente esperar tanto tempo entre as vacinas e podemos combin\u00e1-las com outras para que voc\u00ea n\u00e3o precise esperar tanto tempo para estar completamente vacinado e retornar \u00e0 escola com seguran\u00e7a&#8221;, disse ela.<\/p>\n<p>Para crian\u00e7as mais velhas, vacinas contra HPV est\u00e3o dispon\u00edveis para prevenir um v\u00edrus que pode levar ao c\u00e2ncer cervical ou peniano. A primeira dose \u00e9 aos 11 ou 12 anos. <\/p>\n<div class=\"nlp-ignore-block article-content rich-text\">\n<aside class=\"promo-link\">\n\t<a href=\"https:\/\/www.wtnh.com\/news\/back-to-school-news\/therapist-shares-tips-to-help-parents-of-children-with-back-to-school-anxiety\/?ipid=promo-link-block2\" class=\"promo-link__link\"><\/p>\n<p>\t\tTerapeuta compartilha dicas para ajudar pais de crian\u00e7as com ansiedade de volta \u00e0s aulas\t<\/a><br \/>\n<\/aside>\n<\/div>\n<p>&#8220;Inicialmente, era uma vacina que algumas pessoas tinham dificuldade de aceitar, simplesmente porque o v\u00edrus HPV n\u00e3o era algo sobre o qual fal\u00e1vamos, mas \u00e0 medida que mais e mais pessoas est\u00e3o se educando, estamos vendo uma taxa maior de pessoas que optam por tom\u00e1-la&#8221;, disse Sadselia.<\/p>\n<p>Adolescentes mais velhos precisam de refor\u00e7os para proteg\u00ea-los de v\u00edrus perigosos e at\u00e9 mortais. <\/p>\n<p>&#8220;A meningite pode ser muito comum no ambiente universit\u00e1rio, entre outras pessoas, ent\u00e3o tomamos essas duas doses aos 11 e 16 anos, al\u00e9m do refor\u00e7o logo antes de irem para a faculdade&#8221;, disse Sadselia.<\/p>\n<p>As vacinas s\u00e3o exigidas por lei. <a href=\"https:\/\/portal.ct.gov\/-\/media\/sde\/school-nursing\/publications\/immunization_requirements.pdf\" data-type=\"link\" data-id=\"https:\/\/portal.ct.gov\/-\/media\/sde\/school-nursing\/publications\/immunization_requirements.pdf\" target=\"_blank\" rel=\"noreferrer noopener\">Clique aqui para rever<\/a> Requisitos de imuniza\u00e7\u00e3o para o ano letivo de 2024-25 em Connecticut.<\/p>\n<p>A isen\u00e7\u00e3o religiosa do estado para os pais optarem por n\u00e3o incluir os filhos s\u00f3 se aplica a crian\u00e7as e adolescentes que j\u00e1 t\u00eam direitos adquiridos. Seu m\u00e9dico \u00e9 o melhor lugar para come\u00e7ar a tirar d\u00favidas.   <\/p>\n<section class=\"article-list article-list--link_group\">\n<div class=\"article-list__content\">\n<h2 class=\"article-list__label\">DE VOLTA \u00c0S AULAS<\/h2>\n<div class=\"article-list__triangle\"><\/div>\n<section class=\"article-list article-list--headline-one-col article-list--link-group\">\n<div class=\"article-list__content\" data-module-type=\"no-title\">\n<article class=\"article-list__article\" data-article-id=\"1942249\" data-context=\"link_group\" data-index=\"0\" data-collection=\"article-list1\" data-anvato-params=\"{\"pauseontabinactive\":false}\">\n\t\t\t<!-- Next line is not the perfect\/ideal way to control hiding the items. Can revisit later. --><\/p>\n<div class=\"article-list__article-text\" data-context=\"link_group\" data-article-list-id=\"article-list1\" data-article-text-classes=\"article-list__article-text\" data-article-thumb-classes=\"article-list__article-thumb\" data-current-image-context=\"[\"16:9\",\"(max-width: 1023px) 50vw, 876px\"]\">\n<p>\t\t\t\t<a class=\"article-list__gradient-link\" href=\"https:\/\/www.wtnh.com\/news\/back-to-school-news\/add-immunizations-to-your-back-to-school-checklist\/\" data-link-type=\"content-link\" data-link-position=\"1\" data-link-pinned=\"false\" data-link-label=\"Add immunizations to your back-to-school checklist\"><br \/>\n\t\t<\/a><\/p>\n<h2 class=\"article-list__article-title\">\n\t\t\t\t\t\t\t\t\t\t\t\t\t<a href=\"https:\/\/www.wtnh.com\/news\/back-to-school-news\/add-immunizations-to-your-back-to-school-checklist\/\" class=\"article-list__article-link\" data-link-type=\"content-link\" data-link-position=\"1\" data-link-pinned=\"false\" data-link-label=\"Add immunizations to your back-to-school checklist\"><\/p>\n<p>\t\t\tAdicione imuniza\u00e7\u00f5es \u00e0 sua lista de verifica\u00e7\u00e3o de volta \u00e0s aulas<br \/>\n\t\t\t\t\t\t\t\t\t\t<\/a><br \/>\n\t\t\t\t\t<\/h2>\n<p><span aria-hidden=\"true\" class=\"article-list__article-mediaicon article-list__article-mediaicon--video\"><br \/>\n\t<span class=\"article-list__article-mediaicon-svg\"><\/p>\n<p>\t\t.cls-3{preenchimento:#fff;regra-de-preenchimento:evenodd}<br \/>\n\t<\/span><br \/>\n\t<\/span>\n\t<\/div>\n<\/article>\n<article class=\"article-list__article\" data-article-id=\"1942399\" data-context=\"link_group\" data-index=\"1\" data-collection=\"article-list1\" data-anvato-params=\"{\"pauseontabinactive\":false}\">\n\t\t\t<!-- Next line is not the perfect\/ideal way to control hiding the items. Can revisit later. --><\/p>\n<div class=\"article-list__article-text\" data-context=\"link_group\" data-article-list-id=\"article-list1\" data-article-text-classes=\"article-list__article-text\" data-article-thumb-classes=\"article-list__article-thumb\" data-current-image-context=\"[\"16:9\",\"(max-width: 1023px) 50vw, 876px\"]\">\n<p>\t\t\t\t<a class=\"article-list__gradient-link\" href=\"https:\/\/www.wtnh.com\/news\/connecticut\/hartford\/manchester-students-get-free-haircuts-for-first-day-of-school\/\" data-link-type=\"content-link\" data-link-position=\"2\" data-link-pinned=\"false\" data-link-label=\"Manchester students get free haircuts for first day of school\"><br \/>\n\t\t<\/a><\/p>\n<h2 class=\"article-list__article-title\">\n\t\t\t\t\t\t\t\t\t\t\t\t\t<a href=\"https:\/\/www.wtnh.com\/news\/connecticut\/hartford\/manchester-students-get-free-haircuts-for-first-day-of-school\/\" class=\"article-list__article-link\" data-link-type=\"content-link\" data-link-position=\"2\" data-link-pinned=\"false\" data-link-label=\"Manchester students get free haircuts for first day of school\"><\/p>\n<p>\t\t\tEstudantes de Manchester ganham cortes de cabelo gratuitos para a escola<br \/>\n\t\t\t\t\t\t\t\t\t\t<\/a><br \/>\n\t\t\t\t\t<\/h2>\n<p><span aria-hidden=\"true\" class=\"article-list__article-mediaicon article-list__article-mediaicon--video\"><br \/>\n\t<span class=\"article-list__article-mediaicon-svg\"><\/p>\n<p>\t\t.cls-3{preenchimento:#fff;regra-de-preenchimento:evenodd}<br \/>\n\t<\/span><br \/>\n\t<\/span>\n\t<\/div>\n<\/article>\n<article class=\"article-list__article\" data-article-id=\"1942104\" data-context=\"link_group\" data-index=\"2\" data-collection=\"article-list1\" data-anvato-params=\"{\"pauseontabinactive\":false}\">\n\t\t\t<!-- Next line is not the perfect\/ideal way to control hiding the items. Can revisit later. --><\/p>\n<div class=\"article-list__article-text\" data-context=\"link_group\" data-article-list-id=\"article-list1\" data-article-text-classes=\"article-list__article-text\" data-article-thumb-classes=\"article-list__article-thumb\" data-current-image-context=\"[\"16:9\",\"(max-width: 1023px) 50vw, 876px\"]\">\n<p>\t\t\t\t<a class=\"article-list__gradient-link\" href=\"https:\/\/www.wtnh.com\/news\/back-to-school-news\/waterbury-starts-school-year-with-new-cellphone-policy\/\" data-link-type=\"content-link\" data-link-position=\"3\" data-link-pinned=\"false\" data-link-label=\"Waterbury starts school year with new cellphone policy\"><br \/>\n\t\t<\/a><\/p>\n<h2 class=\"article-list__article-title\">\n\t\t\t\t\t\t\t\t\t\t\t\t\t<a href=\"https:\/\/www.wtnh.com\/news\/back-to-school-news\/waterbury-starts-school-year-with-new-cellphone-policy\/\" class=\"article-list__article-link\" data-link-type=\"content-link\" data-link-position=\"3\" data-link-pinned=\"false\" data-link-label=\"Waterbury starts school year with new cellphone policy\"><\/p>\n<p>\t\t\tWaterbury inicia o ano letivo com nova pol\u00edtica de celulares<br \/>\n\t\t\t\t\t\t\t\t\t\t<\/a><br \/>\n\t\t\t\t\t<\/h2>\n<p><span aria-hidden=\"true\" class=\"article-list__article-mediaicon article-list__article-mediaicon--video\"><br \/>\n\t<span class=\"article-list__article-mediaicon-svg\"><\/p>\n<p>\t\t.cls-3{preenchimento:#fff;regra-de-preenchimento:evenodd}<br \/>\n\t<\/span><br \/>\n\t<\/span>\n\t<\/div>\n<\/article>\n<article class=\"article-list__article\" data-article-id=\"1942155\" data-context=\"link_group\" data-index=\"3\" data-collection=\"article-list1\" data-anvato-params=\"{\"pauseontabinactive\":false}\">\n\t\t\t<!-- Next line is not the perfect\/ideal way to control hiding the items. Can revisit later. --><\/p>\n<div class=\"article-list__article-text\" data-context=\"link_group\" data-article-list-id=\"article-list1\" data-article-text-classes=\"article-list__article-text\" data-article-thumb-classes=\"article-list__article-thumb\" data-current-image-context=\"[\"16:9\",\"(max-width: 1023px) 50vw, 876px\"]\">\n<p>\t\t\t\t<a class=\"article-list__gradient-link\" href=\"https:\/\/www.wtnh.com\/news\/back-to-school-news\/therapist-shares-tips-to-help-parents-of-children-with-back-to-school-anxiety\/\" data-link-type=\"content-link\" data-link-position=\"4\" data-link-pinned=\"false\" data-link-label=\"Therapist shares tips to help parents of children with back-to-school anxiety\"><br \/>\n\t\t<\/a><\/p>\n<h2 class=\"article-list__article-title\">\n\t\t\t\t\t\t\t\t\t\t\t\t\t<a href=\"https:\/\/www.wtnh.com\/news\/back-to-school-news\/therapist-shares-tips-to-help-parents-of-children-with-back-to-school-anxiety\/\" class=\"article-list__article-link\" data-link-type=\"content-link\" data-link-position=\"4\" data-link-pinned=\"false\" data-link-label=\"Therapist shares tips to help parents of children with back-to-school anxiety\"><\/p>\n<p>\t\t\tTerapeuta compartilha dicas para ajudar crian\u00e7as a voltarem \u00e0 escola<br \/>\n\t\t\t\t\t\t\t\t\t\t<\/a><br \/>\n\t\t\t\t\t<\/h2>\n<p><span aria-hidden=\"true\" class=\"article-list__article-mediaicon article-list__article-mediaicon--video\"><br \/>\n\t<span class=\"article-list__article-mediaicon-svg\"><\/p>\n<p>\t\t.cls-3{preenchimento:#fff;regra-de-preenchimento:evenodd}<br \/>\n\t<\/span><br \/>\n\t<\/span>\n\t<\/div>\n<\/article>\n<article class=\"article-list__article\" data-article-id=\"1942001\" data-context=\"link_group\" data-index=\"4\" data-collection=\"article-list1\" data-anvato-params=\"{\"pauseontabinactive\":false}\">\n\t\t\t<!-- Next line is not the perfect\/ideal way to control hiding the items. Can revisit later. --><\/p>\n<div class=\"article-list__article-text\" data-context=\"link_group\" data-article-list-id=\"article-list1\" data-article-text-classes=\"article-list__article-text\" data-article-thumb-classes=\"article-list__article-thumb\" data-current-image-context=\"[\"16:9\",\"(max-width: 1023px) 50vw, 876px\"]\">\n<p>\t\t\t\t<a class=\"article-list__gradient-link\" href=\"https:\/\/www.wtnh.com\/news\/back-to-school-news\/regional-school-district-15-goes-back-to-school-with-adjusted-bus-routes\/\" data-link-type=\"content-link\" data-link-position=\"5\" data-link-pinned=\"false\" data-link-label=\"Regional School District 15 goes back-to-school with adjusted bus routes\"><br \/>\n\t\t<\/a><\/p>\n<h2 class=\"article-list__article-title\">\n\t\t\t\t\t\t\t\t\t\t\t\t\t<a href=\"https:\/\/www.wtnh.com\/news\/back-to-school-news\/regional-school-district-15-goes-back-to-school-with-adjusted-bus-routes\/\" class=\"article-list__article-link\" data-link-type=\"content-link\" data-link-position=\"5\" data-link-pinned=\"false\" data-link-label=\"Regional School District 15 goes back-to-school with adjusted bus routes\"><\/p>\n<p>\t\t\tRegi\u00e3o 15 inicia aulas com rotas de \u00f4nibus ajustadas<br \/>\n\t\t\t\t\t\t\t\t\t\t<\/a><br \/>\n\t\t\t\t\t<\/h2>\n<p><span aria-hidden=\"true\" class=\"article-list__article-mediaicon article-list__article-mediaicon--video\"><br \/>\n\t<span class=\"article-list__article-mediaicon-svg\"><\/p>\n<p>\t\t.cls-3{preenchimento:#fff;regra-de-preenchimento:evenodd}<br \/>\n\t<\/span><br \/>\n\t<\/span>\n\t<\/div>\n<\/article>\n<article class=\"article-list__article\" data-article-id=\"1938817\" data-context=\"link_group\" data-index=\"5\" data-collection=\"article-list1\" data-anvato-params=\"{\"pauseontabinactive\":false}\">\n\t\t\t<!-- Next line is not the perfect\/ideal way to control hiding the items. Can revisit later. --><\/p>\n<div class=\"article-list__article-text\" data-context=\"link_group\" data-article-list-id=\"article-list1\" data-article-text-classes=\"article-list__article-text\" data-article-thumb-classes=\"article-list__article-thumb\" data-current-image-context=\"[\"16:9\",\"(max-width: 1023px) 50vw, 876px\"]\">\n<p>\t\t\t\t<a class=\"article-list__gradient-link\" href=\"https:\/\/www.wtnh.com\/news\/back-to-school-news\/back-to-school-choosing-the-right-backpack\/\" data-link-type=\"content-link\" data-link-position=\"6\" data-link-pinned=\"false\" data-link-label=\"Back-to-school: Choosing the right backpack\u00a0\"><br \/>\n\t\t<\/a><\/p>\n<h2 class=\"article-list__article-title\">\n\t\t\t\t\t\t\t\t\t\t\t\t\t<a href=\"https:\/\/www.wtnh.com\/news\/back-to-school-news\/back-to-school-choosing-the-right-backpack\/\" class=\"article-list__article-link\" data-link-type=\"content-link\" data-link-position=\"6\" data-link-pinned=\"false\" data-link-label=\"Back-to-school: Choosing the right backpack\u00a0\"><\/p>\n<p>\t\t\tVolta \u00e0s aulas: Escolhendo a mochila certa<br \/>\n\t\t\t\t\t\t\t\t\t\t<\/a><br \/>\n\t\t\t\t\t<\/h2>\n<p><span aria-hidden=\"true\" class=\"article-list__article-mediaicon article-list__article-mediaicon--video\"><br \/>\n\t<span class=\"article-list__article-mediaicon-svg\"><\/p>\n<p>\t\t.cls-3{preenchimento:#fff;regra-de-preenchimento:evenodd}<br \/>\n\t<\/span><br \/>\n\t<\/span>\n\t<\/div>\n<\/article>\n<\/div>\n<\/section><\/div>\n<\/section>\n<p><br \/>\n<br \/><a href=\"https:\/\/www.wtnh.com\/news\/back-to-school-news\/add-immunizations-to-your-back-to-school-checklist\/\">Source link <\/a><\/p>","protected":false},"excerpt":{"rendered":"<p>NEW HAVEN, Conn. (WTNH) \u2014 Mochilas e materiais escolares n\u00e3o s\u00e3o as \u00fanicas coisas de que os alunos precisam ao retornar \u00e0 escola. Eles s\u00e3o obrigado a ter um calend\u00e1rio&hellip;<\/p>","protected":false},"author":1,"featured_media":28843,"comment_status":"closed","ping_status":"open","sticky":false,"template":"","format":"standard","meta":{"content-type":"","footnotes":""},"categories":[1],"tags":[],"class_list":["post-28842","post","type-post","status-publish","format-standard","has-post-thumbnail","hentry","category-uncategorized"],"_links":{"self":[{"href":"https:\/\/tvbrazilusa.com\/pt\/wp-json\/wp\/v2\/posts\/28842","targetHints":{"allow":["GET"]}}],"collection":[{"href":"https:\/\/tvbrazilusa.com\/pt\/wp-json\/wp\/v2\/posts"}],"about":[{"href":"https:\/\/tvbrazilusa.com\/pt\/wp-json\/wp\/v2\/types\/post"}],"author":[{"embeddable":true,"href":"https:\/\/tvbrazilusa.com\/pt\/wp-json\/wp\/v2\/users\/1"}],"replies":[{"embeddable":true,"href":"https:\/\/tvbrazilusa.com\/pt\/wp-json\/wp\/v2\/comments?post=28842"}],"version-history":[{"count":1,"href":"https:\/\/tvbrazilusa.com\/pt\/wp-json\/wp\/v2\/posts\/28842\/revisions"}],"predecessor-version":[{"id":28844,"href":"https:\/\/tvbrazilusa.com\/pt\/wp-json\/wp\/v2\/posts\/28842\/revisions\/28844"}],"wp:featuredmedia":[{"embeddable":true,"href":"https:\/\/tvbrazilusa.com\/pt\/wp-json\/wp\/v2\/media\/28843"}],"wp:attachment":[{"href":"https:\/\/tvbrazilusa.com\/pt\/wp-json\/wp\/v2\/media?parent=28842"}],"wp:term":[{"taxonomy":"category","embeddable":true,"href":"https:\/\/tvbrazilusa.com\/pt\/wp-json\/wp\/v2\/categories?post=28842"},{"taxonomy":"post_tag","embeddable":true,"href":"https:\/\/tvbrazilusa.com\/pt\/wp-json\/wp\/v2\/tags?post=28842"}],"curies":[{"name":"wp","href":"https:\/\/api.w.org\/{rel}","templated":true}]}}