{"id":28851,"date":"2024-08-27T11:06:13","date_gmt":"2024-08-27T11:06:13","guid":{"rendered":"https:\/\/tvbrazilusa.com\/2024\/08\/27\/gaviao-de-ombros-vermelhos-e-liberado-apos-reabilitacao-na-conservancy-of-southwest-florida-wsvn-7news-noticias-de-miami-clima-esportes-fort-lauderdale\/"},"modified":"2024-08-27T11:29:46","modified_gmt":"2024-08-27T11:29:46","slug":"gaviao-de-ombros-vermelhos-e-liberado-apos-reabilitacao-na-conservancy-of-southwest-florida-wsvn-7news-noticias-de-miami-clima-esportes-fort-lauderdale","status":"publish","type":"post","link":"https:\/\/tvbrazilusa.com\/pt\/2024\/08\/27\/gaviao-de-ombros-vermelhos-e-liberado-apos-reabilitacao-na-conservancy-of-southwest-florida-wsvn-7news-noticias-de-miami-clima-esportes-fort-lauderdale\/","title":{"rendered":"Gavi\u00e3o-de-ombros-vermelhos \u00e9 liberado ap\u00f3s reabilita\u00e7\u00e3o na Conservancy of Southwest Florida &#8211; WSVN 7News | Not\u00edcias de Miami, Clima, Esportes | Fort Lauderdale"},"content":{"rendered":"<p> <script async src=\"https:\/\/pagead2.googlesyndication.com\/pagead\/js\/adsbygoogle.js?client=ca-pub-8864793242727901\"\r\n     crossorigin=\"anonymous\"><\/script><br \/>\n<\/p>\n<div itemprop=\"articleBody\">\n<p>NAPLES, Fl\u00f3rida (WSVN) \u2014 Um falc\u00e3o-de-ombros-vermelhos que foi admitido na Conservancy of Southwest Florida em dezembro passado foi finalmente solto na natureza ap\u00f3s oito meses de tratamento intensivo e reabilita\u00e7\u00e3o.<\/p>\n<p>O falc\u00e3o foi encontrado no ch\u00e3o, incapaz de voar, e foi levado para a reserva para tratamento. <\/p>\n<p>Um exame minucioso revelou uma descoberta chocante: todas as penas de voo do p\u00e1ssaro foram cortadas deliberadamente, tornando-o incapaz de voar. <\/p>\n<figure class=\"wp-block-embed is-type-rich is-provider-instagram wp-block-embed-instagram\"\/>\n<p>Ap\u00f3s meses de cuidados dedicados pela equipe da reserva, as penas do falc\u00e3o cresceram novamente, e ele recuperou sua for\u00e7a e capacidade de voar. <\/p>\n<p>Esta semana, o p\u00e1ssaro sortudo foi solto de volta em seu habitat natural. <\/p>\n<p><em>Copyright 2024 Sunbeam Television Corp. Todos os direitos reservados. Este material n\u00e3o pode ser publicado, transmitido, reescrito ou redistribu\u00eddo.<\/em><\/p>\n<div class=\"wp-block-newsletter\">\n\t<strong class=\"wp-block-newsletter__title\">Inscreva-se em nossa Newsletter para receber as \u00faltimas not\u00edcias diretamente na sua caixa de entrada<\/strong><\/p>\n<\/div><\/div>\n<p><br \/>\n<br \/><a href=\"https:\/\/wsvn.com\/news\/local\/florida\/red-shouldered-hawk-released-after-rehabilitation-at-conservancy-of-southwest-florida\/\">Source link <\/a><\/p>","protected":false},"excerpt":{"rendered":"<p>NAPLES, Fl\u00f3rida (WSVN) \u2014 Um falc\u00e3o-de-ombros-vermelhos que foi admitido na Conservancy of Southwest Florida em dezembro passado foi finalmente solto na natureza ap\u00f3s oito meses de tratamento intensivo e reabilita\u00e7\u00e3o.&hellip;<\/p>","protected":false},"author":1,"featured_media":28852,"comment_status":"closed","ping_status":"open","sticky":false,"template":"","format":"standard","meta":{"content-type":"","footnotes":""},"categories":[1],"tags":[],"class_list":["post-28851","post","type-post","status-publish","format-standard","has-post-thumbnail","hentry","category-uncategorized"],"_links":{"self":[{"href":"https:\/\/tvbrazilusa.com\/pt\/wp-json\/wp\/v2\/posts\/28851","targetHints":{"allow":["GET"]}}],"collection":[{"href":"https:\/\/tvbrazilusa.com\/pt\/wp-json\/wp\/v2\/posts"}],"about":[{"href":"https:\/\/tvbrazilusa.com\/pt\/wp-json\/wp\/v2\/types\/post"}],"author":[{"embeddable":true,"href":"https:\/\/tvbrazilusa.com\/pt\/wp-json\/wp\/v2\/users\/1"}],"replies":[{"embeddable":true,"href":"https:\/\/tvbrazilusa.com\/pt\/wp-json\/wp\/v2\/comments?post=28851"}],"version-history":[{"count":1,"href":"https:\/\/tvbrazilusa.com\/pt\/wp-json\/wp\/v2\/posts\/28851\/revisions"}],"predecessor-version":[{"id":28853,"href":"https:\/\/tvbrazilusa.com\/pt\/wp-json\/wp\/v2\/posts\/28851\/revisions\/28853"}],"wp:featuredmedia":[{"embeddable":true,"href":"https:\/\/tvbrazilusa.com\/pt\/wp-json\/wp\/v2\/media\/28852"}],"wp:attachment":[{"href":"https:\/\/tvbrazilusa.com\/pt\/wp-json\/wp\/v2\/media?parent=28851"}],"wp:term":[{"taxonomy":"category","embeddable":true,"href":"https:\/\/tvbrazilusa.com\/pt\/wp-json\/wp\/v2\/categories?post=28851"},{"taxonomy":"post_tag","embeddable":true,"href":"https:\/\/tvbrazilusa.com\/pt\/wp-json\/wp\/v2\/tags?post=28851"}],"curies":[{"name":"wp","href":"https:\/\/api.w.org\/{rel}","templated":true}]}}