{"id":28863,"date":"2024-08-27T12:36:41","date_gmt":"2024-08-27T12:36:41","guid":{"rendered":"https:\/\/tvbrazilusa.com\/2024\/08\/27\/tim-walz-esta-voltando-para-boston-na-quarta-feira-aqui-esta-o-que-voce-precisa-saber\/"},"modified":"2024-08-27T12:38:55","modified_gmt":"2024-08-27T12:38:55","slug":"tim-walz-esta-voltando-para-boston-na-quarta-feira-aqui-esta-o-que-voce-precisa-saber","status":"publish","type":"post","link":"https:\/\/tvbrazilusa.com\/pt\/2024\/08\/27\/tim-walz-esta-voltando-para-boston-na-quarta-feira-aqui-esta-o-que-voce-precisa-saber\/","title":{"rendered":"Tim Walz est\u00e1 voltando para Boston na quarta-feira. Aqui est\u00e1 o que voc\u00ea precisa saber."},"content":{"rendered":"<p> <script async src=\"https:\/\/pagead2.googlesyndication.com\/pagead\/js\/adsbygoogle.js?client=ca-pub-8864793242727901\"\r\n     crossorigin=\"anonymous\"><\/script><br \/>\n<\/p>\n<div id=\"\">\n<header class=\"m-article-header m-article-header--standard\">\n\t\t\t\t\t\t\t\t\t\t\t\t<span id=\"article-header-primary-term\"><br \/>\n\t\t\t\t\t\t\t\t<a class=\"a-term a-term--primary\" href=\"https:\/\/www.boston.com\/tag\/local-news\/\"><\/p>\n<p>\t\t\t\t\t\t\t\tNot\u00edcias locais\t\t\t\t\t\t\t\t<\/a><br \/>\n\t\t\t\t\t\t\t<\/span><\/p>\n<h2 class=\"m-article-header__sub-headline\">\u00c9 a segunda apari\u00e7\u00e3o de Walz em Boston em duas semanas.<\/h2>\n<figure class=\"a-photo m-article-header__photo\"><figcaption class=\"a-photo__caption\">\n<p>\tO candidato democrata \u00e0 vice-presid\u00eancia, governador de Minnesota, Tim Walz, durante a Conven\u00e7\u00e3o Nacional Democrata, quinta-feira, 22 de agosto de 2024, em Chicago. <em> Foto AP\/Jacquelyn Martin<\/em>\t<\/figcaption><\/figure>\n<\/header>\n<p>O candidato a vice-presidente Tim Walz falar\u00e1 no <a href=\"https:\/\/www.iaff.org\/convention\/\">57\u00aa Conven\u00e7\u00e3o da Associa\u00e7\u00e3o Internacional de Bombeiros<\/a> em Boston na quarta-feira de manh\u00e3.<\/p>\n<p>Walz far\u00e1 coment\u00e1rios para um dos maiores sindicatos da Am\u00e9rica do Norte, que representa cerca de 350.000 bombeiros, profissionais de emerg\u00eancia m\u00e9dica e equipes de resgate nos Estados Unidos e Canad\u00e1.<\/p>\n<p>\u201cO governador Walz, um ex-membro do sindicato, tem um forte hist\u00f3rico de defesa dos sindicatos e de entrega aos trabalhadores \u2014 desde a ades\u00e3o \u00e0 linha de piquete e aprova\u00e7\u00e3o do pacote de leis mais pr\u00f3-trabalhadores da hist\u00f3ria de Minnesota, at\u00e9 a garantia aos trabalhadores de Minnesota [are] \u201clicen\u00e7a m\u00e9dica, familiar e por doen\u00e7a remunerada\u201d, disse uma declara\u00e7\u00e3o da campanha Harris-Walz.<\/p>\n<p>O 57\u00ba <a href=\"https:\/\/www.iaff.org\/event\/2024-convention\/\">conven\u00e7\u00e3o<\/a>realizada no Boston Convention &#038; Exhibition Center no Seaport de 25 a 30 de agosto, ser\u00e1 o Walz&#8217;s <a href=\"https:\/\/www.boston.com\/news\/local-news\/2024\/08\/14\/tim-walz-hosts-boston-fundraiser\/\">segunda apari\u00e7\u00e3o em Boston<\/a> em duas semanas, ap\u00f3s sua turn\u00ea solo de tr\u00eas dias, que incluiu uma apari\u00e7\u00e3o em um evento de arrecada\u00e7\u00e3o de fundos em Back Bay em 14 de agosto.<\/p>\n<p>Walz tamb\u00e9m parou em Newport, Rhode Island, onde fica a universidade cat\u00f3lica que sediou o evento <a href=\"https:\/\/www.boston.com\/news\/local-news\/2024\/08\/20\/surprised-and-disappointed-diocese-of-providence-condemns-catholic-university-for-hosting-fundraiser-for-vp-candidate-tim-walz\/\">enfrentou cr\u00edticas<\/a> da Diocese de Providence por isso.<\/p>\n<p>A vice-presidente Kamala Harris e seu marido Doug Emhoff tamb\u00e9m fizeram apari\u00e7\u00f5es recentes em Massachusetts, com Harris em <a href=\"https:\/\/www.boston.com\/news\/local-news\/2024\/07\/26\/harris-set-to-headline-pittsfield-fundraiser\/\">Pittsfield<\/a> depois do lan\u00e7amento <a href=\"https:\/\/www.boston.com\/news\/politics\/2024\/08\/06\/kamala-harris-democratic-presidential-nominee-2024-election\/\">sua pr\u00f3pria campanha presidencial<\/a>e Emhoff em <a href=\"https:\/\/www.boston.com\/news\/national-news\/2024\/07\/28\/doug-emhoff-will-be-in-mass-n-h-and-maine-this-week-campaigning-for-wife-kamala-harris\/\">Vinhedo de Martha<\/a>.<\/p>\n<p>A governadora Maura Healy abriu a conven\u00e7\u00e3o de bombeiros pedindo unidade nacional. <\/p>\n<p>\u201cPodemos nos sentir divididos como na\u00e7\u00e3o, \u00e0s vezes podemos n\u00e3o concordar em tudo, mas hoje quero ressaltar a import\u00e2ncia de promover a unidade nacional, e o comprometimento do bombeiro com o servi\u00e7o, a comunidade e o pa\u00eds \u00e9 um exemplo poderoso e \u00e9 algo em torno do qual todos podemos nos unir\u201d, disse ela.<\/p>\n<div class=\"m-block m-generic-cta\t m-generic-cta--post-content\t m-generic-cta--dark\t m-generic-cta--homepage\t m-generic-cta--email-signup\t\t m-generic-cta-block-style--default \tt-amp__generic-cta\"><\/p>\n<div class=\"m-generic-cta__wrap\">\n<div class=\"m-generic-cta__content\">\n<h3 class=\"m-generic-cta__title\">Boston.com Hoje<\/h3>\n<p class=\"m-generic-cta__subtitle\">Inscreva-se para receber as \u00faltimas manchetes na sua caixa de entrada todas as manh\u00e3s.<\/p>\n<\/p><\/div>\n<\/p><\/div>\n<\/div><\/div>\n<p><script>\n\t\tvar consent=\"grant\";\n\t\t\/* The above code is parsing the JSON data from the local storage and storing it in a variable. *\/\n\t\t\t\t\tconst onetrustStorageConsent = JSON.parse(localStorage.getItem( 'consent_one_trust_bdc' ) );\n\t\t\tif ( ( onetrustStorageConsent !== null ) ) {\n\t\t\t\t\/* Checking to see if the user has consented to the use of cookies.\n\t\t\t\t* If they have not, it is deleting the cookie.\n\t\t\t\t* This will comment for now, until further notice.\n\t\t\t\t*\/\n\t\t\t\t\/\/if ( onetrustStorageConsent.C0002 === false ) {\n\t\t\t\t\/\/\tdocument.cookie=\"_fbp=;expires=Thu, 01 Jan 2010 00:00:00 UTC; path=\/; domain=.boston.com\";\n\t\t\t\t\/\/}\n\t\t\t\t\/* Checking if the user has given consent for the cookie C0002.\n\t\t\t\t* If the user has given consent, the variable consent will be set to 'grant'.\n\t\t\t\t* If the user has not given consent,the variable consent will be set to 'revoke'.\n\t\t\t\t* Documentation https:\/\/developers.facebook.com\/docs\/meta-pixel\/implementation\/gdpr\n\t\t\t\t*\/\n\t\t\t\tif ( onetrustStorageConsent.C0002 !== true ) {\n\t\t\t\t\tconsent=\"revoke\";\n\t\t\t\t}\n\t\t\t}\n\t\t\t\t!function(f,b,e,v,n,t,s)\n\t\t{if(f.fbq)return;n=f.fbq=function(){n.callMethod?\n\t\tn.callMethod.apply(n,arguments):n.queue.push(arguments)};\n\t\tif(!f._fbq)f._fbq=n;n.push=n;n.loaded=!0;n.version='2.0';\n\t\tn.queue=[];t=b.createElement(e);t.async=!0;\n\t\tt.src=v;s=b.getElementsByTagName(e)[0];\n\t\ts.parentNode.insertBefore(t,s)}(window, document,'script',\n\t\t'https:\/\/connect.facebook.net\/en_US\/fbevents.js');\n\t\tfbq('consent', consent);\n\t\tfbq('init', '989222871864976');\n\t\tfbq('track', 'PageView');\n\t<\/script><script type=\"module\">\n\t\tvar consent=\"grant\";\n\t\t\/* The above code is parsing the JSON data from the local storage and storing it in a variable. *\/\n\t\t\tconst onetrustStorageConsent = JSON.parse(localStorage.getItem( 'consent_one_trust_bdc' ) );\n\t\t\t\/* Checking to see if the user has consented to the use of cookies.\n\t\t\t* If they have not, it is deleting the cookie.\n\t\t\t* This will comment for now, until further notice.\n\t\t\t*\/\n\t\t\t\/\/if ( onetrustStorageConsent.C0002 === false ) {\n\t\t\t\/\/\tdocument.cookie=\"_fbp=;expires=Thu, 01 Jan 2010 00:00:00 UTC; path=\/; domain=.boston.com\";\n\t\t\t\/\/}\n\t\t\t\/* Checking if the user has given consent for the cookie C0002.\n\t\t\t* If the user has given consent, the variable consent will be set to 'grant'.\n\t\t\t* If the user has not given consent,the variable consent will be set to 'revoke'.\n\t\t\t* Documentation https:\/\/developers.facebook.com\/docs\/meta-pixel\/implementation\/gdpr\n\t\t\t*\/\n\t\t\tif ( ( onetrustStorageConsent !== null ) && (onetrustStorageConsent.C0002 !== true ) ) {\n\t\t\t\tconsent=\"revoke\";\n\t\t\t}\n\t\t\t\t!function(f,b,e,v,n,t,s){if(f.fbq)return;n=f.fbq=function()\n\t\t{n.callMethod? n.callMethod.apply(n,arguments):n.queue.push(arguments)}\n\t\t;if(!f._fbq)f._fbq=n;\n\t\tn.push=n;n.loaded=!0;n.version='2.0';n.queue=[];t=b.createElement(e);t.async=!0;\n\t\tt.src=v;s=b.getElementsByTagName(e)[0];s.parentNode.insertBefore(t,s)}(window,\n\t\tdocument,'script','https:\/\/connect.facebook.net\/en_US\/fbevents.js');\n\t\tfbq('consent', consent);\n\t\tfbq('init', '813236348753005');\n\t\tfbq('track', \"PageView\");\n\t<\/script><br \/>\n<br \/><br \/>\n<br \/><a href=\"https:\/\/www.boston.com\/news\/local-news\/2024\/08\/27\/tim-walz-is-coming-back-to-boston-wednesday-heres-what-to-know\/\">Source link <\/a><\/p>","protected":false},"excerpt":{"rendered":"<p>Not\u00edcias locais \u00c9 a segunda apari\u00e7\u00e3o de Walz em Boston em duas semanas. O candidato democrata \u00e0 vice-presid\u00eancia, governador de Minnesota, Tim Walz, durante a Conven\u00e7\u00e3o Nacional Democrata, quinta-feira, 22&hellip;<\/p>","protected":false},"author":1,"featured_media":28864,"comment_status":"closed","ping_status":"open","sticky":false,"template":"","format":"standard","meta":{"content-type":"","footnotes":""},"categories":[1],"tags":[],"class_list":["post-28863","post","type-post","status-publish","format-standard","has-post-thumbnail","hentry","category-uncategorized"],"_links":{"self":[{"href":"https:\/\/tvbrazilusa.com\/pt\/wp-json\/wp\/v2\/posts\/28863","targetHints":{"allow":["GET"]}}],"collection":[{"href":"https:\/\/tvbrazilusa.com\/pt\/wp-json\/wp\/v2\/posts"}],"about":[{"href":"https:\/\/tvbrazilusa.com\/pt\/wp-json\/wp\/v2\/types\/post"}],"author":[{"embeddable":true,"href":"https:\/\/tvbrazilusa.com\/pt\/wp-json\/wp\/v2\/users\/1"}],"replies":[{"embeddable":true,"href":"https:\/\/tvbrazilusa.com\/pt\/wp-json\/wp\/v2\/comments?post=28863"}],"version-history":[{"count":1,"href":"https:\/\/tvbrazilusa.com\/pt\/wp-json\/wp\/v2\/posts\/28863\/revisions"}],"predecessor-version":[{"id":28865,"href":"https:\/\/tvbrazilusa.com\/pt\/wp-json\/wp\/v2\/posts\/28863\/revisions\/28865"}],"wp:featuredmedia":[{"embeddable":true,"href":"https:\/\/tvbrazilusa.com\/pt\/wp-json\/wp\/v2\/media\/28864"}],"wp:attachment":[{"href":"https:\/\/tvbrazilusa.com\/pt\/wp-json\/wp\/v2\/media?parent=28863"}],"wp:term":[{"taxonomy":"category","embeddable":true,"href":"https:\/\/tvbrazilusa.com\/pt\/wp-json\/wp\/v2\/categories?post=28863"},{"taxonomy":"post_tag","embeddable":true,"href":"https:\/\/tvbrazilusa.com\/pt\/wp-json\/wp\/v2\/tags?post=28863"}],"curies":[{"name":"wp","href":"https:\/\/api.w.org\/{rel}","templated":true}]}}