{"id":28872,"date":"2024-08-27T12:34:15","date_gmt":"2024-08-27T12:34:15","guid":{"rendered":"https:\/\/tvbrazilusa.com\/2024\/08\/27\/zuckerberg-diz-que-a-casa-branca-pressionou-o-facebook-sobre-alguns-conteudos-sobre-covid-19-durante-a-pandemia\/"},"modified":"2024-08-27T13:11:39","modified_gmt":"2024-08-27T13:11:39","slug":"zuckerberg-diz-que-a-casa-branca-pressionou-o-facebook-sobre-alguns-conteudos-sobre-covid-19-durante-a-pandemia","status":"publish","type":"post","link":"https:\/\/tvbrazilusa.com\/pt\/2024\/08\/27\/zuckerberg-diz-que-a-casa-branca-pressionou-o-facebook-sobre-alguns-conteudos-sobre-covid-19-durante-a-pandemia\/","title":{"rendered":"Zuckerberg diz que a Casa Branca pressionou o Facebook sobre alguns conte\u00fados sobre COVID-19 durante a pandemia"},"content":{"rendered":"<p> <script async src=\"https:\/\/pagead2.googlesyndication.com\/pagead\/js\/adsbygoogle.js?client=ca-pub-8864793242727901\"\r\n     crossorigin=\"anonymous\"><\/script><br \/>\n<\/p>\n<div id=\"\">\n<header class=\"m-article-header m-article-header--standard\">\n\t\t\t\t\t\t\t\t\t\t\t\t<span id=\"article-header-primary-term\"><br \/>\n\t\t\t\t\t\t\t\t<a class=\"a-term a-term--primary\" href=\"https:\/\/www.boston.com\/tag\/national-news\/\"><\/p>\n<p>\t\t\t\t\t\t\t\tNot\u00edcias Nacionais\t\t\t\t\t\t\t\t<\/a><br \/>\n\t\t\t\t\t\t\t<\/span><\/p>\n<h2 class=\"m-article-header__sub-headline\">Zuckerberg alega que os funcion\u00e1rios, incluindo os da Casa Branca, \u201cpressionaram repetidamente\u201d o Facebook durante meses para remover \u201ccertos conte\u00fados sobre a COVID-19, incluindo humor e s\u00e1tira\u201d.<\/h2>\n<figure class=\"a-photo m-article-header__photo\"><figcaption class=\"a-photo__caption\">\n<p>\tO CEO do Facebook, Mark Zuckerberg, testemunha perante uma audi\u00eancia conjunta dos Comit\u00eas de Com\u00e9rcio e Judici\u00e1rio no Capit\u00f3lio, em Washington, em 10 de abril de 2018.  <em> AP Photo\/Alex Brandon, Arquivo<\/em>\t<\/figcaption><\/figure>\n<div class=\"m-article-header__meta\">\n<div class=\"m-article-header__byline\">\n<p class=\"m-article-header__author\">\n<p>\t\t\t\t\t\t\t\tPor Associated Press\t\t\t\t\t\t\t<\/p>\n<p>\t\t\t\t\t\t    \t\t\t\t\t\t\t<time class=\"m-article-header__date\"><\/p>\n<p>        \t\t\t\t\t\t\t27 de agosto de 2024 | 8h34    \t\t\t\t\t\t\t<\/time><\/p><\/div>\n<\/p><\/div>\n<\/header>\n<p>WASHINGTON (AP) \u2014 O CEO da Meta, Mark Zuckerberg, disse que altos funcion\u00e1rios do governo Biden pressionaram o Facebook a \u201ccensurar\u201d alguns<a href=\"https:\/\/www.boston.com\/tag\/coronavirus\/\"> COVID 19<\/a> conte\u00fado durante a pandemia e prometeu que a gigante das m\u00eddias sociais reagiria caso enfrentasse tais demandas novamente.<\/p>\n<p>Em uma carta ao deputado Jim Jordan, presidente republicano do Comit\u00ea Judici\u00e1rio da C\u00e2mara, Zuckerberg alega que as autoridades, incluindo as da Casa Branca, \u201cpressionaram repetidamente\u201d o Facebook durante meses para remover \u201ccertos conte\u00fados sobre a COVID-19, incluindo humor e s\u00e1tira\u201d.<\/p>\n<p>Os funcion\u00e1rios \u201cexpressaram muita frustra\u00e7\u00e3o\u201d quando a empresa n\u00e3o concordou, disse ele na carta.<\/p>\n<p>\u201cAcredito que a press\u00e3o do governo foi errada e lamento que n\u00e3o tenhamos sido mais francos sobre isso\u201d, escreveu Zuckerberg na carta datada de 26 de agosto e publicada na p\u00e1gina do comit\u00ea no Facebook e em sua conta no X.<\/p>\n<p>A carta \u00e9 a mais recente rejei\u00e7\u00e3o de Zuckerberg aos esfor\u00e7os para combater a desinforma\u00e7\u00e3o sobre a pandemia do coronav\u00edrus durante e ap\u00f3s a elei\u00e7\u00e3o presidencial de 2020, principalmente porque surgiram alega\u00e7\u00f5es de que algumas postagens foram exclu\u00eddas ou restringidas indevidamente.<\/p>\n<p>\u201cEu tamb\u00e9m acho que fizemos algumas escolhas que, com o benef\u00edcio da retrospectiva e novas informa\u00e7\u00f5es, n\u00e3o far\u00edamos hoje\u201d, ele disse, sem elaborar. \u201cEstamos prontos para reagir se algo assim acontecer novamente.\u201d<\/p>\n<p>Em resposta, a Casa Branca disse em uma declara\u00e7\u00e3o que, \u201cQuando confrontada com uma pandemia mortal, esta Administra\u00e7\u00e3o encorajou a\u00e7\u00f5es respons\u00e1veis \u200b\u200bpara proteger a sa\u00fade e a seguran\u00e7a p\u00fablicas. Nossa posi\u00e7\u00e3o tem sido clara e consistente: acreditamos que as empresas de tecnologia e outros atores privados devem levar em conta os efeitos que suas a\u00e7\u00f5es t\u00eam sobre o povo americano, ao mesmo tempo em que fazem escolhas independentes sobre as informa\u00e7\u00f5es que apresentam.\u201d<\/p>\n<p>Especialistas alertam que as elei\u00e7\u00f5es dos EUA deste ano podem ser inundadas por desinforma\u00e7\u00e3o nas m\u00eddias sociais com a prolifera\u00e7\u00e3o de intelig\u00eancia artificial e outras ferramentas para produzir not\u00edcias falsas e conte\u00fado que pode enganar os eleitores.<\/p>\n<p>No in\u00edcio de 2021, o Facebook anexou o que Zuckerberg chamou de r\u00f3tulos com \u201cinforma\u00e7\u00f5es confi\u00e1veis\u201d a postagens sobre vacinas contra a COVID-19. Isso depois que ele agiu em abril de 2020 \u2014 assim que o v\u00edrus levou a paralisa\u00e7\u00f5es globais e mudan\u00e7as radicais na vida cotidiana \u2014 para alertar usu\u00e1rios que compartilhavam informa\u00e7\u00f5es erradas sobre a COVID-19.<\/p>\n<p>Os conservadores h\u00e1 muito tempo ridicularizam o Facebook e outras grandes empresas de tecnologia por favorecerem prioridades liberais e as acusam de censura.<\/p>\n<p>Zuckerberg tentou mudar a percep\u00e7\u00e3o da empresa na direita, indo ao programa do podcaster Joe Rogan em 2022 e elogiando a resposta do candidato republicano Donald Trump a uma tentativa de assassinato como &#8220;dur\u00e3o&#8221;. Ele enviou a carta de segunda-feira ao Comit\u00ea Judici\u00e1rio da C\u00e2mara, cujo presidente, Jordan, \u00e9 um aliado de longa data de Trump.<\/p>\n<p>Zuckerberg tamb\u00e9m disse que n\u00e3o doaria mais dinheiro para ampliar o acesso dos eleitores \u00e0s elei\u00e7\u00f5es por meio da Chan Zuckerberg Initiative, a empresa que administra a filantropia para ele e sua esposa, Priscilla Chan.<\/p>\n<p>O casal j\u00e1 doou US$ 400 milh\u00f5es para ajudar os escrit\u00f3rios eleitorais locais a se prepararem para os eleitores na elei\u00e7\u00e3o presidencial de 2020, com fundos usados \u200b\u200bpara comprar equipamentos de prote\u00e7\u00e3o para evitar a dissemina\u00e7\u00e3o do coronav\u00edrus em locais de vota\u00e7\u00e3o, locais de vota\u00e7\u00e3o drive-thru e equipamentos para processar c\u00e9dulas pelo correio.<\/p>\n<p>\u201cSei que algumas pessoas acreditam que esse trabalho beneficiou uma parte em detrimento da outra\u201d, apesar das an\u00e1lises mostrarem o contr\u00e1rio, ele disse. \u201cMeu objetivo \u00e9 ser neutro e n\u00e3o desempenhar um papel de uma forma ou de outra \u2013 ou mesmo parecer estar desempenhando um papel. Ent\u00e3o, n\u00e3o planejo fazer uma contribui\u00e7\u00e3o semelhante neste ciclo.\u201d<\/p>\n<div class=\"m-block m-generic-cta\t m-generic-cta--post-content\t m-generic-cta--dark\t m-generic-cta--homepage\t m-generic-cta--email-signup\t\t m-generic-cta-block-style--default \tt-amp__generic-cta\"><\/p>\n<div class=\"m-generic-cta__wrap\">\n<div class=\"m-generic-cta__content\">\n<h3 class=\"m-generic-cta__title\">Alertas de not\u00edcias extras<\/h3>\n<p class=\"m-generic-cta__subtitle\">Receba atualiza\u00e7\u00f5es de \u00faltima hora assim que elas acontecerem.<\/p>\n<\/p><\/div>\n<\/p><\/div>\n<\/div><\/div>\n<p><script>\n\t\tvar consent=\"grant\";\n\t\t\/* The above code is parsing the JSON data from the local storage and storing it in a variable. *\/\n\t\t\t\t\tconst onetrustStorageConsent = JSON.parse(localStorage.getItem( 'consent_one_trust_bdc' ) );\n\t\t\tif ( ( onetrustStorageConsent !== null ) ) {\n\t\t\t\t\/* Checking to see if the user has consented to the use of cookies.\n\t\t\t\t* If they have not, it is deleting the cookie.\n\t\t\t\t* This will comment for now, until further notice.\n\t\t\t\t*\/\n\t\t\t\t\/\/if ( onetrustStorageConsent.C0002 === false ) {\n\t\t\t\t\/\/\tdocument.cookie=\"_fbp=;expires=Thu, 01 Jan 2010 00:00:00 UTC; path=\/; domain=.boston.com\";\n\t\t\t\t\/\/}\n\t\t\t\t\/* Checking if the user has given consent for the cookie C0002.\n\t\t\t\t* If the user has given consent, the variable consent will be set to 'grant'.\n\t\t\t\t* If the user has not given consent,the variable consent will be set to 'revoke'.\n\t\t\t\t* Documentation https:\/\/developers.facebook.com\/docs\/meta-pixel\/implementation\/gdpr\n\t\t\t\t*\/\n\t\t\t\tif ( onetrustStorageConsent.C0002 !== true ) {\n\t\t\t\t\tconsent=\"revoke\";\n\t\t\t\t}\n\t\t\t}\n\t\t\t\t!function(f,b,e,v,n,t,s)\n\t\t{if(f.fbq)return;n=f.fbq=function(){n.callMethod?\n\t\tn.callMethod.apply(n,arguments):n.queue.push(arguments)};\n\t\tif(!f._fbq)f._fbq=n;n.push=n;n.loaded=!0;n.version='2.0';\n\t\tn.queue=[];t=b.createElement(e);t.async=!0;\n\t\tt.src=v;s=b.getElementsByTagName(e)[0];\n\t\ts.parentNode.insertBefore(t,s)}(window, document,'script',\n\t\t'https:\/\/connect.facebook.net\/en_US\/fbevents.js');\n\t\tfbq('consent', consent);\n\t\tfbq('init', '989222871864976');\n\t\tfbq('track', 'PageView');\n\t<\/script><script type=\"module\">\n\t\tvar consent=\"grant\";\n\t\t\/* The above code is parsing the JSON data from the local storage and storing it in a variable. *\/\n\t\t\tconst onetrustStorageConsent = JSON.parse(localStorage.getItem( 'consent_one_trust_bdc' ) );\n\t\t\t\/* Checking to see if the user has consented to the use of cookies.\n\t\t\t* If they have not, it is deleting the cookie.\n\t\t\t* This will comment for now, until further notice.\n\t\t\t*\/\n\t\t\t\/\/if ( onetrustStorageConsent.C0002 === false ) {\n\t\t\t\/\/\tdocument.cookie=\"_fbp=;expires=Thu, 01 Jan 2010 00:00:00 UTC; path=\/; domain=.boston.com\";\n\t\t\t\/\/}\n\t\t\t\/* Checking if the user has given consent for the cookie C0002.\n\t\t\t* If the user has given consent, the variable consent will be set to 'grant'.\n\t\t\t* If the user has not given consent,the variable consent will be set to 'revoke'.\n\t\t\t* Documentation https:\/\/developers.facebook.com\/docs\/meta-pixel\/implementation\/gdpr\n\t\t\t*\/\n\t\t\tif ( ( onetrustStorageConsent !== null ) && (onetrustStorageConsent.C0002 !== true ) ) {\n\t\t\t\tconsent=\"revoke\";\n\t\t\t}\n\t\t\t\t!function(f,b,e,v,n,t,s){if(f.fbq)return;n=f.fbq=function()\n\t\t{n.callMethod? n.callMethod.apply(n,arguments):n.queue.push(arguments)}\n\t\t;if(!f._fbq)f._fbq=n;\n\t\tn.push=n;n.loaded=!0;n.version='2.0';n.queue=[];t=b.createElement(e);t.async=!0;\n\t\tt.src=v;s=b.getElementsByTagName(e)[0];s.parentNode.insertBefore(t,s)}(window,\n\t\tdocument,'script','https:\/\/connect.facebook.net\/en_US\/fbevents.js');\n\t\tfbq('consent', consent);\n\t\tfbq('init', '813236348753005');\n\t\tfbq('track', \"PageView\");\n\t<\/script><br \/>\n<br \/><br \/>\n<br \/><a href=\"https:\/\/www.boston.com\/news\/national-news\/2024\/08\/27\/zuckerberg-says-white-house-pressured-facebook-covid-19-content\/\">Source link <\/a><\/p>","protected":false},"excerpt":{"rendered":"<p>Not\u00edcias Nacionais Zuckerberg alega que os funcion\u00e1rios, incluindo os da Casa Branca, \u201cpressionaram repetidamente\u201d o Facebook durante meses para remover \u201ccertos conte\u00fados sobre a COVID-19, incluindo humor e s\u00e1tira\u201d. O&hellip;<\/p>","protected":false},"author":1,"featured_media":28873,"comment_status":"closed","ping_status":"open","sticky":false,"template":"","format":"standard","meta":{"content-type":"","footnotes":""},"categories":[1],"tags":[],"class_list":["post-28872","post","type-post","status-publish","format-standard","has-post-thumbnail","hentry","category-uncategorized"],"_links":{"self":[{"href":"https:\/\/tvbrazilusa.com\/pt\/wp-json\/wp\/v2\/posts\/28872","targetHints":{"allow":["GET"]}}],"collection":[{"href":"https:\/\/tvbrazilusa.com\/pt\/wp-json\/wp\/v2\/posts"}],"about":[{"href":"https:\/\/tvbrazilusa.com\/pt\/wp-json\/wp\/v2\/types\/post"}],"author":[{"embeddable":true,"href":"https:\/\/tvbrazilusa.com\/pt\/wp-json\/wp\/v2\/users\/1"}],"replies":[{"embeddable":true,"href":"https:\/\/tvbrazilusa.com\/pt\/wp-json\/wp\/v2\/comments?post=28872"}],"version-history":[{"count":1,"href":"https:\/\/tvbrazilusa.com\/pt\/wp-json\/wp\/v2\/posts\/28872\/revisions"}],"predecessor-version":[{"id":28874,"href":"https:\/\/tvbrazilusa.com\/pt\/wp-json\/wp\/v2\/posts\/28872\/revisions\/28874"}],"wp:featuredmedia":[{"embeddable":true,"href":"https:\/\/tvbrazilusa.com\/pt\/wp-json\/wp\/v2\/media\/28873"}],"wp:attachment":[{"href":"https:\/\/tvbrazilusa.com\/pt\/wp-json\/wp\/v2\/media?parent=28872"}],"wp:term":[{"taxonomy":"category","embeddable":true,"href":"https:\/\/tvbrazilusa.com\/pt\/wp-json\/wp\/v2\/categories?post=28872"},{"taxonomy":"post_tag","embeddable":true,"href":"https:\/\/tvbrazilusa.com\/pt\/wp-json\/wp\/v2\/tags?post=28872"}],"curies":[{"name":"wp","href":"https:\/\/api.w.org\/{rel}","templated":true}]}}