{"id":28881,"date":"2024-08-27T13:35:28","date_gmt":"2024-08-27T13:35:28","guid":{"rendered":"https:\/\/tvbrazilusa.com\/2024\/08\/27\/gradualmente-ficando-mais-umido-no-final-da-semana-wsvn-7news-noticias-de-miami-clima-esportes-fort-lauderdale\/"},"modified":"2024-08-27T13:53:58","modified_gmt":"2024-08-27T13:53:58","slug":"gradualmente-ficando-mais-umido-no-final-da-semana-wsvn-7news-noticias-de-miami-clima-esportes-fort-lauderdale","status":"publish","type":"post","link":"https:\/\/tvbrazilusa.com\/pt\/2024\/08\/27\/gradualmente-ficando-mais-umido-no-final-da-semana-wsvn-7news-noticias-de-miami-clima-esportes-fort-lauderdale\/","title":{"rendered":"Gradualmente ficando mais \u00famido no final da semana &#8211; WSVN 7News | Not\u00edcias de Miami, Clima, Esportes | Fort Lauderdale"},"content":{"rendered":"<p> <script async src=\"https:\/\/pagead2.googlesyndication.com\/pagead\/js\/adsbygoogle.js?client=ca-pub-8864793242727901\"\r\n     crossorigin=\"anonymous\"><\/script><br \/>\n<\/p>\n<div itemprop=\"articleBody\">\n<p>Os modelos est\u00e3o mostrando que o padr\u00e3o ficar\u00e1 gradualmente mais \u00famido no final da semana. Parece que a avenida estar\u00e1 se abrindo para que umidade mais profunda venha do Caribe. Isso significa que o fim de semana do Dia do Trabalho n\u00e3o ser\u00e1 um fracasso, mas conte com tempestades dispersas \u00e0s vezes.<\/p>\n<figure class=\"wp-block-image size-large\"><\/figure>\n<p class=\"has-text-align-center\"><strong>Hoje nos Tr\u00f3picos <\/strong><\/p>\n<p> A baixa press\u00e3o est\u00e1 prevista para se formar sobre o Atl\u00e2ntico Tropical Central nos pr\u00f3ximos dias, \u00e0 medida que as condi\u00e7\u00f5es se tornam mais favor\u00e1veis. O NHC est\u00e1 dando uma baixa chance de se desenvolver durante os pr\u00f3ximos 7 dias.<\/p>\n<figure class=\"wp-block-image size-large\"><img fetchpriority=\"high\" decoding=\"async\" width=\"1920\" height=\"1080\" src=\"https:\/\/wsvn.com\/wp-content\/uploads\/sites\/2\/2024\/08\/Francine-Formation-Potential-Areas-KML.png?w=1024\" alt=\"\" class=\"wp-image-1477835\" srcset=\"https:\/\/wsvn.com\/wp-content\/uploads\/sites\/2\/2024\/08\/Francine-Formation-Potential-Areas-KML.png 1920w, https:\/\/wsvn.com\/wp-content\/uploads\/sites\/2\/2024\/08\/Francine-Formation-Potential-Areas-KML.png?resize=300,169 300w, https:\/\/wsvn.com\/wp-content\/uploads\/sites\/2\/2024\/08\/Francine-Formation-Potential-Areas-KML.png?resize=768,432 768w, https:\/\/wsvn.com\/wp-content\/uploads\/sites\/2\/2024\/08\/Francine-Formation-Potential-Areas-KML.png?resize=1024,576 1024w, https:\/\/wsvn.com\/wp-content\/uploads\/sites\/2\/2024\/08\/Francine-Formation-Potential-Areas-KML.png?resize=1536,864 1536w\" sizes=\"(max-width: 1920px) 100vw, 1920px\"\/><\/figure>\n<p>Vivian Gonz\u00e1lez<\/p>\n<p>Meteorologista, certificado pela AMS <\/p>\n<p>Canal 7 da WSVN <\/p>\n<div class=\"wp-block-newsletter\">\n\t<strong class=\"wp-block-newsletter__title\">Inscreva-se em nossa Newsletter para receber as \u00faltimas not\u00edcias diretamente na sua caixa de entrada<\/strong><\/p>\n<\/div><\/div>\n<p><br \/>\n<br \/><a href=\"https:\/\/wsvn.com\/weather-blog\/gradually-getting-wetter-late-week\/\">Source link <\/a><\/p>","protected":false},"excerpt":{"rendered":"<p>Os modelos est\u00e3o mostrando que o padr\u00e3o ficar\u00e1 gradualmente mais \u00famido no final da semana. Parece que a avenida estar\u00e1 se abrindo para que umidade mais profunda venha do Caribe.&hellip;<\/p>","protected":false},"author":1,"featured_media":28882,"comment_status":"closed","ping_status":"open","sticky":false,"template":"","format":"standard","meta":{"content-type":"","footnotes":""},"categories":[1],"tags":[],"class_list":["post-28881","post","type-post","status-publish","format-standard","has-post-thumbnail","hentry","category-uncategorized"],"_links":{"self":[{"href":"https:\/\/tvbrazilusa.com\/pt\/wp-json\/wp\/v2\/posts\/28881","targetHints":{"allow":["GET"]}}],"collection":[{"href":"https:\/\/tvbrazilusa.com\/pt\/wp-json\/wp\/v2\/posts"}],"about":[{"href":"https:\/\/tvbrazilusa.com\/pt\/wp-json\/wp\/v2\/types\/post"}],"author":[{"embeddable":true,"href":"https:\/\/tvbrazilusa.com\/pt\/wp-json\/wp\/v2\/users\/1"}],"replies":[{"embeddable":true,"href":"https:\/\/tvbrazilusa.com\/pt\/wp-json\/wp\/v2\/comments?post=28881"}],"version-history":[{"count":1,"href":"https:\/\/tvbrazilusa.com\/pt\/wp-json\/wp\/v2\/posts\/28881\/revisions"}],"predecessor-version":[{"id":28883,"href":"https:\/\/tvbrazilusa.com\/pt\/wp-json\/wp\/v2\/posts\/28881\/revisions\/28883"}],"wp:featuredmedia":[{"embeddable":true,"href":"https:\/\/tvbrazilusa.com\/pt\/wp-json\/wp\/v2\/media\/28882"}],"wp:attachment":[{"href":"https:\/\/tvbrazilusa.com\/pt\/wp-json\/wp\/v2\/media?parent=28881"}],"wp:term":[{"taxonomy":"category","embeddable":true,"href":"https:\/\/tvbrazilusa.com\/pt\/wp-json\/wp\/v2\/categories?post=28881"},{"taxonomy":"post_tag","embeddable":true,"href":"https:\/\/tvbrazilusa.com\/pt\/wp-json\/wp\/v2\/tags?post=28881"}],"curies":[{"name":"wp","href":"https:\/\/api.w.org\/{rel}","templated":true}]}}