{"id":28910,"date":"2024-08-27T11:37:32","date_gmt":"2024-08-27T11:37:32","guid":{"rendered":"https:\/\/tvbrazilusa.com\/2024\/08\/27\/mariah-carey-lamenta-a-morte-de-sua-mae-e-irma-que-morreram-no-mesmo-dia-wsvn-7news-noticias-de-miami-clima-esportes-fort-lauderdale\/"},"modified":"2024-08-27T14:50:33","modified_gmt":"2024-08-27T14:50:33","slug":"mariah-carey-lamenta-a-morte-de-sua-mae-e-irma-que-morreram-no-mesmo-dia-wsvn-7news-noticias-de-miami-clima-esportes-fort-lauderdale","status":"publish","type":"post","link":"https:\/\/tvbrazilusa.com\/pt\/2024\/08\/27\/mariah-carey-lamenta-a-morte-de-sua-mae-e-irma-que-morreram-no-mesmo-dia-wsvn-7news-noticias-de-miami-clima-esportes-fort-lauderdale\/","title":{"rendered":"Mariah Carey lamenta a morte de sua m\u00e3e e irm\u00e3, que morreram &#8216;no mesmo dia&#8217; &#8211; WSVN 7News | Not\u00edcias de Miami, Clima, Esportes | Fort Lauderdale"},"content":{"rendered":"<p> <script async src=\"https:\/\/pagead2.googlesyndication.com\/pagead\/js\/adsbygoogle.js?client=ca-pub-8864793242727901\"\r\n     crossorigin=\"anonymous\"><\/script><br \/>\n<\/p>\n<div itemprop=\"articleBody\">\n<p>(CNN) \u2014 Mariah Carey est\u00e1 de luto pelas recentes mortes de sua m\u00e3e e irm\u00e3, que, segundo a cantora, morreram \u201cno mesmo dia\u201d.<\/p>\n<p>\u201cMeu cora\u00e7\u00e3o est\u00e1 partido por ter perdido minha m\u00e3e no \u00faltimo fim de semana. Infelizmente, em uma tr\u00e1gica reviravolta de eventos, minha irm\u00e3 perdeu a vida no mesmo dia\u201d, disse Mariah Carey em uma declara\u00e7\u00e3o \u00e0 CNN na segunda-feira.<\/p>\n<p>Detalhes sobre o que causou as mortes de Patricia Carey e Alison Carey, respectivamente, n\u00e3o foram fornecidos pela estrela pop. Patricia Carey tinha 87 anos. Alison Carey, moradora de Coxsackie, Nova York, tinha 63 anos, de acordo com um artigo do jornal Times Union sobre sua morte.<\/p>\n<p>A cantora de \u201cAll I Want for Christmas\u201d acrescentou em sua declara\u00e7\u00e3o: \u201cSinto-me aben\u00e7oada por ter conseguido passar a \u00faltima semana com minha m\u00e3e antes de ela falecer. Agrade\u00e7o o amor, o apoio e o respeito de todos pela minha privacidade durante esse momento imposs\u00edvel.\u201d<\/p>\n<p>Patricia Carey foi uma cantora de \u00f3pera treinada pela Juilliard e uma treinadora vocal. Ela foi casada com o pai de Mariah Carey, Alfred Roy, de quem se separou quando Mariah Carey tinha tr\u00eas anos. Roy morreu em 2002.<\/p>\n<p>Em seu livro de mem\u00f3rias de 2020, \u201cThe Meaning of Mariah Carey\u201d, Mariah Carey se abriu sobre seu relacionamento \u201ccomplicado\u201d com sua m\u00e3e, escrevendo que \u2033como muitos aspectos da minha vida, minha jornada com minha m\u00e3e foi cheia de contradi\u00e7\u00f5es e realidades conflitantes\u201d.<\/p>\n<p>Apesar do relacionamento \u00e0s vezes tenso, Mariah Carey incluiu sua m\u00e3e na dedicat\u00f3ria de abertura do livro.<\/p>\n<p>\u201cE para Pat, minha m\u00e3e, que, apesar de tudo, eu acredito que realmente fez o melhor que p\u00f4de. Eu te amarei o melhor que puder, sempre\u201d, ela escreveu.<\/p>\n<p>Mariah Carey teria se afastado de sua irm\u00e3 Alison Carey, que a processou em 2021 por infli\u00e7\u00e3o intencional de sofrimento emocional causado por alguns dos conte\u00fados das mem\u00f3rias de Mariah Carey.<\/p>\n<p>No processo movido em Nova York, Alison Carey alegou que sua irm\u00e3 mais nova usou seu livro como um meio de &#8220;humilh\u00e1-la e envergonh\u00e1-la&#8221;, de acordo com uma c\u00f3pia da den\u00fancia obtida pela CNN.<\/p>\n<p>De acordo com registros judiciais online, Mariah Carey nunca apresentou uma resposta legal \u00e0 a\u00e7\u00e3o.<\/p>\n<p>Mariah Carey \u00e9 uma de tr\u00eas filhos. Al\u00e9m de Alison Carey, Patricia Carey tamb\u00e9m foi m\u00e3e do filho Morgan Carey.<\/p>\n<p><em>The-CNN-Wire\u2122 &#038; \u00a9 2024 Cable News Network, Inc., uma empresa Time Warner. Todos os direitos reservados.<\/em><\/p>\n<div class=\"wp-block-newsletter\">\n\t<strong class=\"wp-block-newsletter__title\">Inscreva-se em nossa Newsletter para receber as \u00faltimas not\u00edcias diretamente na sua caixa de entrada<\/strong><\/p>\n<\/div><\/div>\n<p><br \/>\n<br \/><a href=\"https:\/\/wsvn.com\/entertainment\/mariah-carey-mourns-the-deaths-of-her-mom-and-sister-who-died-on-the-same-day\/\">Source link <\/a><\/p>","protected":false},"excerpt":{"rendered":"<p>(CNN) \u2014 Mariah Carey est\u00e1 de luto pelas recentes mortes de sua m\u00e3e e irm\u00e3, que, segundo a cantora, morreram \u201cno mesmo dia\u201d. \u201cMeu cora\u00e7\u00e3o est\u00e1 partido por ter perdido&hellip;<\/p>","protected":false},"author":1,"featured_media":28911,"comment_status":"closed","ping_status":"open","sticky":false,"template":"","format":"standard","meta":{"content-type":"","footnotes":""},"categories":[1],"tags":[],"class_list":["post-28910","post","type-post","status-publish","format-standard","has-post-thumbnail","hentry","category-uncategorized"],"_links":{"self":[{"href":"https:\/\/tvbrazilusa.com\/pt\/wp-json\/wp\/v2\/posts\/28910","targetHints":{"allow":["GET"]}}],"collection":[{"href":"https:\/\/tvbrazilusa.com\/pt\/wp-json\/wp\/v2\/posts"}],"about":[{"href":"https:\/\/tvbrazilusa.com\/pt\/wp-json\/wp\/v2\/types\/post"}],"author":[{"embeddable":true,"href":"https:\/\/tvbrazilusa.com\/pt\/wp-json\/wp\/v2\/users\/1"}],"replies":[{"embeddable":true,"href":"https:\/\/tvbrazilusa.com\/pt\/wp-json\/wp\/v2\/comments?post=28910"}],"version-history":[{"count":1,"href":"https:\/\/tvbrazilusa.com\/pt\/wp-json\/wp\/v2\/posts\/28910\/revisions"}],"predecessor-version":[{"id":28912,"href":"https:\/\/tvbrazilusa.com\/pt\/wp-json\/wp\/v2\/posts\/28910\/revisions\/28912"}],"wp:featuredmedia":[{"embeddable":true,"href":"https:\/\/tvbrazilusa.com\/pt\/wp-json\/wp\/v2\/media\/28911"}],"wp:attachment":[{"href":"https:\/\/tvbrazilusa.com\/pt\/wp-json\/wp\/v2\/media?parent=28910"}],"wp:term":[{"taxonomy":"category","embeddable":true,"href":"https:\/\/tvbrazilusa.com\/pt\/wp-json\/wp\/v2\/categories?post=28910"},{"taxonomy":"post_tag","embeddable":true,"href":"https:\/\/tvbrazilusa.com\/pt\/wp-json\/wp\/v2\/tags?post=28910"}],"curies":[{"name":"wp","href":"https:\/\/api.w.org\/{rel}","templated":true}]}}