{"id":28967,"date":"2024-08-27T17:02:37","date_gmt":"2024-08-27T17:02:37","guid":{"rendered":"https:\/\/tvbrazilusa.com\/2024\/08\/27\/cao-da-familia-e-creditado-por-salvar-morador-de-ayer-de-incendio-durante-a-noite\/"},"modified":"2024-08-27T17:08:43","modified_gmt":"2024-08-27T17:08:43","slug":"cao-da-familia-e-creditado-por-salvar-morador-de-ayer-de-incendio-durante-a-noite","status":"publish","type":"post","link":"https:\/\/tvbrazilusa.com\/pt\/2024\/08\/27\/cao-da-familia-e-creditado-por-salvar-morador-de-ayer-de-incendio-durante-a-noite\/","title":{"rendered":"C\u00e3o da fam\u00edlia \u00e9 creditado por salvar morador de Ayer de inc\u00eandio durante a noite"},"content":{"rendered":"<p> <script async src=\"https:\/\/pagead2.googlesyndication.com\/pagead\/js\/adsbygoogle.js?client=ca-pub-8864793242727901\"\r\n     crossorigin=\"anonymous\"><\/script><br \/>\n<\/p>\n<div id=\"\">\n<header class=\"m-article-header m-article-header--standard\">\n\t\t\t\t\t\t\t\t\t\t\t\t<span id=\"article-header-primary-term\"><br \/>\n\t\t\t\t\t\t\t\t<a class=\"a-term a-term--primary\" href=\"https:\/\/www.boston.com\/tag\/local-news\/\"><\/p>\n<p>\t\t\t\t\t\t\t\tNot\u00edcias locais\t\t\t\t\t\t\t\t<\/a><br \/>\n\t\t\t\t\t\t\t<\/span><\/p>\n<h2 class=\"m-article-header__sub-headline\">O c\u00e3o est\u00e1 em condi\u00e7\u00e3o est\u00e1vel ap\u00f3s sofrer inala\u00e7\u00e3o de fuma\u00e7a, disseram os bombeiros.<\/h2>\n<figure class=\"a-photo m-article-header__photo\"><figcaption class=\"a-photo__caption\">\n\t<em> <\/em>\t<\/figcaption><\/figure>\n<\/header>\n<p>Um homem de Ayer tem que agradecer a um cachorro muito bom por acord\u00e1-lo a tempo de escapar de um inc\u00eandio em sua casa nas primeiras horas da manh\u00e3 de segunda-feira.<\/p>\n<p>Os bombeiros de Ayer responderam \u00e0 casa em Mulberry Circle pouco depois da 1h30 para um relato de inc\u00eandio em um pr\u00e9dio, de acordo com um <a href=\"https:\/\/www.facebook.com\/ayerfire\/posts\/pfbid0cjtwQ1b6BSGAxhxpvLYKEbfqwHWDGDBedGkxAJfyGDC5BgJ4PYoyXiq17NGgruFNl\">declara\u00e7\u00e3o<\/a> do departamento.<\/p>\n<p>Ao chegarem, os bombeiros encontraram um inc\u00eandio na cozinha no primeiro andar da casa. O propriet\u00e1rio, que j\u00e1 havia evacuado com seguran\u00e7a, disse que foi acordado por seu cachorro e logo percebeu fuma\u00e7a enchendo os andares superiores da casa. N\u00e3o havia alarmes de fuma\u00e7a funcionando na \u00e1rea de estar da casa, observaram as autoridades. <\/p>\n<p>O cachorro ainda estava dentro do pr\u00e9dio quando os bombeiros chegaram. <\/p>\n<p>Ap\u00f3s apagar o fogo na cozinha e verificar outras \u00e1reas da casa para ver se havia mais fogo, as equipes localizaram o cachorro no segundo andar sofrendo de inala\u00e7\u00e3o de fuma\u00e7a. O pessoal de emerg\u00eancia forneceu oxig\u00eanio no local e, ent\u00e3o, a pol\u00edcia de Ayer ajudou o dono da casa a levar o cachorro a um veterin\u00e1rio de emerg\u00eancia em Westford. O animal de estima\u00e7\u00e3o da fam\u00edlia est\u00e1 em condi\u00e7\u00f5es est\u00e1veis, disseram as autoridades. <\/p>\n<p>\u201cEste incidente foi um quase acidente que poderia ter tido um resultado muito diferente se n\u00e3o fosse pela interven\u00e7\u00e3o sortuda e oportuna do cachorro da fam\u00edlia\u201d, escreveu o Corpo de Bombeiros de Ayer no Facebook. \u201cTODA casa precisa ter alarmes de fuma\u00e7a funcionando em todos os andares habit\u00e1veis \u200b\u200be a 10 p\u00e9s de cada quarto. Este propriet\u00e1rio teve muita sorte de sobreviver ao inc\u00eandio ileso. <\/p>\n<p>\u201cN\u00e3o podemos exagerar a import\u00e2ncia de ter alarmes de fuma\u00e7a e mon\u00f3xido de carbono funcionando em sua casa\u201d, continuou o departamento. \u201cSe voc\u00ea tiver d\u00favidas sobre os alarmes de fuma\u00e7a em sua casa, ligue para n\u00f3s em (978) 772 \u2013 8231. Estamos sempre felizes em responder perguntas por telefone ou agendar uma visita domiciliar.\u201d<\/p>\n<p>Bombeiros de Shirley, Littleton, Devens, Lunenburg e Groton prestaram assist\u00eancia m\u00fatua, e um ve\u00edculo do Corpo de Bombeiros de Westford forneceu cobertura \u00e0 esta\u00e7\u00e3o durante a resposta.<\/p>\n<p>A causa do inc\u00eandio continua sob investiga\u00e7\u00e3o. <\/p>\n<p><iframe src=\"https:\/\/www.facebook.com\/plugins\/post.php?href=https%3A%2F%2Fwww.facebook.com%2Fayerfire%2Fposts%2Fpfbid0cjtwQ1b6BSGAxhxpvLYKEbfqwHWDGDBedGkxAJfyGDC5BgJ4PYoyXiq17NGgruFNl&#038;show_text=true&#038;width=500\" width=\"500\" height=\"706\" style=\"border:none;overflow:hidden\" scrolling=\"no\" frameborder=\"0\" allowfullscreen=\"true\" allow=\"autoplay; clipboard-write; encrypted-media; picture-in-picture; web-share\"><\/iframe><\/p>\n<div class=\"m-block m-generic-cta\t m-generic-cta--post-content\t m-generic-cta--dark\t m-generic-cta--homepage\t m-generic-cta--email-signup\t\t m-generic-cta-block-style--default \tt-amp__generic-cta\"><\/p>\n<div class=\"m-generic-cta__wrap\">\n<div class=\"m-generic-cta__content\">\n<h3 class=\"m-generic-cta__title\">Boston.com Hoje<\/h3>\n<p class=\"m-generic-cta__subtitle\">Inscreva-se para receber as \u00faltimas manchetes na sua caixa de entrada todas as manh\u00e3s.<\/p>\n<\/p><\/div>\n<\/p><\/div>\n<\/div><\/div>\n<p><script>\n\t\tvar consent=\"grant\";\n\t\t\/* The above code is parsing the JSON data from the local storage and storing it in a variable. *\/\n\t\t\t\t\tconst onetrustStorageConsent = JSON.parse(localStorage.getItem( 'consent_one_trust_bdc' ) );\n\t\t\tif ( ( onetrustStorageConsent !== null ) ) {\n\t\t\t\t\/* Checking to see if the user has consented to the use of cookies.\n\t\t\t\t* If they have not, it is deleting the cookie.\n\t\t\t\t* This will comment for now, until further notice.\n\t\t\t\t*\/\n\t\t\t\t\/\/if ( onetrustStorageConsent.C0002 === false ) {\n\t\t\t\t\/\/\tdocument.cookie=\"_fbp=;expires=Thu, 01 Jan 2010 00:00:00 UTC; path=\/; domain=.boston.com\";\n\t\t\t\t\/\/}\n\t\t\t\t\/* Checking if the user has given consent for the cookie C0002.\n\t\t\t\t* If the user has given consent, the variable consent will be set to 'grant'.\n\t\t\t\t* If the user has not given consent,the variable consent will be set to 'revoke'.\n\t\t\t\t* Documentation https:\/\/developers.facebook.com\/docs\/meta-pixel\/implementation\/gdpr\n\t\t\t\t*\/\n\t\t\t\tif ( onetrustStorageConsent.C0002 !== true ) {\n\t\t\t\t\tconsent=\"revoke\";\n\t\t\t\t}\n\t\t\t}\n\t\t\t\t!function(f,b,e,v,n,t,s)\n\t\t{if(f.fbq)return;n=f.fbq=function(){n.callMethod?\n\t\tn.callMethod.apply(n,arguments):n.queue.push(arguments)};\n\t\tif(!f._fbq)f._fbq=n;n.push=n;n.loaded=!0;n.version='2.0';\n\t\tn.queue=[];t=b.createElement(e);t.async=!0;\n\t\tt.src=v;s=b.getElementsByTagName(e)[0];\n\t\ts.parentNode.insertBefore(t,s)}(window, document,'script',\n\t\t'https:\/\/connect.facebook.net\/en_US\/fbevents.js');\n\t\tfbq('consent', consent);\n\t\tfbq('init', '989222871864976');\n\t\tfbq('track', 'PageView');\n\t<\/script><script type=\"module\">\n\t\tvar consent=\"grant\";\n\t\t\/* The above code is parsing the JSON data from the local storage and storing it in a variable. *\/\n\t\t\tconst onetrustStorageConsent = JSON.parse(localStorage.getItem( 'consent_one_trust_bdc' ) );\n\t\t\t\/* Checking to see if the user has consented to the use of cookies.\n\t\t\t* If they have not, it is deleting the cookie.\n\t\t\t* This will comment for now, until further notice.\n\t\t\t*\/\n\t\t\t\/\/if ( onetrustStorageConsent.C0002 === false ) {\n\t\t\t\/\/\tdocument.cookie=\"_fbp=;expires=Thu, 01 Jan 2010 00:00:00 UTC; path=\/; domain=.boston.com\";\n\t\t\t\/\/}\n\t\t\t\/* Checking if the user has given consent for the cookie C0002.\n\t\t\t* If the user has given consent, the variable consent will be set to 'grant'.\n\t\t\t* If the user has not given consent,the variable consent will be set to 'revoke'.\n\t\t\t* Documentation https:\/\/developers.facebook.com\/docs\/meta-pixel\/implementation\/gdpr\n\t\t\t*\/\n\t\t\tif ( ( onetrustStorageConsent !== null ) && (onetrustStorageConsent.C0002 !== true ) ) {\n\t\t\t\tconsent=\"revoke\";\n\t\t\t}\n\t\t\t\t!function(f,b,e,v,n,t,s){if(f.fbq)return;n=f.fbq=function()\n\t\t{n.callMethod? n.callMethod.apply(n,arguments):n.queue.push(arguments)}\n\t\t;if(!f._fbq)f._fbq=n;\n\t\tn.push=n;n.loaded=!0;n.version='2.0';n.queue=[];t=b.createElement(e);t.async=!0;\n\t\tt.src=v;s=b.getElementsByTagName(e)[0];s.parentNode.insertBefore(t,s)}(window,\n\t\tdocument,'script','https:\/\/connect.facebook.net\/en_US\/fbevents.js');\n\t\tfbq('consent', consent);\n\t\tfbq('init', '813236348753005');\n\t\tfbq('track', \"PageView\");\n\t<\/script><br \/>\n<br \/><br \/>\n<br \/><a href=\"https:\/\/www.boston.com\/news\/local-news\/2024\/08\/27\/family-dog-saved-family-ayer-fire\/\">Source link <\/a><\/p>","protected":false},"excerpt":{"rendered":"<p>Not\u00edcias locais O c\u00e3o est\u00e1 em condi\u00e7\u00e3o est\u00e1vel ap\u00f3s sofrer inala\u00e7\u00e3o de fuma\u00e7a, disseram os bombeiros. Um homem de Ayer tem que agradecer a um cachorro muito bom por acord\u00e1-lo&hellip;<\/p>","protected":false},"author":1,"featured_media":28968,"comment_status":"closed","ping_status":"open","sticky":false,"template":"","format":"standard","meta":{"content-type":"","footnotes":""},"categories":[1],"tags":[],"class_list":["post-28967","post","type-post","status-publish","format-standard","has-post-thumbnail","hentry","category-uncategorized"],"_links":{"self":[{"href":"https:\/\/tvbrazilusa.com\/pt\/wp-json\/wp\/v2\/posts\/28967","targetHints":{"allow":["GET"]}}],"collection":[{"href":"https:\/\/tvbrazilusa.com\/pt\/wp-json\/wp\/v2\/posts"}],"about":[{"href":"https:\/\/tvbrazilusa.com\/pt\/wp-json\/wp\/v2\/types\/post"}],"author":[{"embeddable":true,"href":"https:\/\/tvbrazilusa.com\/pt\/wp-json\/wp\/v2\/users\/1"}],"replies":[{"embeddable":true,"href":"https:\/\/tvbrazilusa.com\/pt\/wp-json\/wp\/v2\/comments?post=28967"}],"version-history":[{"count":1,"href":"https:\/\/tvbrazilusa.com\/pt\/wp-json\/wp\/v2\/posts\/28967\/revisions"}],"predecessor-version":[{"id":28969,"href":"https:\/\/tvbrazilusa.com\/pt\/wp-json\/wp\/v2\/posts\/28967\/revisions\/28969"}],"wp:featuredmedia":[{"embeddable":true,"href":"https:\/\/tvbrazilusa.com\/pt\/wp-json\/wp\/v2\/media\/28968"}],"wp:attachment":[{"href":"https:\/\/tvbrazilusa.com\/pt\/wp-json\/wp\/v2\/media?parent=28967"}],"wp:term":[{"taxonomy":"category","embeddable":true,"href":"https:\/\/tvbrazilusa.com\/pt\/wp-json\/wp\/v2\/categories?post=28967"},{"taxonomy":"post_tag","embeddable":true,"href":"https:\/\/tvbrazilusa.com\/pt\/wp-json\/wp\/v2\/tags?post=28967"}],"curies":[{"name":"wp","href":"https:\/\/api.w.org\/{rel}","templated":true}]}}