{"id":28995,"date":"2024-08-27T16:51:52","date_gmt":"2024-08-27T16:51:52","guid":{"rendered":"https:\/\/tvbrazilusa.com\/2024\/08\/27\/perito-aponta-falhas-em-relatorio-da-pf-que-acusou-empresario-de-agredir-filho-de-moraes-no-aeroporto-de-roma-paulo-figueiredo\/"},"modified":"2024-08-27T18:04:18","modified_gmt":"2024-08-27T18:04:18","slug":"perito-aponta-falhas-em-relatorio-da-pf-que-acusou-empresario-de-agredir-filho-de-moraes-no-aeroporto-de-roma-paulo-figueiredo","status":"publish","type":"post","link":"https:\/\/tvbrazilusa.com\/pt\/2024\/08\/27\/perito-aponta-falhas-em-relatorio-da-pf-que-acusou-empresario-de-agredir-filho-de-moraes-no-aeroporto-de-roma-paulo-figueiredo\/","title":{"rendered":"Perito aponta falhas em relat\u00f3rio da PF que acusou empres\u00e1rio de agredir filho de Moraes no Aeroporto de Roma \u2013 Paulo Figueiredo"},"content":{"rendered":"<p> <script async src=\"https:\/\/pagead2.googlesyndication.com\/pagead\/js\/adsbygoogle.js?client=ca-pub-8864793242727901\"\r\n     crossorigin=\"anonymous\"><\/script><br \/>\n<\/p>\n<div id=\"wtr-content\" data-bg=\"#FFFFFF\" data-fg=\"#006d91\" data-width=\"25\" data-mute=\"1\" data-fgopacity=\"1.00\" data-mutedopacity=\"0.5\" data-placement=\"bottom\" data-placement-offset=\"0\" data-content-offset=\"262\" data-placement-touch=\"bottom\" data-placement-offset-touch=\"0\" data-transparent=\"\" data-shadow=\"0\" data-touch=\"1\" data-non-touch=\"1\" data-comments=\"0\" data-commentsbg=\"transparent\" data-location=\"page\" data-mutedfg=\"#006d91\" data-endfg=\"#006d91\" data-rtl=\"\">\n<p>Foto \u2013 Douglas Magno<\/p>\n<h3 class=\"wp-block-heading\">Laudo cita \u2018omiss\u00e3o de cena\u2019 e \u2018supress\u00e3o de frames\u2019 em tumulto em aeroporto que envolve Alexandre de Moraes.<\/h3>\n<p>O professor Ricardo Molina, do Laborat\u00f3rio de Per\u00edcias, viu falhas no relat\u00f3rio da Pol\u00edcia Federal (PF) que apontou agress\u00e3o do empres\u00e1rio Roberto Mantovani contra Alexandre Barci, filho do ministro Alexandre de Moraes, do Supremo Tribunal Federal (STF), no Aeroporto de Roma, em julho do ano passado.\u00a0<strong>O documento da corpora\u00e7\u00e3o chegou a ser usado para indiciar a fam\u00edlia.<\/strong><\/p>\n<p>Molina foi contratado por Mantovani para analisar as imagens da It\u00e1lia. O t\u00e9cnico verificou as grava\u00e7\u00f5es originais na sede do tribunal, na presen\u00e7a do advogado de defesa, Ralph T\u00f3rtima, e servidores do Poder Judici\u00e1rio.\u00a0<strong>Conforme Molina, diferentemente do que tem sido veiculado pela imprensa e por Moraes, a viol\u00eancia partiu de Barci. A conclus\u00e3o gerou uma reviravolta no caso.<\/strong><\/p>\n<h3 class=\"wp-block-heading\">\u201cSupress\u00e3o\u201d em imagens sobre Alexandre de Moraes em aeroporto<\/h3>\n<p>De acordo com o perito, ao acessar o conte\u00fado original vindo da It\u00e1lia, \u201csurpreendentemente, as imagens apresentadas no v\u00eddeo tinham excelente qualidade, ao contr\u00e1rio dos recortes dos\u00a0<em>frames<\/em>\u00a0que foram apresentados no Relat\u00f3rio n\u00b0 004\/23 \u2014 DIP\/PF\u201d.<\/p>\n<p>\u201cOs referidos recortes de\u00a0<em>frame<\/em>\u00a0destoam dos trabalhos normalmente realizados por peritos da PF, os quais adotam como procedimento-padr\u00e3o, a apresenta\u00e7\u00e3o do\u00a0<em>frame<\/em>\u00a0de interesse com preserva\u00e7\u00e3o de todas as informa\u00e7\u00f5es relacionadas\u201d, observou Molina. \u201cN\u00e3o \u00e9 o caso dos recortes de\u00a0<em>frames<\/em>\u00a0apresentados no relat\u00f3rio. Tais recortes est\u00e3o apresentados com tamanho reduzido e, inexplicavelmente, o\u00a0<em>time code<\/em>\u00a0foi suprimido, ou seja, os recortes de\u00a0<em>frame<\/em>\u00a0assim produzidos n\u00e3o permitem a integral visualiza\u00e7\u00e3o de detalhes e informa\u00e7\u00f5es n\u00e3o apenas pela redu\u00e7\u00e3o da qualidade e resolu\u00e7\u00e3o das imagens, como tamb\u00e9m pela supress\u00e3o do\u00a0<em>time code<\/em>\u00a0e ainda a redu\u00e7\u00e3o do espa\u00e7o de visualiza\u00e7\u00e3o.\u201d<\/p>\n<p>Ainda conforme Molina, houve \u201csupress\u00e3o do\u00a0<em>time code<\/em>\u00a0nos recortes de\u00a0<em>frame<\/em>\u00a0constantes no relat\u00f3rio\u201d da PF. \u201cIsso n\u00e3o apenas impede a localiza\u00e7\u00e3o temporal de cada imagem, como n\u00e3o permite avaliar quanto tempo transcorreu entre duas imagens cont\u00edguas\u201d, constatou o professor.<\/p>\n<h3 class=\"wp-block-heading\">Cena omitida<\/h3>\n<p>Em outro trecho do relat\u00f3rio, Molina informa que o documento da PF tem uma \u201ccena omitida\u201d. O epis\u00f3dio mostra Barci dando um \u201ctapa na nuca\u201d de Mantovani.<\/p>\n<p>\u201cA pedido deste perito relator, a cena foi repetida por pelo menos tr\u00eas vezes, inclusive em c\u00e2mera lenta, para demonstrar que Alexandre Barci agride Roberto Mantovani com um tapa na nuca e, s\u00f3 depois de agredido, Roberto Mantovani, instintivamente levanta a m\u00e3o para se proteger e afastar seu agressor resvalando nos \u00f3culos de Alexandre Barci\u201d, escreveu Molina no laudo.<\/p>\n<figure class=\"wp-block-image size-large\"><\/figure>\n<h4 class=\"wp-block-heading\">Persegui\u00e7\u00e3o<\/h4>\n<p>Ao contr\u00e1rio do que concluiu a PF, o perito afirmou que Barci perseguiu a fam\u00edlia no aeroporto, e n\u00e3o o contr\u00e1rio.<\/p>\n<p>\u201cTais imagens descrevem o retorno de Roberto Mantovani e sua fam\u00edlia pelo corredor\u201d, observou o perito. \u201cRoberto Mantovani passa pela sala VIP sem sequer olhar para seu interior. \u00c9 Alexandre Barci quem sai da sala VIP e vai atr\u00e1s de Roberto Mantovani, o qual, a essa altura, j\u00e1 tinha ultrapassado em muito a porta de acesso \u00e0 sala VIP. O v\u00eddeo n\u00e3o mostra Roberto Mantovani e sua fam\u00edlia voltando pelo corredor e indo na dire\u00e7\u00e3o da sala VIP para hostilizar Alexandre de Moraes e seus familiares.\u201d<\/p>\n<figure class=\"wp-block-image size-large\"><img decoding=\"async\" src=\"https:\/\/medias.revistaoeste.com\/qa-staging\/wp-content\/uploads\/2024\/08\/2-1.jpg\" alt=\"\"\/><\/figure>\n<p><strong><a rel=\"nofollow noopener\" target=\"_blank\" href=\"https:\/\/revistaoeste.com\/no-ponto\/perito-aponta-falhas-em-relatorio-da-pf-que-acusou-empresario-de-agredir-filho-de-alexandre-de-moraes-no-aeroporto-de-roma\/\">Source link<\/a><\/strong><\/p>\n<\/div>\n<p><br \/>\n<br \/><a href=\"https:\/\/tvfloridausa.com\/2024\/08\/27\/perito-aponta-falhas-em-relatorio-da-pf-que-acusou-empresario-de-agredir-filho-de-moraes-no-aeroporto-de-roma-paulo-figueiredo\/\">Source link <\/a><\/p>","protected":false},"excerpt":{"rendered":"<p>Foto \u2013 Douglas Magno Laudo cita \u2018omiss\u00e3o de cena\u2019 e \u2018supress\u00e3o de frames\u2019 em tumulto em aeroporto que envolve Alexandre de Moraes. O professor Ricardo Molina, do Laborat\u00f3rio de Per\u00edcias,&hellip;<\/p>","protected":false},"author":1,"featured_media":28996,"comment_status":"closed","ping_status":"open","sticky":false,"template":"","format":"standard","meta":{"content-type":"","footnotes":""},"categories":[22],"tags":[],"class_list":["post-28995","post","type-post","status-publish","format-standard","has-post-thumbnail","hentry","category-tv-florida-usa"],"_links":{"self":[{"href":"https:\/\/tvbrazilusa.com\/pt\/wp-json\/wp\/v2\/posts\/28995","targetHints":{"allow":["GET"]}}],"collection":[{"href":"https:\/\/tvbrazilusa.com\/pt\/wp-json\/wp\/v2\/posts"}],"about":[{"href":"https:\/\/tvbrazilusa.com\/pt\/wp-json\/wp\/v2\/types\/post"}],"author":[{"embeddable":true,"href":"https:\/\/tvbrazilusa.com\/pt\/wp-json\/wp\/v2\/users\/1"}],"replies":[{"embeddable":true,"href":"https:\/\/tvbrazilusa.com\/pt\/wp-json\/wp\/v2\/comments?post=28995"}],"version-history":[{"count":1,"href":"https:\/\/tvbrazilusa.com\/pt\/wp-json\/wp\/v2\/posts\/28995\/revisions"}],"predecessor-version":[{"id":28997,"href":"https:\/\/tvbrazilusa.com\/pt\/wp-json\/wp\/v2\/posts\/28995\/revisions\/28997"}],"wp:featuredmedia":[{"embeddable":true,"href":"https:\/\/tvbrazilusa.com\/pt\/wp-json\/wp\/v2\/media\/28996"}],"wp:attachment":[{"href":"https:\/\/tvbrazilusa.com\/pt\/wp-json\/wp\/v2\/media?parent=28995"}],"wp:term":[{"taxonomy":"category","embeddable":true,"href":"https:\/\/tvbrazilusa.com\/pt\/wp-json\/wp\/v2\/categories?post=28995"},{"taxonomy":"post_tag","embeddable":true,"href":"https:\/\/tvbrazilusa.com\/pt\/wp-json\/wp\/v2\/tags?post=28995"}],"curies":[{"name":"wp","href":"https:\/\/api.w.org\/{rel}","templated":true}]}}