{"id":29051,"date":"2024-08-27T21:26:08","date_gmt":"2024-08-27T21:26:08","guid":{"rendered":"https:\/\/tvbrazilusa.com\/2024\/08\/27\/harris-e-walz-vao-se-sentar-com-a-cnn-para-a-primeira-entrevista-exclusiva-desde-o-inicio-da-campanha-wsvn-7news-noticias-de-miami-clima-esportes-fort-lauderdale\/"},"modified":"2024-08-27T21:32:05","modified_gmt":"2024-08-27T21:32:05","slug":"harris-e-walz-vao-se-sentar-com-a-cnn-para-a-primeira-entrevista-exclusiva-desde-o-inicio-da-campanha-wsvn-7news-noticias-de-miami-clima-esportes-fort-lauderdale","status":"publish","type":"post","link":"https:\/\/tvbrazilusa.com\/pt\/2024\/08\/27\/harris-e-walz-vao-se-sentar-com-a-cnn-para-a-primeira-entrevista-exclusiva-desde-o-inicio-da-campanha-wsvn-7news-noticias-de-miami-clima-esportes-fort-lauderdale\/","title":{"rendered":"Harris e Walz v\u00e3o se sentar com a CNN para a primeira entrevista exclusiva desde o in\u00edcio da campanha &#8211; WSVN 7News | Not\u00edcias de Miami, Clima, Esportes | Fort Lauderdale"},"content":{"rendered":"<p> <script async src=\"https:\/\/pagead2.googlesyndication.com\/pagead\/js\/adsbygoogle.js?client=ca-pub-8864793242727901\"\r\n     crossorigin=\"anonymous\"><\/script><br \/>\n<\/p>\n<div itemprop=\"articleBody\">\n<p><strong>Washington (CNN) \u2014 <\/strong>A vice-presidente Kamala Harris e o governador de Minnesota, Tim Walz, dar\u00e3o a primeira entrevista conjunta \u00e0 CNN na quinta-feira, enquanto os democratas trabalham para ampliar o entusiasmo de sua base pela Conven\u00e7\u00e3o Nacional Democrata da semana passada. <\/p>\n<p>A entrevista, conduzida pela correspondente pol\u00edtica chefe da CNN e \u00e2ncora Dana Bash, ir\u00e1 ao ar \u00e0s 21h00 hor\u00e1rio do leste dos EUA na quinta-feira. Ela ocorre enquanto os candidatos embarcam em um passeio de \u00f4nibus pelo estado-campo de batalha da Ge\u00f3rgia e marca a primeira vez que Harris se senta com um jornalista para uma conversa aprofundada e oficial desde que o presidente Joe Biden desistiu de sua candidatura para um segundo mandato e a apoiou em 21 de julho.<\/p>\n<p>Os 37 dias desde o in\u00edcio de sua candidatura geraram uma onda de entusiasmo e \u00edmpeto para Harris, inclusive na conven\u00e7\u00e3o da semana passada em Chicago. Mas sua falta de uma coletiva de imprensa formal ou entrevista gerou cr\u00edticas de seus rivais republicanos. A entrevista de quinta-feira cumpre uma promessa que ela fez no in\u00edcio de agosto de agendar uma reuni\u00e3o antes do final do m\u00eas.<\/p>\n<p>Com a entrevista, a campanha extraordinariamente truncada de Harris est\u00e1 entrando em uma nova fase p\u00f3s-conven\u00e7\u00e3o. Sua equipe est\u00e1 antecipando mais escrut\u00ednio enquanto ela e Walz entram nas \u00faltimas semanas antes do in\u00edcio da vota\u00e7\u00e3o antecipada. Harris tamb\u00e9m est\u00e1 se preparando para um debate em 10 de setembro com seu rival republicano, o ex-presidente Donald Trump.<\/p>\n<p>Nas \u00faltimas semanas, Harris respondeu a algumas perguntas gritadas de rep\u00f3rteres enquanto faz campanha em estados-campo de batalha. Ela tamb\u00e9m concedeu tr\u00eas entrevistas com criadores de conte\u00fado e influenciadores durante a Conven\u00e7\u00e3o Nacional Democrata na semana passada \u2013 um exemplo da cren\u00e7a de sua campanha de que os eleitores, especialmente os jovens, est\u00e3o obtendo suas not\u00edcias de fontes menos tradicionais.<\/p>\n<p>Isso fez pouco para amenizar as cr\u00edticas, emitidas mais duramente pelo candidato republicano \u00e0 vice-presid\u00eancia, o senador de Ohio JD Vance, por passar mais de um m\u00eas como porta-estandarte do Partido Democrata sem enfrentar o escrut\u00ednio que vem com uma entrevista com um jornalista. Vance e Trump mantiveram in\u00fameras disponibilidades de m\u00eddia durante o mesmo per\u00edodo. <\/p>\n<p>\u201cAcho realmente vergonhoso, tanto para Kamala Harris quanto para grande parte da m\u00eddia americana que participa disso, ter uma pessoa que foi a prov\u00e1vel candidata do Partido Democrata por 17 dias e se recusa a responder a uma \u00fanica pergunta da m\u00eddia americana\u201d, disse Vance em Wisconsin no in\u00edcio deste m\u00eas.<\/p>\n<p>Algumas das intera\u00e7\u00f5es de m\u00eddia de Vance e Trump, no entanto, apresentaram problemas para ambos os candidatos \u2013 com Vance tendo que explicar declara\u00e7\u00f5es passadas que ele fez sobre mulheres sem filhos e Trump questionando a identidade racial de Harris e acusando falsamente sua oponente birracial de apenas recentemente se apresentar como negra. Esses s\u00e3o exatamente os tipos de erros de m\u00eddia n\u00e3o for\u00e7ados que a campanha de Harris pode ter tentado evitar.<\/p>\n<p>A entrevista dar\u00e1 a Harris a primeira chance de elucidar sua posi\u00e7\u00e3o sobre v\u00e1rias quest\u00f5es nacionais e estrangeiras durante uma campanha que at\u00e9 agora tem sido pesada em vibra\u00e7\u00f5es, mas leve em pol\u00edticas concretas. Ela tamb\u00e9m ter\u00e1 a chance \u2013 se escolher \u2013 de explicar como suas posi\u00e7\u00f5es podem diferir das de Biden.<\/p>\n<p>Entrevistas importantes anteriores apresentaram um desafio para Harris. Durante uma entrevista em 2021 com Lester Holt, da NBC, Harris respondeu com irrita\u00e7\u00e3o quando perguntada por que ela n\u00e3o havia visitado a fronteira EUA-M\u00e9xico como parte de sua tarefa de investigar as causas ra\u00edzes da migra\u00e7\u00e3o da Am\u00e9rica Central e do Sul.<\/p>\n<p>\u201cEm algum momento, voc\u00ea sabe, n\u00f3s iremos para a fronteira\u201d, disse Harris na entrevista. \u201cN\u00f3s fomos para a fronteira. Ent\u00e3o, essa coisa toda, essa coisa toda, essa coisa toda sobre a fronteira. N\u00f3s fomos para a fronteira. N\u00f3s fomos para a fronteira.\u201d<\/p>\n<p>Holt respondeu: \u201cVoc\u00ea n\u00e3o foi at\u00e9 a fronteira.\u201d<\/p>\n<p>\u201cEu, e eu n\u00e3o estive na Europa. E quero dizer, eu n\u00e3o \u2013 eu n\u00e3o entendo o ponto que voc\u00ea est\u00e1 levantando,\u201d Harris disse com uma risada. Ela acrescentou: \u201cEu n\u00e3o estou descontando a import\u00e2ncia da fronteira.\u201d<\/p>\n<p>Entrevistas mais recentes mostraram Harris em terreno mais firme. Nos momentos seguintes ao desastroso debate de 27 de junho que acabaria por torpedear as esperan\u00e7as de Biden por um segundo mandato, Harris sentou-se para uma entrevista com Anderson Cooper da CNN e apresentou uma forte defesa do desempenho do presidente \u2013 sendo um dos poucos aliados de Biden que publicamente permaneceram firmemente em seu canto.<\/p>\n<p><em>The-CNN-Wire\u2122 &#038; \u00a9 2024 Cable News Network, Inc., uma empresa Time Warner. Todos os direitos reservados.<\/em><\/p>\n<div class=\"wp-block-newsletter\">\n\t<strong class=\"wp-block-newsletter__title\">Inscreva-se em nossa Newsletter para receber as \u00faltimas not\u00edcias diretamente na sua caixa de entrada<\/strong><\/p>\n<\/div><\/div>\n<p><br \/>\n<br \/><a href=\"https:\/\/wsvn.com\/news\/politics\/harris-and-walz-to-sit-with-cnn-for-exclusive-first-joint-interview-since-campaign-began\/\">Source link <\/a><\/p>","protected":false},"excerpt":{"rendered":"<p>Washington (CNN) \u2014 A vice-presidente Kamala Harris e o governador de Minnesota, Tim Walz, dar\u00e3o a primeira entrevista conjunta \u00e0 CNN na quinta-feira, enquanto os democratas trabalham para ampliar o&hellip;<\/p>","protected":false},"author":1,"featured_media":29052,"comment_status":"closed","ping_status":"open","sticky":false,"template":"","format":"standard","meta":{"content-type":"","footnotes":""},"categories":[1],"tags":[],"class_list":["post-29051","post","type-post","status-publish","format-standard","has-post-thumbnail","hentry","category-uncategorized"],"_links":{"self":[{"href":"https:\/\/tvbrazilusa.com\/pt\/wp-json\/wp\/v2\/posts\/29051","targetHints":{"allow":["GET"]}}],"collection":[{"href":"https:\/\/tvbrazilusa.com\/pt\/wp-json\/wp\/v2\/posts"}],"about":[{"href":"https:\/\/tvbrazilusa.com\/pt\/wp-json\/wp\/v2\/types\/post"}],"author":[{"embeddable":true,"href":"https:\/\/tvbrazilusa.com\/pt\/wp-json\/wp\/v2\/users\/1"}],"replies":[{"embeddable":true,"href":"https:\/\/tvbrazilusa.com\/pt\/wp-json\/wp\/v2\/comments?post=29051"}],"version-history":[{"count":1,"href":"https:\/\/tvbrazilusa.com\/pt\/wp-json\/wp\/v2\/posts\/29051\/revisions"}],"predecessor-version":[{"id":29053,"href":"https:\/\/tvbrazilusa.com\/pt\/wp-json\/wp\/v2\/posts\/29051\/revisions\/29053"}],"wp:featuredmedia":[{"embeddable":true,"href":"https:\/\/tvbrazilusa.com\/pt\/wp-json\/wp\/v2\/media\/29052"}],"wp:attachment":[{"href":"https:\/\/tvbrazilusa.com\/pt\/wp-json\/wp\/v2\/media?parent=29051"}],"wp:term":[{"taxonomy":"category","embeddable":true,"href":"https:\/\/tvbrazilusa.com\/pt\/wp-json\/wp\/v2\/categories?post=29051"},{"taxonomy":"post_tag","embeddable":true,"href":"https:\/\/tvbrazilusa.com\/pt\/wp-json\/wp\/v2\/tags?post=29051"}],"curies":[{"name":"wp","href":"https:\/\/api.w.org\/{rel}","templated":true}]}}