{"id":29091,"date":"2024-08-27T22:48:02","date_gmt":"2024-08-27T22:48:02","guid":{"rendered":"https:\/\/tvbrazilusa.com\/2024\/08\/27\/jacoby-brissett-ainda-acredita-que-e-o-qb-titular-dos-patriots\/"},"modified":"2024-08-27T22:49:00","modified_gmt":"2024-08-27T22:49:00","slug":"jacoby-brissett-ainda-acredita-que-e-o-qb-titular-dos-patriots","status":"publish","type":"post","link":"https:\/\/tvbrazilusa.com\/pt\/2024\/08\/27\/jacoby-brissett-ainda-acredita-que-e-o-qb-titular-dos-patriots\/","title":{"rendered":"Jacoby Brissett ainda acredita que \u00e9 o QB titular dos Patriots?"},"content":{"rendered":"<p> <script async src=\"https:\/\/pagead2.googlesyndication.com\/pagead\/js\/adsbygoogle.js?client=ca-pub-8864793242727901\"\r\n     crossorigin=\"anonymous\"><\/script><br \/>\n<\/p>\n<div id=\"\">\n<header class=\"m-article-header m-article-header--standard\">\n\t\t\t\t\t\t\t\t\t\t\t\t<span id=\"article-header-primary-term\"><br \/>\n\t\t\t\t\t\t\t\t<a class=\"a-term a-term--primary\" href=\"https:\/\/www.boston.com\/tag\/new-england-patriots\/\"><\/p>\n<p>\t\t\t\t\t\t\t\tPatriotas\t\t\t\t\t\t\t\t<\/a><br \/>\n\t\t\t\t\t\t\t<\/span><\/p>\n<h2 class=\"m-article-header__sub-headline\">\u201cN\u00e3o ouvi nada diferente. Ent\u00e3o \u00e9 disso que preciso partir.\u201d<\/h2>\n<figure class=\"a-photo m-article-header__photo\"><figcaption class=\"a-photo__caption\">\n<p>\tJacoby Brissett e Drake Maye ainda est\u00e3o competindo pela vaga de QB1. <em> John Tlumacki\/Equipe Globe <\/em>\t<\/figcaption><\/figure>\n<\/header>\n<p>Mesmo antes do desempenho encorajador de Drake Maye na final da pr\u00e9-temporada dos Patriots contra os Commanders no domingo, Jacoby Brissett manteve-se firme em sua posi\u00e7\u00e3o sobre a tabela de profundidade de QBs da Nova Inglaterra. <\/p>\n<p>\u201cEu ainda me trato como se fosse o titular\u201d, <a target=\"_blank\" href=\"https:\/\/www.boston.com\/sports\/new-england-patriots\/2024\/08\/19\/with-gap-closing-jacoby-brissett-still-believes-he-will-start-for-patriots-over-drake-maye\/\" rel=\"noreferrer noopener\">Brissett disse em 19 de agosto. <\/a><\/p>\n<p>E com a pr\u00e9-temporada j\u00e1 tendo ficado para tr\u00e1s, o veterano de 31 anos n\u00e3o mudou sua posi\u00e7\u00e3o sobre sua posi\u00e7\u00e3o na hierarquia da Nova Inglaterra como piv\u00f4. <\/p>\n<p><a target=\"_blank\" href=\"https:\/\/www.youtube.com\/watch?v=HdpyQWNnqfQ&#038;t=1s\" rel=\"noreferrer noopener\">Durante sua apari\u00e7\u00e3o semanal no WEEI ter\u00e7a-feira<\/a>Brissett foi questionado se ele acredita que ainda \u00e9 o quarterback titular dos Patriots entrando na Semana 1. <\/p>\n<p>\u201cNa minha mente, sim\u201d, ele respondeu. <\/p>\n<p>Quando questionado se seus coment\u00e1rios significavam que ele come\u00e7aria contra o Bengals em 8 de setembro, Brissett mais uma vez compartilhou a mesma mensagem.<\/p>\n<p>\u201cUhh, como eu disse, aos meus olhos, eu sou\u201d, Brissett disse. \u201cEu n\u00e3o ouvi nada diferente. Ent\u00e3o \u00e9 disso que eu tenho que partir.\u201d<\/p>\n<p>Os coment\u00e1rios de Brissett geralmente est\u00e3o de acordo com o sentimento compartilhado por Jerod Mayo e pelo coordenador ofensivo Alex Van Pelt na semana passada quando se trata da posi\u00e7\u00e3o de Brissett como QB titular do time.<\/p>\n<p>Embora Mayo tenha reconhecido na segunda-feira que<a target=\"_blank\" href=\"https:\/\/www.boston.com\/sports\/new-england-patriots\/2024\/08\/26\/drake-maye-has-outplayed-jacoby-brissett-this-preseason-jerod-mayo-says\/\" rel=\"noreferrer noopener\">t Maye \u201csuperou\u201d Brissett <\/a>durante a a\u00e7\u00e3o da pr\u00e9-temporada, ele notou ap\u00f3s a derrota da pr\u00e9-temporada de domingo para Washington que o QB novato <a target=\"_blank\" href=\"https:\/\/www.boston.com\/sports\/new-england-patriots\/2024\/08\/26\/did-jerod-mayo-tip-his-hand-on-the-winner-of-patriots-qb-competition\/\" rel=\"noreferrer noopener\">ainda \u00e9 o \u201csegundo melhor quarterback\u201d do elenco da Nova Inglaterra. <\/a><\/p>\n<p>Esses coment\u00e1rios podem entrar em conflito com as estat\u00edsticas extra\u00eddas de tr\u00eas disputas de pr\u00e9-temporada, mas Van Pelt observou na semana passada que a experi\u00eancia de Brissett pode ser o fator decisivo para decidir quem ser\u00e1 o titular na Semana 1. <\/p>\n<p>\u201c(Quarterback \u00e9) a posi\u00e7\u00e3o mais dif\u00edcil nos esportes,\u201d <a href=\"https:\/\/www.boston.com\/sports\/new-england-patriots\/2024\/08\/22\/could-drake-maye-start-week-1-for-patriots-alex-van-pelt-maps-out-the-roadblocks\/\" target=\"_blank\" rel=\"noreferrer noopener\">Van Pelt disse<\/a>. \u201cEspecialmente para um novato que chega e n\u00e3o v\u00ea todas as defesas que ver\u00e1 na NFL, \u00e9 dif\u00edcil. <\/p>\n<p>\u00c9 dif\u00edcil fazer a transi\u00e7\u00e3o, e leva um pouco de tempo. Ent\u00e3o, seremos o mais pacientes que pudermos com esse processo. \u2026 \u201cH\u00e1 certas coisas neste ataque que Jacoby, tendo jogado neste ataque, entende algumas das ferramentas que voc\u00ea pode usar para sair de certas situa\u00e7\u00f5es, situa\u00e7\u00f5es de press\u00e3o, coisas assim, que Drake ainda est\u00e1 aprendendo.<\/p>\n<p>\u201cEle realmente tem sido impressionante nas \u00faltimas duas semanas nos treinos e no jogo, e ele est\u00e1 se movendo na dire\u00e7\u00e3o certa, com certeza. Mas, novamente, um quarterback novato chegando e jogando \u2014 obviamente Jacoby tem toneladas de experi\u00eancia, n\u00e3o apenas na NFL, mas neste sistema, e n\u00f3s ganhamos jogos com ele em Cleveland, ent\u00e3o me sinto confort\u00e1vel com sua compreens\u00e3o (do ataque).\u201d<\/p>\n<p>Claro, um obst\u00e1culo em particular que pode atrapalhar Brissett na Semana 1 \u00e9 seu ombro dolorido \u2014 j\u00e1 que o veterano foi considerado question\u00e1vel na derrota de domingo para os Commanders ap\u00f3s ser demitido pelo jogador de linha defensiva de Washington, KJ Henry. <\/p>\n<figure class=\"wp-block-embed is-type-rich is-provider-twitter wp-block-embed-twitter\"\/>\n<p>Mas Brissett observou no WEEI que n\u00e3o est\u00e1 preocupado com a les\u00e3o e suas chances de perdurar na temporada regular. <\/p>\n<p>\u201cN\u00e3o, de forma alguma. \u201cComo eu disse, foi uma medida de precau\u00e7\u00e3o [leaving the game]\u201d, Brissett disse. \u201cEu me sinto 100 por cento bem. Estou bem.\u201d<\/p>\n<p>Embora os Patriots provavelmente tenham entrado na pr\u00e9-temporada com a expectativa de que Brissett atuasse como titular enquanto Maye atuava na lateral do campo, o desempenho encorajador do novato \u2014 somado aos resultados med\u00edocres de Brissett \u2014 diminuiu a diferen\u00e7a entre os dois respons\u00e1veis \u200b\u200bpela sinaliza\u00e7\u00e3o.<\/p>\n<p>Em tr\u00eas preparativos de pr\u00e9-temporada, Brissett completou cinco de suas 14 tentativas de passe para 36 jardas, zero touchdowns e uma intercepta\u00e7\u00e3o. <\/p>\n<p>Mas mesmo que suas estat\u00edsticas b\u00e1sicas n\u00e3o correspondam \u00e0 promessa apresentada por Maye (21 de 24, 192 jardas de passe, 32 jardas de corrida, dois touchdowns), Brissett ainda sente que est\u00e1 em uma boa posi\u00e7\u00e3o para entrar na temporada de 2024. <\/p>\n<p>\u201cEu n\u00e3o diria que a pr\u00e9-temporada foi um reflexo definitivo do que os treinos do campo de treinamento e os treinos da OTA t\u00eam sido\u201d, disse Brissett. \u201cEu n\u00e3o estou (jogando) na pr\u00e9-temporada tanto quanto os outros caras. Ent\u00e3o, a pr\u00e9-temporada n\u00e3o foi, eu acho, uma \u00f3tima m\u00e9dia, ou qualquer que seja o caso. Mas, como eu disse, n\u00e3o foi um reflexo do que os treinos t\u00eam sido e como eu tenho me sa\u00eddo.<\/p>\n<p>\u201cEu me sinto bem com o que coloquei no filme em termos de pr\u00e1tica e coisas assim\u201d, Brissett acrescentou. \u201cObviamente, eu gostaria de algumas jogadas de volta na pr\u00e9-temporada. <\/p>\n<p>\u201cMas acho que, na maior parte, a pr\u00e9-temporada, para mim, foi garantir que os caras \u2014 j\u00e1 que estive nesse ataque antes \u2014 estivessem limpando a opera\u00e7\u00e3o no que diz respeito ao jogo, entrando e saindo do grupo, chegando \u00e0 linha de scrimmage, chamando as jogadas. \u2026 Me vendo e [Van Pelt] tendo essa conex\u00e3o de quando eu estava em Cleveland, e como os caras v\u00e3o ouvir isso nos domingos daqui para frente. Eu pensei que foi muito bom.\u201d<\/p>\n<div class=\"m-block m-generic-cta\t m-generic-cta--post-content\t m-generic-cta--dark\t m-generic-cta--homepage\t m-generic-cta--email-signup\t\t m-generic-cta-block-style--default \tt-amp__generic-cta\"><\/p>\n<div class=\"m-generic-cta__wrap\">\n<div class=\"m-generic-cta__content\">\n<h3 class=\"m-generic-cta__title\">Inscreva-se para receber atualiza\u00e7\u00f5es dos Patriots\ud83c\udfc8<\/h3>\n<p class=\"m-generic-cta__subtitle\">Receba not\u00edcias de \u00faltima hora e an\u00e1lises na sua caixa de entrada durante a temporada de futebol.<\/p>\n<\/p><\/div>\n<\/p><\/div>\n<\/div><\/div>\n<p><script>\n\t\tvar consent=\"grant\";\n\t\t\/* The above code is parsing the JSON data from the local storage and storing it in a variable. *\/\n\t\t\t\t\tconst onetrustStorageConsent = JSON.parse(localStorage.getItem( 'consent_one_trust_bdc' ) );\n\t\t\tif ( ( onetrustStorageConsent !== null ) ) {\n\t\t\t\t\/* Checking to see if the user has consented to the use of cookies.\n\t\t\t\t* If they have not, it is deleting the cookie.\n\t\t\t\t* This will comment for now, until further notice.\n\t\t\t\t*\/\n\t\t\t\t\/\/if ( onetrustStorageConsent.C0002 === false ) {\n\t\t\t\t\/\/\tdocument.cookie=\"_fbp=;expires=Thu, 01 Jan 2010 00:00:00 UTC; path=\/; domain=.boston.com\";\n\t\t\t\t\/\/}\n\t\t\t\t\/* Checking if the user has given consent for the cookie C0002.\n\t\t\t\t* If the user has given consent, the variable consent will be set to 'grant'.\n\t\t\t\t* If the user has not given consent,the variable consent will be set to 'revoke'.\n\t\t\t\t* Documentation https:\/\/developers.facebook.com\/docs\/meta-pixel\/implementation\/gdpr\n\t\t\t\t*\/\n\t\t\t\tif ( onetrustStorageConsent.C0002 !== true ) {\n\t\t\t\t\tconsent=\"revoke\";\n\t\t\t\t}\n\t\t\t}\n\t\t\t\t!function(f,b,e,v,n,t,s)\n\t\t{if(f.fbq)return;n=f.fbq=function(){n.callMethod?\n\t\tn.callMethod.apply(n,arguments):n.queue.push(arguments)};\n\t\tif(!f._fbq)f._fbq=n;n.push=n;n.loaded=!0;n.version='2.0';\n\t\tn.queue=[];t=b.createElement(e);t.async=!0;\n\t\tt.src=v;s=b.getElementsByTagName(e)[0];\n\t\ts.parentNode.insertBefore(t,s)}(window, document,'script',\n\t\t'https:\/\/connect.facebook.net\/en_US\/fbevents.js');\n\t\tfbq('consent', consent);\n\t\tfbq('init', '989222871864976');\n\t\tfbq('track', 'PageView');\n\t<\/script><script type=\"module\">\n\t\tvar consent=\"grant\";\n\t\t\/* The above code is parsing the JSON data from the local storage and storing it in a variable. *\/\n\t\t\tconst onetrustStorageConsent = JSON.parse(localStorage.getItem( 'consent_one_trust_bdc' ) );\n\t\t\t\/* Checking to see if the user has consented to the use of cookies.\n\t\t\t* If they have not, it is deleting the cookie.\n\t\t\t* This will comment for now, until further notice.\n\t\t\t*\/\n\t\t\t\/\/if ( onetrustStorageConsent.C0002 === false ) {\n\t\t\t\/\/\tdocument.cookie=\"_fbp=;expires=Thu, 01 Jan 2010 00:00:00 UTC; path=\/; domain=.boston.com\";\n\t\t\t\/\/}\n\t\t\t\/* Checking if the user has given consent for the cookie C0002.\n\t\t\t* If the user has given consent, the variable consent will be set to 'grant'.\n\t\t\t* If the user has not given consent,the variable consent will be set to 'revoke'.\n\t\t\t* Documentation https:\/\/developers.facebook.com\/docs\/meta-pixel\/implementation\/gdpr\n\t\t\t*\/\n\t\t\tif ( ( onetrustStorageConsent !== null ) && (onetrustStorageConsent.C0002 !== true ) ) {\n\t\t\t\tconsent=\"revoke\";\n\t\t\t}\n\t\t\t\t!function(f,b,e,v,n,t,s){if(f.fbq)return;n=f.fbq=function()\n\t\t{n.callMethod? n.callMethod.apply(n,arguments):n.queue.push(arguments)}\n\t\t;if(!f._fbq)f._fbq=n;\n\t\tn.push=n;n.loaded=!0;n.version='2.0';n.queue=[];t=b.createElement(e);t.async=!0;\n\t\tt.src=v;s=b.getElementsByTagName(e)[0];s.parentNode.insertBefore(t,s)}(window,\n\t\tdocument,'script','https:\/\/connect.facebook.net\/en_US\/fbevents.js');\n\t\tfbq('consent', consent);\n\t\tfbq('init', '813236348753005');\n\t\tfbq('track', \"PageView\");\n\t<\/script><br \/>\n<br \/><br \/>\n<br \/><a href=\"https:\/\/www.boston.com\/sports\/new-england-patriots\/2024\/08\/27\/does-jacoby-brissett-still-believe-hes-the-patriots-starting-qb-drake-maye\/\">Source link <\/a><\/p>","protected":false},"excerpt":{"rendered":"<p>Patriotas \u201cN\u00e3o ouvi nada diferente. Ent\u00e3o \u00e9 disso que preciso partir.\u201d Jacoby Brissett e Drake Maye ainda est\u00e3o competindo pela vaga de QB1. John Tlumacki\/Equipe Globe Mesmo antes do desempenho&hellip;<\/p>","protected":false},"author":1,"featured_media":29092,"comment_status":"closed","ping_status":"open","sticky":false,"template":"","format":"standard","meta":{"content-type":"","footnotes":""},"categories":[1],"tags":[],"class_list":["post-29091","post","type-post","status-publish","format-standard","has-post-thumbnail","hentry","category-uncategorized"],"_links":{"self":[{"href":"https:\/\/tvbrazilusa.com\/pt\/wp-json\/wp\/v2\/posts\/29091","targetHints":{"allow":["GET"]}}],"collection":[{"href":"https:\/\/tvbrazilusa.com\/pt\/wp-json\/wp\/v2\/posts"}],"about":[{"href":"https:\/\/tvbrazilusa.com\/pt\/wp-json\/wp\/v2\/types\/post"}],"author":[{"embeddable":true,"href":"https:\/\/tvbrazilusa.com\/pt\/wp-json\/wp\/v2\/users\/1"}],"replies":[{"embeddable":true,"href":"https:\/\/tvbrazilusa.com\/pt\/wp-json\/wp\/v2\/comments?post=29091"}],"version-history":[{"count":1,"href":"https:\/\/tvbrazilusa.com\/pt\/wp-json\/wp\/v2\/posts\/29091\/revisions"}],"predecessor-version":[{"id":29093,"href":"https:\/\/tvbrazilusa.com\/pt\/wp-json\/wp\/v2\/posts\/29091\/revisions\/29093"}],"wp:featuredmedia":[{"embeddable":true,"href":"https:\/\/tvbrazilusa.com\/pt\/wp-json\/wp\/v2\/media\/29092"}],"wp:attachment":[{"href":"https:\/\/tvbrazilusa.com\/pt\/wp-json\/wp\/v2\/media?parent=29091"}],"wp:term":[{"taxonomy":"category","embeddable":true,"href":"https:\/\/tvbrazilusa.com\/pt\/wp-json\/wp\/v2\/categories?post=29091"},{"taxonomy":"post_tag","embeddable":true,"href":"https:\/\/tvbrazilusa.com\/pt\/wp-json\/wp\/v2\/tags?post=29091"}],"curies":[{"name":"wp","href":"https:\/\/api.w.org\/{rel}","templated":true}]}}