{"id":29114,"date":"2024-08-27T20:45:12","date_gmt":"2024-08-27T20:45:12","guid":{"rendered":"https:\/\/tvbrazilusa.com\/2024\/08\/27\/federais-apresentam-nova-acusacao-no-caso-trump-de-6-de-janeiro-mantendo-as-acusacoes-intactas-mas-restringindo-as-alegacoes\/"},"modified":"2024-08-27T23:45:33","modified_gmt":"2024-08-27T23:45:33","slug":"federais-apresentam-nova-acusacao-no-caso-trump-de-6-de-janeiro-mantendo-as-acusacoes-intactas-mas-restringindo-as-alegacoes","status":"publish","type":"post","link":"https:\/\/tvbrazilusa.com\/pt\/2024\/08\/27\/federais-apresentam-nova-acusacao-no-caso-trump-de-6-de-janeiro-mantendo-as-acusacoes-intactas-mas-restringindo-as-alegacoes\/","title":{"rendered":"Federais apresentam nova acusa\u00e7\u00e3o no caso Trump de 6 de janeiro, mantendo as acusa\u00e7\u00f5es intactas, mas restringindo as alega\u00e7\u00f5es"},"content":{"rendered":"<p> <script async src=\"https:\/\/pagead2.googlesyndication.com\/pagead\/js\/adsbygoogle.js?client=ca-pub-8864793242727901\"\r\n     crossorigin=\"anonymous\"><\/script><br \/>\n<\/p>\n<div id=\"\">\n<header class=\"m-article-header m-article-header--standard\">\n\t\t\t\t\t\t\t\t\t\t\t\t<span id=\"article-header-primary-term\"><br \/>\n\t\t\t\t\t\t\t\t<a class=\"a-term a-term--primary\" href=\"https:\/\/www.boston.com\/tag\/politics\/\"><\/p>\n<p>\t\t\t\t\t\t\t\tPol\u00edtica\t\t\t\t\t\t\t\t<\/a><br \/>\n\t\t\t\t\t\t\t<\/span><\/p>\n<h2 class=\"m-article-header__sub-headline\"\/>\n<figure class=\"a-photo m-article-header__photo\"><figcaption class=\"a-photo__caption\">\n<p>\tARQUIVO &#8211; O procurador especial Jack Smith fala sobre uma acusa\u00e7\u00e3o do ex-presidente Donald Trump, em 1\u00ba de agosto de 2023, em um escrit\u00f3rio do Departamento de Justi\u00e7a em Washington.<em> AP Photo\/Jacquelyn Martin, Arquivo<\/em>\t<\/figcaption><\/figure>\n<div class=\"m-article-header__meta\">\n<div class=\"m-article-header__byline\">\n<p class=\"m-article-header__author\">\n<p>\t\t\t\t\t\t\t\tPor ERIC TUCKER e ALANNA DURKIN RICHER, Associated Press\t\t\t\t\t\t\t<\/p>\n<p>\t\t\t\t\t\t    \t\t\t\t\t\t\t<time class=\"m-article-header__date\"><\/p>\n<p>        \t\t\t\t\t\t\t27 de agosto de 2024 | 16h45    \t\t\t\t\t\t\t<\/time><\/p><\/div>\n<\/p><\/div>\n<\/header>\n<p>WASHINGTON (AP) \u2014 O procurador especial Jack Smith apresentou na ter\u00e7a-feira uma nova acusa\u00e7\u00e3o contra Donald Trump por seus esfor\u00e7os para anular a elei\u00e7\u00e3o presidencial de 2020, que mant\u00e9m as mesmas acusa\u00e7\u00f5es criminais, mas reduz as alega\u00e7\u00f5es contra ele ap\u00f3s uma<a href=\"https:\/\/www.boston.com\/tag\/politics\/\"> Opini\u00e3o do Supremo Tribunal<\/a> conferindo ampla imunidade a ex-presidentes.<\/p>\n<p>A nova acusa\u00e7\u00e3o remove uma se\u00e7\u00e3o da acusa\u00e7\u00e3o que tratava das intera\u00e7\u00f5es de Trump com o Departamento de Justi\u00e7a, uma \u00e1rea de conduta sobre a qual a Suprema Corte, em uma opini\u00e3o de 6-3 no m\u00eas passado, disse que Trump tinha direito \u00e0 imunidade de processo.<\/p>\n<p>O caso criminal atualizado n\u00e3o lista mais como co-conspirador Jeffrey Clark, um funcion\u00e1rio do Departamento de Justi\u00e7a que defendeu as falsas alega\u00e7\u00f5es de Trump sobre fraude eleitoral. Os co-conspiradores de Trump n\u00e3o foram nomeados em nenhuma das acusa\u00e7\u00f5es, mas foram identificados por meio de registros p\u00fablicos e outros meios.<\/p>\n<p>O gabinete do procurador especial disse que a acusa\u00e7\u00e3o atualizada, apresentada no tribunal federal em Washington, foi emitida por um grande j\u00fari que n\u00e3o havia ouvido evid\u00eancias no caso anteriormente.<\/p>\n<p>A acusa\u00e7\u00e3o manteve as alega\u00e7\u00f5es de que Trump tentou pressionar o ent\u00e3o vice-presidente Mike Pence a se recusar a certificar a contagem dos votos eleitorais. O presidente do Supremo Tribunal John Roberts escreveu para o tribunal que as intera\u00e7\u00f5es entre Trump e Pence equivaliam a conduta oficial pela qual &#8220;Trump \u00e9 pelo menos presumivelmente imune a processo&#8221;.<\/p>\n<p>A quest\u00e3o, escreveu Roberts, \u00e9 se o governo pode refutar \u201cessa presun\u00e7\u00e3o de imunidade\u201d.<\/p>\n<p><em>O escritor da Associated Press, Mark Sherman, em Washington, contribuiu para esta reportagem.<\/em><\/p>\n<\/p><\/div>\n<p><script>\n\t\tvar consent=\"grant\";\n\t\t\/* The above code is parsing the JSON data from the local storage and storing it in a variable. *\/\n\t\t\t\t\tconst onetrustStorageConsent = JSON.parse(localStorage.getItem( 'consent_one_trust_bdc' ) );\n\t\t\tif ( ( onetrustStorageConsent !== null ) ) {\n\t\t\t\t\/* Checking to see if the user has consented to the use of cookies.\n\t\t\t\t* If they have not, it is deleting the cookie.\n\t\t\t\t* This will comment for now, until further notice.\n\t\t\t\t*\/\n\t\t\t\t\/\/if ( onetrustStorageConsent.C0002 === false ) {\n\t\t\t\t\/\/\tdocument.cookie=\"_fbp=;expires=Thu, 01 Jan 2010 00:00:00 UTC; path=\/; domain=.boston.com\";\n\t\t\t\t\/\/}\n\t\t\t\t\/* Checking if the user has given consent for the cookie C0002.\n\t\t\t\t* If the user has given consent, the variable consent will be set to 'grant'.\n\t\t\t\t* If the user has not given consent,the variable consent will be set to 'revoke'.\n\t\t\t\t* Documentation https:\/\/developers.facebook.com\/docs\/meta-pixel\/implementation\/gdpr\n\t\t\t\t*\/\n\t\t\t\tif ( onetrustStorageConsent.C0002 !== true ) {\n\t\t\t\t\tconsent=\"revoke\";\n\t\t\t\t}\n\t\t\t}\n\t\t\t\t!function(f,b,e,v,n,t,s)\n\t\t{if(f.fbq)return;n=f.fbq=function(){n.callMethod?\n\t\tn.callMethod.apply(n,arguments):n.queue.push(arguments)};\n\t\tif(!f._fbq)f._fbq=n;n.push=n;n.loaded=!0;n.version='2.0';\n\t\tn.queue=[];t=b.createElement(e);t.async=!0;\n\t\tt.src=v;s=b.getElementsByTagName(e)[0];\n\t\ts.parentNode.insertBefore(t,s)}(window, document,'script',\n\t\t'https:\/\/connect.facebook.net\/en_US\/fbevents.js');\n\t\tfbq('consent', consent);\n\t\tfbq('init', '989222871864976');\n\t\tfbq('track', 'PageView');\n\t<\/script><script type=\"module\">\n\t\tvar consent=\"grant\";\n\t\t\/* The above code is parsing the JSON data from the local storage and storing it in a variable. *\/\n\t\t\tconst onetrustStorageConsent = JSON.parse(localStorage.getItem( 'consent_one_trust_bdc' ) );\n\t\t\t\/* Checking to see if the user has consented to the use of cookies.\n\t\t\t* If they have not, it is deleting the cookie.\n\t\t\t* This will comment for now, until further notice.\n\t\t\t*\/\n\t\t\t\/\/if ( onetrustStorageConsent.C0002 === false ) {\n\t\t\t\/\/\tdocument.cookie=\"_fbp=;expires=Thu, 01 Jan 2010 00:00:00 UTC; path=\/; domain=.boston.com\";\n\t\t\t\/\/}\n\t\t\t\/* Checking if the user has given consent for the cookie C0002.\n\t\t\t* If the user has given consent, the variable consent will be set to 'grant'.\n\t\t\t* If the user has not given consent,the variable consent will be set to 'revoke'.\n\t\t\t* Documentation https:\/\/developers.facebook.com\/docs\/meta-pixel\/implementation\/gdpr\n\t\t\t*\/\n\t\t\tif ( ( onetrustStorageConsent !== null ) && (onetrustStorageConsent.C0002 !== true ) ) {\n\t\t\t\tconsent=\"revoke\";\n\t\t\t}\n\t\t\t\t!function(f,b,e,v,n,t,s){if(f.fbq)return;n=f.fbq=function()\n\t\t{n.callMethod? n.callMethod.apply(n,arguments):n.queue.push(arguments)}\n\t\t;if(!f._fbq)f._fbq=n;\n\t\tn.push=n;n.loaded=!0;n.version='2.0';n.queue=[];t=b.createElement(e);t.async=!0;\n\t\tt.src=v;s=b.getElementsByTagName(e)[0];s.parentNode.insertBefore(t,s)}(window,\n\t\tdocument,'script','https:\/\/connect.facebook.net\/en_US\/fbevents.js');\n\t\tfbq('consent', consent);\n\t\tfbq('init', '813236348753005');\n\t\tfbq('track', \"PageView\");\n\t<\/script><br \/>\n<br \/><br \/>\n<br \/><a href=\"https:\/\/www.boston.com\/news\/politics\/2024\/08\/27\/feds-file-new-indictment-in-trump-jan-6-case-keeping-charges-intact-but-narrowing-allegations\/\">Source link <\/a><\/p>","protected":false},"excerpt":{"rendered":"<p>Pol\u00edtica ARQUIVO &#8211; O procurador especial Jack Smith fala sobre uma acusa\u00e7\u00e3o do ex-presidente Donald Trump, em 1\u00ba de agosto de 2023, em um escrit\u00f3rio do Departamento de Justi\u00e7a em&hellip;<\/p>","protected":false},"author":1,"featured_media":29115,"comment_status":"closed","ping_status":"open","sticky":false,"template":"","format":"standard","meta":{"content-type":"","footnotes":""},"categories":[1],"tags":[],"class_list":["post-29114","post","type-post","status-publish","format-standard","has-post-thumbnail","hentry","category-uncategorized"],"_links":{"self":[{"href":"https:\/\/tvbrazilusa.com\/pt\/wp-json\/wp\/v2\/posts\/29114","targetHints":{"allow":["GET"]}}],"collection":[{"href":"https:\/\/tvbrazilusa.com\/pt\/wp-json\/wp\/v2\/posts"}],"about":[{"href":"https:\/\/tvbrazilusa.com\/pt\/wp-json\/wp\/v2\/types\/post"}],"author":[{"embeddable":true,"href":"https:\/\/tvbrazilusa.com\/pt\/wp-json\/wp\/v2\/users\/1"}],"replies":[{"embeddable":true,"href":"https:\/\/tvbrazilusa.com\/pt\/wp-json\/wp\/v2\/comments?post=29114"}],"version-history":[{"count":1,"href":"https:\/\/tvbrazilusa.com\/pt\/wp-json\/wp\/v2\/posts\/29114\/revisions"}],"predecessor-version":[{"id":29116,"href":"https:\/\/tvbrazilusa.com\/pt\/wp-json\/wp\/v2\/posts\/29114\/revisions\/29116"}],"wp:featuredmedia":[{"embeddable":true,"href":"https:\/\/tvbrazilusa.com\/pt\/wp-json\/wp\/v2\/media\/29115"}],"wp:attachment":[{"href":"https:\/\/tvbrazilusa.com\/pt\/wp-json\/wp\/v2\/media?parent=29114"}],"wp:term":[{"taxonomy":"category","embeddable":true,"href":"https:\/\/tvbrazilusa.com\/pt\/wp-json\/wp\/v2\/categories?post=29114"},{"taxonomy":"post_tag","embeddable":true,"href":"https:\/\/tvbrazilusa.com\/pt\/wp-json\/wp\/v2\/tags?post=29114"}],"curies":[{"name":"wp","href":"https:\/\/api.w.org\/{rel}","templated":true}]}}