{"id":29120,"date":"2024-08-27T23:52:27","date_gmt":"2024-08-27T23:52:27","guid":{"rendered":"https:\/\/tvbrazilusa.com\/2024\/08\/27\/alex-cora-admite-que-esta-preocupado-com-o-principal-prospecto-do-red-sox-marcelo-mayer-por-este-motivo\/"},"modified":"2024-08-27T23:57:23","modified_gmt":"2024-08-27T23:57:23","slug":"alex-cora-admite-que-esta-preocupado-com-o-principal-prospecto-do-red-sox-marcelo-mayer-por-este-motivo","status":"publish","type":"post","link":"https:\/\/tvbrazilusa.com\/pt\/2024\/08\/27\/alex-cora-admite-que-esta-preocupado-com-o-principal-prospecto-do-red-sox-marcelo-mayer-por-este-motivo\/","title":{"rendered":"Alex Cora admite que est\u00e1 preocupado com o principal prospecto do Red Sox, Marcelo Mayer, por este motivo"},"content":{"rendered":"<p> <script async src=\"https:\/\/pagead2.googlesyndication.com\/pagead\/js\/adsbygoogle.js?client=ca-pub-8864793242727901\"\r\n     crossorigin=\"anonymous\"><\/script><br \/>\n<\/p>\n<div id=\"\">\n<header class=\"m-article-header m-article-header--standard\">\n\t\t\t\t\t\t\t\t\t\t\t\t<span id=\"article-header-primary-term\"><br \/>\n\t\t\t\t\t\t\t\t<a class=\"a-term a-term--primary\" href=\"https:\/\/www.boston.com\/tag\/boston-red-sox\/\"><\/p>\n<p>\t\t\t\t\t\t\t\tRed Sox\t\t\t\t\t\t\t\t<\/a><br \/>\n\t\t\t\t\t\t\t<\/span><\/p>\n<h2 class=\"m-article-header__sub-headline\">&#8220;Ele teve uma boa temporada, fez um bom trabalho. Mas, honestamente, eu n\u00e3o sabia.&#8221;<\/h2>\n<figure class=\"a-photo m-article-header__photo\"><figcaption class=\"a-photo__caption\">\n<p>\tA temporada de 2024 de Marcelo Mayer provavelmente acabou devido a uma distens\u00e3o lombar. <em> (Danielle Parhizkaran\/Equipe Globe)<\/em>\t<\/figcaption><\/figure>\n<\/header>\n<p>Marcelo Mayer tem todas as ferramentas para ser um futuro shortstop de franquia do Red Sox. <\/p>\n<p>Mas o principal prospecto de Boston est\u00e1 desenvolvendo uma certa reputa\u00e7\u00e3o de ser picado pelo v\u00edrus das les\u00f5es.<\/p>\n<p>Maio \u2014 <a href=\"https:\/\/www.mlb.com\/prospects\" target=\"_blank\" rel=\"noreferrer noopener\">apontado como o prospecto n\u00ba 5 no beisebol <\/a>por MLB Pipeline<a href=\"https:\/\/www.boston.com\/sports\/boston-red-sox\/2024\/07\/26\/marcelo-mayer-red-sox-prospects-mlb-baseball-keith-law\/\" target=\"_blank\" rel=\"noreferrer noopener\"> e o prospecto n\u00ba 2 de Keith Law do The Athletic<\/a> \u2014 <a href=\"https:\/\/www.boston.com\/sports\/boston-red-sox\/2024\/08\/26\/red-sox-prospect-marcelo-mayer-likely-done-for-the-season\/\" target=\"_blank\" rel=\"noreferrer noopener\">\u00e9 \u201cprov\u00e1vel\u201d que esteja pronto para a temporada de 2024<\/a> devido a uma les\u00e3o persistente por distens\u00e3o lombar. <\/p>\n<p>O talentoso jogador de campo foi convocado para o Triple-A Worceste<a target=\"_blank\" href=\"https:\/\/www.boston.com\/sports\/boston-red-sox\/2024\/07\/12\/top-red-sox-prospects-kyle-teel-roman-anthony-marcelo-mayer\/\" rel=\"noreferrer noopener\">r ao lado de outros grandes prospectos como Kyle Teel e Roman Anthony anteriormente <\/a>este m\u00eas, mas n\u00e3o registrou nenhuma rebatida com Worcester devido \u00e0 sua les\u00e3o.<\/p>\n<p>Ele apareceu pela \u00faltima vez em um jogo em 30 de julho com Portland \u2014 encerrando a temporada de 2024 com m\u00e9dias de .307\/.370\/.480 com 28 duplas, oito home runs e 38 RBI em 77 jogos na Double-A.<\/p>\n<p>Os bons n\u00fameros de Mayer com Portland foram encorajadores neste ver\u00e3o, mas este agora marca o segundo ano consecutivo em que a quarta escolha geral no draft de 2021 viu sua temporada terminar prematuramente devido a les\u00f5es. <\/p>\n<p>A temporada de 2023 de Mayer foi interrompida devido a um problema persistente no ombro que ele tentou superar. Como resultado, Mayer jogou apenas 78 jogos no total em 2023 \u2014 incluindo uma sequ\u00eancia sem brilho de 43 jogos em Portland, onde ele rebateu apenas .189 com seis home runs e 20 RBI. <\/p>\n<p>Mesmo com seu alto desempenho como um jogador vers\u00e1til nas grandes ligas, as repetidas les\u00f5es de Mayer que encerram a temporada criam alguns motivos para preocupa\u00e7\u00e3o \u2014 algo que Alex Cora reconheceu na segunda-feira. <\/p>\n<p>\u201cQuero dizer, obviamente n\u00e3o \u00e9 o ideal\u201d, disse Cora sobre a \u00faltima les\u00e3o de Mayer, <a target=\"_blank\" href=\"https:\/\/www.mlb.com\/redsox\/news\/marcelo-mayer-red-sox-top-prospect-likely-to-miss-rest-of-season\" rel=\"noreferrer noopener\">por Ian Browne da MLB<\/a>. \u201cEle teve uma boa temporada, fez um bom trabalho. Mas, honestamente, eu n\u00e3o sabia. Vou falar com (o desenvolvimento do jogador) e ver o que acontece. Mas faz\u00ea-lo bem \u00e9 a coisa mais importante.<\/p>\n<p>\u201cH\u00e1 muito potencial a\u00ed. H\u00e1 coisas nas quais temos que trabalhar. (As) les\u00f5es, obviamente, da minha parte, (s\u00e3o) preocupantes, para ser honesto com voc\u00ea. S\u00f3 temos que ter certeza de que podemos mant\u00ea-lo saud\u00e1vel.\u201d<\/p>\n<p>O Red Sox tem v\u00e1rios outros prospectos intrigantes prestes a chegar ao Fenway Park na pr\u00f3xima temporada \u2014 <a target=\"_blank\" href=\"https:\/\/www.boston.com\/sports\/boston-red-sox\/2024\/08\/26\/boston-red-sox-prospects-triple-a-worcester-roman-anthony-kristian-campbell\/\" rel=\"noreferrer noopener\">incluindo Teel, Anthony e Kristian Campbell. <\/a><\/p>\n<p>Mas a poss\u00edvel chegada de Mayer \u00e0 MLB pode ser prejudicada se ele continuar a passar longos per\u00edodos na IL todo ver\u00e3o. <\/p>\n<p>Mesmo com as temporadas consecutivas de Mayer agora encerradas mais cedo, o diretor de desenvolvimento de jogadores do Red Sox, Brian Abraham <a target=\"_blank\" href=\"https:\/\/www.youtube.com\/watch?v=76iZgM1kZfA&#038;embeds_referring_euri=https%3A%2F%2Fnesn.com%2F&#038;source_ve_path=Mjg2NjY\" rel=\"noreferrer noopener\">estressado no podcast \u201c310 to Left\u201d da NESN<\/a> na ter\u00e7a-feira que a organiza\u00e7\u00e3o n\u00e3o est\u00e1 preocupada com os problemas recorrentes de les\u00f5es de seu principal candidato. <\/p>\n<p>\u201cO sentimento original para Marcelo era que era dia a dia\u201d, Abraham disse ao podcast Tom Caron e Alex Speier. \u201cUm pequeno problema na parte inferior das costas, senti que ele ficaria bem. Acho que equilibrando como ele se sentia com o trabalho que acompanhava isso, chegamos a um ponto em que ele realmente estava estagnado com a melhora e precisava se aprofundar um pouco mais no que estava acontecendo. Fizemos uma resson\u00e2ncia magn\u00e9tica e foi a\u00ed que descobrimos mais formalmente sobre a distens\u00e3o lombar.<\/p>\n<p>\u201cCertamente lament\u00e1vel para Marcelo, mas a boa not\u00edcia \u00e9 que sabemos qual \u00e9 o problema. Sabemos por que ele n\u00e3o conseguiu se sentir confort\u00e1vel, seja correndo as bases, praticando rebatidas mais agressivas ou jogando. Ele est\u00e1 em Fort Myers agora. Ele continuar\u00e1 fazendo tratamento l\u00e1. <\/p>\n<p>\u201cEsperamos uma recupera\u00e7\u00e3o completa. S\u00f3 vai levar um tempinho agora com o fim da temporada. Ent\u00e3o, certamente frustrante para ele e para n\u00f3s. Mas no final do dia, estamos felizes por saber qual \u00e9 o problema. Temos um \u00f3timo grupo em Fort Myers para cuidar dele e sei que ele est\u00e1 realmente animado para trabalhar para superar isso e estar preparado para a offseason e o ano que vem.\u201d<\/p>\n<div class=\"m-block m-generic-cta\t m-generic-cta--post-content\t m-generic-cta--dark\t m-generic-cta--homepage\t m-generic-cta--email-signup\t\t m-generic-cta-block-style--default \tt-amp__generic-cta\"><\/p>\n<div class=\"m-generic-cta__wrap\">\n<div class=\"m-generic-cta__content\">\n<h3 class=\"m-generic-cta__title\">Inscreva-se para receber atualiza\u00e7\u00f5es do Red Sox\u26be<\/h3>\n<p class=\"m-generic-cta__subtitle\">Receba not\u00edcias de \u00faltima hora e an\u00e1lises na sua caixa de entrada durante a temporada de beisebol.<\/p>\n<\/p><\/div>\n<\/p><\/div>\n<\/div><\/div>\n<p><script>\n\t\tvar consent=\"grant\";\n\t\t\/* The above code is parsing the JSON data from the local storage and storing it in a variable. *\/\n\t\t\t\t\tconst onetrustStorageConsent = JSON.parse(localStorage.getItem( 'consent_one_trust_bdc' ) );\n\t\t\tif ( ( onetrustStorageConsent !== null ) ) {\n\t\t\t\t\/* Checking to see if the user has consented to the use of cookies.\n\t\t\t\t* If they have not, it is deleting the cookie.\n\t\t\t\t* This will comment for now, until further notice.\n\t\t\t\t*\/\n\t\t\t\t\/\/if ( onetrustStorageConsent.C0002 === false ) {\n\t\t\t\t\/\/\tdocument.cookie=\"_fbp=;expires=Thu, 01 Jan 2010 00:00:00 UTC; path=\/; domain=.boston.com\";\n\t\t\t\t\/\/}\n\t\t\t\t\/* Checking if the user has given consent for the cookie C0002.\n\t\t\t\t* If the user has given consent, the variable consent will be set to 'grant'.\n\t\t\t\t* If the user has not given consent,the variable consent will be set to 'revoke'.\n\t\t\t\t* Documentation https:\/\/developers.facebook.com\/docs\/meta-pixel\/implementation\/gdpr\n\t\t\t\t*\/\n\t\t\t\tif ( onetrustStorageConsent.C0002 !== true ) {\n\t\t\t\t\tconsent=\"revoke\";\n\t\t\t\t}\n\t\t\t}\n\t\t\t\t!function(f,b,e,v,n,t,s)\n\t\t{if(f.fbq)return;n=f.fbq=function(){n.callMethod?\n\t\tn.callMethod.apply(n,arguments):n.queue.push(arguments)};\n\t\tif(!f._fbq)f._fbq=n;n.push=n;n.loaded=!0;n.version='2.0';\n\t\tn.queue=[];t=b.createElement(e);t.async=!0;\n\t\tt.src=v;s=b.getElementsByTagName(e)[0];\n\t\ts.parentNode.insertBefore(t,s)}(window, document,'script',\n\t\t'https:\/\/connect.facebook.net\/en_US\/fbevents.js');\n\t\tfbq('consent', consent);\n\t\tfbq('init', '989222871864976');\n\t\tfbq('track', 'PageView');\n\t<\/script><script type=\"module\">\n\t\tvar consent=\"grant\";\n\t\t\/* The above code is parsing the JSON data from the local storage and storing it in a variable. *\/\n\t\t\tconst onetrustStorageConsent = JSON.parse(localStorage.getItem( 'consent_one_trust_bdc' ) );\n\t\t\t\/* Checking to see if the user has consented to the use of cookies.\n\t\t\t* If they have not, it is deleting the cookie.\n\t\t\t* This will comment for now, until further notice.\n\t\t\t*\/\n\t\t\t\/\/if ( onetrustStorageConsent.C0002 === false ) {\n\t\t\t\/\/\tdocument.cookie=\"_fbp=;expires=Thu, 01 Jan 2010 00:00:00 UTC; path=\/; domain=.boston.com\";\n\t\t\t\/\/}\n\t\t\t\/* Checking if the user has given consent for the cookie C0002.\n\t\t\t* If the user has given consent, the variable consent will be set to 'grant'.\n\t\t\t* If the user has not given consent,the variable consent will be set to 'revoke'.\n\t\t\t* Documentation https:\/\/developers.facebook.com\/docs\/meta-pixel\/implementation\/gdpr\n\t\t\t*\/\n\t\t\tif ( ( onetrustStorageConsent !== null ) && (onetrustStorageConsent.C0002 !== true ) ) {\n\t\t\t\tconsent=\"revoke\";\n\t\t\t}\n\t\t\t\t!function(f,b,e,v,n,t,s){if(f.fbq)return;n=f.fbq=function()\n\t\t{n.callMethod? n.callMethod.apply(n,arguments):n.queue.push(arguments)}\n\t\t;if(!f._fbq)f._fbq=n;\n\t\tn.push=n;n.loaded=!0;n.version='2.0';n.queue=[];t=b.createElement(e);t.async=!0;\n\t\tt.src=v;s=b.getElementsByTagName(e)[0];s.parentNode.insertBefore(t,s)}(window,\n\t\tdocument,'script','https:\/\/connect.facebook.net\/en_US\/fbevents.js');\n\t\tfbq('consent', consent);\n\t\tfbq('init', '813236348753005');\n\t\tfbq('track', \"PageView\");\n\t<\/script><br \/>\n<br \/><br \/>\n<br \/><a href=\"https:\/\/www.boston.com\/sports\/boston-red-sox\/2024\/08\/27\/marcelo-mayer-boston-red-sox-prospects-mlb-alex-cora-injury-triple-a-worcester\/\">Source link <\/a><\/p>","protected":false},"excerpt":{"rendered":"<p>Red Sox &#8220;Ele teve uma boa temporada, fez um bom trabalho. Mas, honestamente, eu n\u00e3o sabia.&#8221; A temporada de 2024 de Marcelo Mayer provavelmente acabou devido a uma distens\u00e3o lombar.&hellip;<\/p>","protected":false},"author":1,"featured_media":29121,"comment_status":"closed","ping_status":"open","sticky":false,"template":"","format":"standard","meta":{"content-type":"","footnotes":""},"categories":[1],"tags":[],"class_list":["post-29120","post","type-post","status-publish","format-standard","has-post-thumbnail","hentry","category-uncategorized"],"_links":{"self":[{"href":"https:\/\/tvbrazilusa.com\/pt\/wp-json\/wp\/v2\/posts\/29120","targetHints":{"allow":["GET"]}}],"collection":[{"href":"https:\/\/tvbrazilusa.com\/pt\/wp-json\/wp\/v2\/posts"}],"about":[{"href":"https:\/\/tvbrazilusa.com\/pt\/wp-json\/wp\/v2\/types\/post"}],"author":[{"embeddable":true,"href":"https:\/\/tvbrazilusa.com\/pt\/wp-json\/wp\/v2\/users\/1"}],"replies":[{"embeddable":true,"href":"https:\/\/tvbrazilusa.com\/pt\/wp-json\/wp\/v2\/comments?post=29120"}],"version-history":[{"count":1,"href":"https:\/\/tvbrazilusa.com\/pt\/wp-json\/wp\/v2\/posts\/29120\/revisions"}],"predecessor-version":[{"id":29122,"href":"https:\/\/tvbrazilusa.com\/pt\/wp-json\/wp\/v2\/posts\/29120\/revisions\/29122"}],"wp:featuredmedia":[{"embeddable":true,"href":"https:\/\/tvbrazilusa.com\/pt\/wp-json\/wp\/v2\/media\/29121"}],"wp:attachment":[{"href":"https:\/\/tvbrazilusa.com\/pt\/wp-json\/wp\/v2\/media?parent=29120"}],"wp:term":[{"taxonomy":"category","embeddable":true,"href":"https:\/\/tvbrazilusa.com\/pt\/wp-json\/wp\/v2\/categories?post=29120"},{"taxonomy":"post_tag","embeddable":true,"href":"https:\/\/tvbrazilusa.com\/pt\/wp-json\/wp\/v2\/tags?post=29120"}],"curies":[{"name":"wp","href":"https:\/\/api.w.org\/{rel}","templated":true}]}}