{"id":29135,"date":"2024-08-28T00:25:38","date_gmt":"2024-08-28T00:25:38","guid":{"rendered":"https:\/\/tvbrazilusa.com\/2024\/08\/28\/robert-f-kennedy-jr-serrou-a-cabeca-de-uma-baleia-e-a-levou-para-casa-diz-filha\/"},"modified":"2024-08-28T00:33:30","modified_gmt":"2024-08-28T00:33:30","slug":"robert-f-kennedy-jr-serrou-a-cabeca-de-uma-baleia-e-a-levou-para-casa-diz-filha","status":"publish","type":"post","link":"https:\/\/tvbrazilusa.com\/pt\/2024\/08\/28\/robert-f-kennedy-jr-serrou-a-cabeca-de-uma-baleia-e-a-levou-para-casa-diz-filha\/","title":{"rendered":"Robert F. Kennedy Jr. serrou a cabe\u00e7a de uma baleia e a levou para casa, diz filha"},"content":{"rendered":"<p> <script async src=\"https:\/\/pagead2.googlesyndication.com\/pagead\/js\/adsbygoogle.js?client=ca-pub-8864793242727901\"\r\n     crossorigin=\"anonymous\"><\/script><br \/>\n<\/p>\n<div id=\"\">\n<header class=\"m-article-header m-article-header--standard\">\n\t\t\t\t\t\t\t\t\t\t\t\t<span id=\"article-header-primary-term\"><br \/>\n\t\t\t\t\t\t\t\t<a class=\"a-term a-term--primary\" href=\"https:\/\/www.boston.com\/tag\/politics\/\"><\/p>\n<p>\t\t\t\t\t\t\t\tPol\u00edtica\t\t\t\t\t\t\t\t<\/a><br \/>\n\t\t\t\t\t\t\t<\/span><\/p>\n<h2 class=\"m-article-header__sub-headline\">Tr\u00eas d\u00e9cadas depois, uma organiza\u00e7\u00e3o ambiental pede uma investiga\u00e7\u00e3o.<\/h2>\n<figure class=\"a-photo m-article-header__photo\"><figcaption class=\"a-photo__caption\">\n<p>\tA filha de Robert F. Kennedy Jr. contou a hist\u00f3ria sobre seu pai e a baleia em um artigo de revista que ressurgiu recentemente.<em> Ruth Fremson\/The New York Times<\/em>\t<\/figcaption><\/figure>\n<div class=\"m-article-header__meta\">\n<div class=\"m-article-header__byline\">\n<p class=\"m-article-header__author\">\n<p>\t\t\t\t\t\t\t\tPor Rebecca Davis O&#8217;Brien, New York Times Service\t\t\t\t\t\t\t<\/p>\n<p>\t\t\t\t\t\t    \t\t\t\t\t\t\t<time class=\"m-article-header__date\"><\/p>\n<p>        \t\t\t\t\t\t\t27 de agosto de 2024    \t\t\t\t\t\t\t<\/time><\/p><\/div>\n<\/p><\/div>\n<\/header>\n<p>\u00c9 uma viola\u00e7\u00e3o de uma lei federal de longa data coletar partes da carca\u00e7a de um animal marinho protegido se ainda houver \u201ctecidos moles\u201d presos.<\/p>\n<p>Torna-se intriga pol\u00edtica se o colecionador fosse Robert F. Kennedy Jr., e a cabe\u00e7a decepada de um mam\u00edfero marinho possivelmente protegido derramasse \u201csuco de baleia\u201d pela lateral da minivan da fam\u00edlia tr\u00eas d\u00e9cadas atr\u00e1s.<\/p>\n<p>Na segunda-feira, o bra\u00e7o pol\u00edtico do Centro para Diversidade Biol\u00f3gica, uma organiza\u00e7\u00e3o ambientalista progressista, pediu \u00e0s autoridades federais que investigassem um epis\u00f3dio, relatado pela filha de Kennedy em um artigo de revista de 2012, no qual ela disse que Kennedy cortou com uma serra el\u00e9trica a cabe\u00e7a de uma baleia morta em uma praia em Hyannis Port, Massachusetts, prendeu-a com uma corda el\u00e1stica no teto do ve\u00edculo e dirigiu por cinco horas at\u00e9 a casa da fam\u00edlia em Mount Kisco, Nova York.<\/p>\n<p>\u201cFoi a coisa mais nojenta do planeta\u201d, disse Kick Kennedy, ent\u00e3o com 24 anos, \u00e0 Town &#038; Country no artigo, que descreveu Robert Kennedy como algu\u00e9m que gosta de estudar cr\u00e2nios e esqueletos de animais.<\/p>\n<p>A hist\u00f3ria ressurgiu recentemente, inclusive em uma publica\u00e7\u00e3o de entretenimento, The Wrap, no domingo e em um artigo do New York Post na segunda-feira.<\/p>\n<p>Em uma carta \u00e0 Administra\u00e7\u00e3o Oce\u00e2nica e Atmosf\u00e9rica Nacional, que supervisiona a prote\u00e7\u00e3o marinha, Brett Hartl, diretor pol\u00edtico nacional do Fundo de A\u00e7\u00e3o do Centro para Diversidade Biol\u00f3gica, escreveu: \u201cH\u00e1 boas raz\u00f5es pelas quais \u00e9 ilegal para qualquer pessoa coletar ou manter partes de qualquer esp\u00e9cie amea\u00e7ada de extin\u00e7\u00e3o.\u201d<\/p>\n<p>\u201cMais importante, oportunidades vitais de pesquisa s\u00e3o perdidas quando indiv\u00edduos vasculham uma carca\u00e7a de vida selvagem e interferem no trabalho dos cientistas. Isso \u00e9 particularmente verdadeiro para mam\u00edferos marinhos, que s\u00e3o algumas das esp\u00e9cies de vida selvagem mais dif\u00edceis de estudar no mundo.\u201d<\/p>\n<p>Algumas esp\u00e9cies de baleias, observou Hartl, s\u00e3o t\u00e3o raras que os cientistas s\u00f3 conseguem aprender sobre elas por meio de suas carca\u00e7as encontradas na praia.<\/p>\n<p>Kennedy, escreveu ele, pode ter violado n\u00e3o apenas a Lei de Prote\u00e7\u00e3o aos Mam\u00edferos Marinhos (1972) e a Lei das Esp\u00e9cies Amea\u00e7adas (1973) \u2014 duas leis fundamentais de conserva\u00e7\u00e3o marinha \u2014 mas tamb\u00e9m a Lei Lacey de 1900, uma lei de conserva\u00e7\u00e3o assinada pelo presidente William McKinley que pro\u00edbe o transporte de animais selvagens coletados ilegalmente, vivos ou mortos, atrav\u00e9s das fronteiras estaduais.<\/p>\n<p>Kennedy n\u00e3o respondeu a um pedido de coment\u00e1rio. Representantes da NOAA n\u00e3o responderam a um pedido de coment\u00e1rio.<\/p>\n<p>A baleia agora se juntou a um filhote de urso, pelo menos um emu e um verme cujas mortes foram intimamente associadas a Kennedy, o candidato presidencial independente \u2014 e advogado ambiental \u2014 que na semana passada uniu for\u00e7as \u00e0 campanha do ex-presidente Donald Trump.<\/p>\n<p>O Fundo de A\u00e7\u00e3o do Centro para Diversidade Biol\u00f3gica endossou a vice-presidente Kamala Harris para presidente.<\/p>\n<p>Kennedy, 70, \u00e9 um colecionador, treinador e manipulador de animais selvagens ao longo da vida. Em sua casa em Los Angeles, onde ele tem domesticado um par de corvos selvagens, ele tamb\u00e9m mant\u00e9m uma tartaruga taxidermizada (um antigo animal de estima\u00e7\u00e3o) e um raro tigre de Sumatra (um presente para seu pai). Outros antigos animais de estima\u00e7\u00e3o incluem pelo menos dois emus, um dos quais foi morto por um le\u00e3o da montanha, o outro por um cachorro da fam\u00edlia.<\/p>\n<p>Este m\u00eas, Kennedy reconheceu que havia deixado um filhote de urso morto no Central Park em 2014 porque pensou que seria &#8220;divertido&#8221; \u2014 uma admiss\u00e3o que veio antes de um artigo no The New Yorker que detalhava o epis\u00f3dio. Kennedy disse a Roseanne Barr que encontrou o urso morto e planejou esfolar o urso e colocar a carne em sua geladeira, mas, em vez disso, encenou com uma bicicleta no Central Park.<\/p>\n<p>Embora algumas de suas atividades com a vida selvagem tenham sido meramente curiosas, algumas podem ter contornado a linha da lei. O North American Migratory Bird Treaty Act, por exemplo, pro\u00edbe a \u201ccaptura\u201d de pelo menos duas esp\u00e9cies de corvos. A lei de Nova York pro\u00edbe a \u201cposse ilegal\u201d e o \u201cdescarte ilegal\u201d de um urso.<\/p>\n<p>Em uma entrevista na ter\u00e7a-feira, Hartl disse que o incidente da baleia, se for verdade, representaria uma viola\u00e7\u00e3o \u201cmuito pior\u201d do que o filhote de urso. (E se Kennedy ainda tiver alguma parte do esqueleto da baleia, ele ainda pode ser acusado de um crime federal mesmo 30 anos depois, disse Hartl.)<\/p>\n<p>\u201cQuando voc\u00ea faz o juramento na Ordem dos Advogados\u201d como advogado, \u201cvoc\u00ea faz um juramento de defender a lei\u201d, disse Hartl, observando que ele, como Kennedy, \u00e9 um advogado ambiental. \u201cEsta n\u00e3o \u00e9 uma regra est\u00fapida. Esta \u00e9 a lei \u2014 leis que foram aprovadas quase por unanimidade\u201d d\u00e9cadas atr\u00e1s, ele disse. \u201cEsta n\u00e3o \u00e9 uma coisa atual e tola do &#8216;estado profundo corrupto&#8217; com o qual ele agora afirma se importar.\u201d<\/p>\n<p>Este artigo foi publicado originalmente em <a href=\"https:\/\/www.nytimes.com\/2024\/08\/27\/us\/politics\/rfk-jr-whale-head.html\"><em>O jornal New York Times<\/em><\/a>.<\/p>\n<\/p><\/div>\n<p><script>\n\t\tvar consent=\"grant\";\n\t\t\/* The above code is parsing the JSON data from the local storage and storing it in a variable. *\/\n\t\t\t\t\tconst onetrustStorageConsent = JSON.parse(localStorage.getItem( 'consent_one_trust_bdc' ) );\n\t\t\tif ( ( onetrustStorageConsent !== null ) ) {\n\t\t\t\t\/* Checking to see if the user has consented to the use of cookies.\n\t\t\t\t* If they have not, it is deleting the cookie.\n\t\t\t\t* This will comment for now, until further notice.\n\t\t\t\t*\/\n\t\t\t\t\/\/if ( onetrustStorageConsent.C0002 === false ) {\n\t\t\t\t\/\/\tdocument.cookie=\"_fbp=;expires=Thu, 01 Jan 2010 00:00:00 UTC; path=\/; domain=.boston.com\";\n\t\t\t\t\/\/}\n\t\t\t\t\/* Checking if the user has given consent for the cookie C0002.\n\t\t\t\t* If the user has given consent, the variable consent will be set to 'grant'.\n\t\t\t\t* If the user has not given consent,the variable consent will be set to 'revoke'.\n\t\t\t\t* Documentation https:\/\/developers.facebook.com\/docs\/meta-pixel\/implementation\/gdpr\n\t\t\t\t*\/\n\t\t\t\tif ( onetrustStorageConsent.C0002 !== true ) {\n\t\t\t\t\tconsent=\"revoke\";\n\t\t\t\t}\n\t\t\t}\n\t\t\t\t!function(f,b,e,v,n,t,s)\n\t\t{if(f.fbq)return;n=f.fbq=function(){n.callMethod?\n\t\tn.callMethod.apply(n,arguments):n.queue.push(arguments)};\n\t\tif(!f._fbq)f._fbq=n;n.push=n;n.loaded=!0;n.version='2.0';\n\t\tn.queue=[];t=b.createElement(e);t.async=!0;\n\t\tt.src=v;s=b.getElementsByTagName(e)[0];\n\t\ts.parentNode.insertBefore(t,s)}(window, document,'script',\n\t\t'https:\/\/connect.facebook.net\/en_US\/fbevents.js');\n\t\tfbq('consent', consent);\n\t\tfbq('init', '989222871864976');\n\t\tfbq('track', 'PageView');\n\t<\/script><script type=\"module\">\n\t\tvar consent=\"grant\";\n\t\t\/* The above code is parsing the JSON data from the local storage and storing it in a variable. *\/\n\t\t\tconst onetrustStorageConsent = JSON.parse(localStorage.getItem( 'consent_one_trust_bdc' ) );\n\t\t\t\/* Checking to see if the user has consented to the use of cookies.\n\t\t\t* If they have not, it is deleting the cookie.\n\t\t\t* This will comment for now, until further notice.\n\t\t\t*\/\n\t\t\t\/\/if ( onetrustStorageConsent.C0002 === false ) {\n\t\t\t\/\/\tdocument.cookie=\"_fbp=;expires=Thu, 01 Jan 2010 00:00:00 UTC; path=\/; domain=.boston.com\";\n\t\t\t\/\/}\n\t\t\t\/* Checking if the user has given consent for the cookie C0002.\n\t\t\t* If the user has given consent, the variable consent will be set to 'grant'.\n\t\t\t* If the user has not given consent,the variable consent will be set to 'revoke'.\n\t\t\t* Documentation https:\/\/developers.facebook.com\/docs\/meta-pixel\/implementation\/gdpr\n\t\t\t*\/\n\t\t\tif ( ( onetrustStorageConsent !== null ) && (onetrustStorageConsent.C0002 !== true ) ) {\n\t\t\t\tconsent=\"revoke\";\n\t\t\t}\n\t\t\t\t!function(f,b,e,v,n,t,s){if(f.fbq)return;n=f.fbq=function()\n\t\t{n.callMethod? n.callMethod.apply(n,arguments):n.queue.push(arguments)}\n\t\t;if(!f._fbq)f._fbq=n;\n\t\tn.push=n;n.loaded=!0;n.version='2.0';n.queue=[];t=b.createElement(e);t.async=!0;\n\t\tt.src=v;s=b.getElementsByTagName(e)[0];s.parentNode.insertBefore(t,s)}(window,\n\t\tdocument,'script','https:\/\/connect.facebook.net\/en_US\/fbevents.js');\n\t\tfbq('consent', consent);\n\t\tfbq('init', '813236348753005');\n\t\tfbq('track', \"PageView\");\n\t<\/script><br \/>\n<br \/><br \/>\n<br \/><a href=\"https:\/\/www.boston.com\/news\/politics\/2024\/08\/27\/robert-f-kennedy-jr-sawed-the-head-off-a-whale-and-drove-it-home-daughter-says\/\">Source link <\/a><\/p>","protected":false},"excerpt":{"rendered":"<p>Pol\u00edtica Tr\u00eas d\u00e9cadas depois, uma organiza\u00e7\u00e3o ambiental pede uma investiga\u00e7\u00e3o. A filha de Robert F. Kennedy Jr. contou a hist\u00f3ria sobre seu pai e a baleia em um artigo de&hellip;<\/p>","protected":false},"author":1,"featured_media":29136,"comment_status":"closed","ping_status":"open","sticky":false,"template":"","format":"standard","meta":{"content-type":"","footnotes":""},"categories":[1],"tags":[],"class_list":["post-29135","post","type-post","status-publish","format-standard","has-post-thumbnail","hentry","category-uncategorized"],"_links":{"self":[{"href":"https:\/\/tvbrazilusa.com\/pt\/wp-json\/wp\/v2\/posts\/29135","targetHints":{"allow":["GET"]}}],"collection":[{"href":"https:\/\/tvbrazilusa.com\/pt\/wp-json\/wp\/v2\/posts"}],"about":[{"href":"https:\/\/tvbrazilusa.com\/pt\/wp-json\/wp\/v2\/types\/post"}],"author":[{"embeddable":true,"href":"https:\/\/tvbrazilusa.com\/pt\/wp-json\/wp\/v2\/users\/1"}],"replies":[{"embeddable":true,"href":"https:\/\/tvbrazilusa.com\/pt\/wp-json\/wp\/v2\/comments?post=29135"}],"version-history":[{"count":1,"href":"https:\/\/tvbrazilusa.com\/pt\/wp-json\/wp\/v2\/posts\/29135\/revisions"}],"predecessor-version":[{"id":29137,"href":"https:\/\/tvbrazilusa.com\/pt\/wp-json\/wp\/v2\/posts\/29135\/revisions\/29137"}],"wp:featuredmedia":[{"embeddable":true,"href":"https:\/\/tvbrazilusa.com\/pt\/wp-json\/wp\/v2\/media\/29136"}],"wp:attachment":[{"href":"https:\/\/tvbrazilusa.com\/pt\/wp-json\/wp\/v2\/media?parent=29135"}],"wp:term":[{"taxonomy":"category","embeddable":true,"href":"https:\/\/tvbrazilusa.com\/pt\/wp-json\/wp\/v2\/categories?post=29135"},{"taxonomy":"post_tag","embeddable":true,"href":"https:\/\/tvbrazilusa.com\/pt\/wp-json\/wp\/v2\/tags?post=29135"}],"curies":[{"name":"wp","href":"https:\/\/api.w.org\/{rel}","templated":true}]}}