{"id":29177,"date":"2024-08-28T02:40:54","date_gmt":"2024-08-28T02:40:54","guid":{"rendered":"https:\/\/tvbrazilusa.com\/2024\/08\/28\/a-rede-sem-fio-da-att-esta-sendo-impactada-por-um-problema-de-software-diz-a-empresa-wsvn-7news-noticias-de-miami-clima-esportes-fort-lauderdale\/"},"modified":"2024-08-28T02:43:15","modified_gmt":"2024-08-28T02:43:15","slug":"a-rede-sem-fio-da-att-esta-sendo-impactada-por-um-problema-de-software-diz-a-empresa-wsvn-7news-noticias-de-miami-clima-esportes-fort-lauderdale","status":"publish","type":"post","link":"https:\/\/tvbrazilusa.com\/pt\/2024\/08\/28\/a-rede-sem-fio-da-att-esta-sendo-impactada-por-um-problema-de-software-diz-a-empresa-wsvn-7news-noticias-de-miami-clima-esportes-fort-lauderdale\/","title":{"rendered":"A rede sem fio da AT&#038;T est\u00e1 sendo impactada por um problema de software, diz a empresa &#8211; WSVN 7News | Not\u00edcias de Miami, Clima, Esportes | Fort Lauderdale"},"content":{"rendered":"<p> <script async src=\"https:\/\/pagead2.googlesyndication.com\/pagead\/js\/adsbygoogle.js?client=ca-pub-8864793242727901\"\r\n     crossorigin=\"anonymous\"><\/script><br \/>\n<\/p>\n<div itemprop=\"articleBody\">\n<p>(CNN) \u2014 A AT&#038;T est\u00e1 \u201ctrabalhando para resolver um problema de software\u201d que est\u00e1 afetando sua rede sem fio, disse um porta-voz da empresa em um e-mail \u00e0 CNN na ter\u00e7a-feira \u00e0 noite.<\/p>\n<p>\u201cEstamos trabalhando para resolver um problema de software que pode afetar a capacidade de um n\u00famero limitado de nossos clientes de se conectar \u00e0 nossa rede sem fio\u201d, disse o porta-voz da AT&#038;T.<\/p>\n<p>\u201cManter nossos clientes conectados \u00e9 nossa maior prioridade, por isso agradecemos sua paci\u00eancia enquanto trabalhamos para resolver esse problema\u201d, disse o porta-voz.<\/p>\n<p>O problema de software est\u00e1 afetando \u201calguns clientes\u201d, mas n\u00e3o \u00e9 nacional, de acordo com o porta-voz.<\/p>\n<p>A mensagem do porta-voz foi divulgada em uma noite em que pelo menos duas entidades governamentais na Fl\u00f3rida fizeram refer\u00eancia online a interrup\u00e7\u00f5es telef\u00f4nicas.<\/p>\n<p>A pol\u00edcia de Tampa anunciou na ter\u00e7a-feira \u00e0 noite uma \u201cqueda relatada em nossas linhas telef\u00f4nicas n\u00e3o emergenciais e distritais\u201d, mas disse que o 911 n\u00e3o foi afetado. A conta X do governo do Condado de Seminole, enquanto isso, referiu-se a uma \u201cqueda ao ligar para o 911\u201d e pediu que as pessoas ligassem para um \u201cn\u00famero n\u00e3o emergencial \u2026 para emerg\u00eancias at\u00e9 que o problema seja resolvido\u201d. N\u00e3o ficou imediatamente claro se essas quedas estavam relacionadas aos problemas da AT&#038;T.<\/p>\n<p><em>Esta hist\u00f3ria est\u00e1 em desenvolvimento e ser\u00e1 atualizada.<\/em><\/p>\n<p><em>The-CNN-Wire\u2122 &#038; \u00a9 2024 Cable News Network, Inc., uma empresa Time Warner. Todos os direitos reservados.<\/em><\/p>\n<div class=\"wp-block-newsletter\">\n\t<strong class=\"wp-block-newsletter__title\">Inscreva-se em nossa Newsletter para receber as \u00faltimas not\u00edcias diretamente na sua caixa de entrada<\/strong><\/p>\n<\/div><\/div>\n<p><br \/>\n<br \/><a href=\"https:\/\/wsvn.com\/news\/us-world\/atts-wireless-network-is-being-impacted-by-a-software-issue-company-says\/\">Source link <\/a><\/p>","protected":false},"excerpt":{"rendered":"<p>(CNN) \u2014 A AT&#038;T est\u00e1 \u201ctrabalhando para resolver um problema de software\u201d que est\u00e1 afetando sua rede sem fio, disse um porta-voz da empresa em um e-mail \u00e0 CNN na&hellip;<\/p>","protected":false},"author":1,"featured_media":29178,"comment_status":"closed","ping_status":"open","sticky":false,"template":"","format":"standard","meta":{"content-type":"","footnotes":""},"categories":[1],"tags":[],"class_list":["post-29177","post","type-post","status-publish","format-standard","has-post-thumbnail","hentry","category-uncategorized"],"_links":{"self":[{"href":"https:\/\/tvbrazilusa.com\/pt\/wp-json\/wp\/v2\/posts\/29177","targetHints":{"allow":["GET"]}}],"collection":[{"href":"https:\/\/tvbrazilusa.com\/pt\/wp-json\/wp\/v2\/posts"}],"about":[{"href":"https:\/\/tvbrazilusa.com\/pt\/wp-json\/wp\/v2\/types\/post"}],"author":[{"embeddable":true,"href":"https:\/\/tvbrazilusa.com\/pt\/wp-json\/wp\/v2\/users\/1"}],"replies":[{"embeddable":true,"href":"https:\/\/tvbrazilusa.com\/pt\/wp-json\/wp\/v2\/comments?post=29177"}],"version-history":[{"count":1,"href":"https:\/\/tvbrazilusa.com\/pt\/wp-json\/wp\/v2\/posts\/29177\/revisions"}],"predecessor-version":[{"id":29179,"href":"https:\/\/tvbrazilusa.com\/pt\/wp-json\/wp\/v2\/posts\/29177\/revisions\/29179"}],"wp:featuredmedia":[{"embeddable":true,"href":"https:\/\/tvbrazilusa.com\/pt\/wp-json\/wp\/v2\/media\/29178"}],"wp:attachment":[{"href":"https:\/\/tvbrazilusa.com\/pt\/wp-json\/wp\/v2\/media?parent=29177"}],"wp:term":[{"taxonomy":"category","embeddable":true,"href":"https:\/\/tvbrazilusa.com\/pt\/wp-json\/wp\/v2\/categories?post=29177"},{"taxonomy":"post_tag","embeddable":true,"href":"https:\/\/tvbrazilusa.com\/pt\/wp-json\/wp\/v2\/tags?post=29177"}],"curies":[{"name":"wp","href":"https:\/\/api.w.org\/{rel}","templated":true}]}}