{"id":29180,"date":"2024-08-28T02:42:31","date_gmt":"2024-08-28T02:42:31","guid":{"rendered":"https:\/\/tvbrazilusa.com\/2024\/08\/28\/150-estudantes-de-stoughton-inicialmente-impedidos-de-viajar-de-onibus-ganham-vagas-de-onibus\/"},"modified":"2024-08-28T02:44:34","modified_gmt":"2024-08-28T02:44:34","slug":"150-estudantes-de-stoughton-inicialmente-impedidos-de-viajar-de-onibus-ganham-vagas-de-onibus","status":"publish","type":"post","link":"https:\/\/tvbrazilusa.com\/pt\/2024\/08\/28\/150-estudantes-de-stoughton-inicialmente-impedidos-de-viajar-de-onibus-ganham-vagas-de-onibus\/","title":{"rendered":"150 estudantes de Stoughton inicialmente impedidos de viajar de \u00f4nibus ganham vagas de \u00f4nibus"},"content":{"rendered":"<p> <script async src=\"https:\/\/pagead2.googlesyndication.com\/pagead\/js\/adsbygoogle.js?client=ca-pub-8864793242727901\"\r\n     crossorigin=\"anonymous\"><\/script><br \/>\n<\/p>\n<div id=\"\">\n<header class=\"m-article-header m-article-header--standard\">\n\t\t\t\t\t\t\t\t\t\t\t\t<span id=\"article-header-primary-term\"><br \/>\n\t\t\t\t\t\t\t\t<a class=\"a-term a-term--primary\" href=\"https:\/\/www.boston.com\/tag\/local-news\/\"><\/p>\n<p>\t\t\t\t\t\t\t\tNot\u00edcias locais\t\t\t\t\t\t\t\t<\/a><br \/>\n\t\t\t\t\t\t\t<\/span><\/p>\n<h2 class=\"m-article-header__sub-headline\">Duas demiss\u00f5es recentes no escrit\u00f3rio central do distrito resultaram em economias para financiar o \u00f4nibus adicional. Nenhuma sala de aula foi afetada pela reorganiza\u00e7\u00e3o do or\u00e7amento.<\/h2>\n<figure class=\"a-photo m-article-header__photo\"><figcaption class=\"a-photo__caption\">\n<p>\tFoto de arquivo do \u00f4nibus escolar. 150 alunos de Stoughton que inicialmente tiveram transporte de ida e volta para a escola negado agora t\u00eam vagas no \u00f4nibus.<em>  (David L Ryan\/Equipe Globe) <\/em>\t<\/figcaption><\/figure>\n<\/header>\n<p>Os 150 alunos que inicialmente tiveram vagas negadas nos \u00f4nibus escolares de Stoughton agora poder\u00e3o ir para a escola sem cortar o financiamento das salas de aula ou da equipe, anunciou o distrito na segunda-feira.<\/p>\n<p>Escolas P\u00fablicas de Stoughton <a href=\"https:\/\/www.boston.com\/news\/local-news\/2024\/08\/20\/150-stoughton-students-not-given-spots-on-school-buses-for-the-year-superintendent-says\/\">voltaram atr\u00e1s em seu an\u00fancio inicial<\/a> que 150 alunos, ou cerca de 10% dos alunos que se inscreveram at\u00e9 o prazo final do distrito, n\u00e3o receberiam transporte de \u00f4nibus de ida e volta para a escola. <\/p>\n<p>O Comit\u00ea Escolar <a href=\"https:\/\/www.stoughtonschools.org\/article\/1731302\">anunciado<\/a> Segunda-feira que o distrito adicionar\u00e1 um \u00f4nibus adicional, que ser\u00e1 &#8220;uma viagem dupla, o que significa que este \u00f4nibus far\u00e1 duas viagens para cada trajeto da manh\u00e3 e da tarde&#8221;.<\/p>\n<p>O superintendente Joseph Baeta disse na reuni\u00e3o de ter\u00e7a-feira \u00e0 noite que as linhas de \u00f4nibus com percursos duplos ter\u00e3o cerca de 15 a 20 minutos de dura\u00e7\u00e3o no final da tarde.<\/p>\n<p>\u201cIsto \u00e9 somente para o in\u00edcio do ano letivo\u201d, ele disse. \u201cEm outras palavras, quando tivermos todos nos \u00f4nibus, e come\u00e7armos a ver as mudan\u00e7as que ocorrem nas primeiras duas, tr\u00eas semanas, atualizaremos isso com os pais e as fam\u00edlias regularmente.\u201d<\/p>\n<p>Katherine Weiss, presidente do Comit\u00ea Escolar de Stoughton, disse na reuni\u00e3o de ter\u00e7a-feira \u00e0 noite que a popula\u00e7\u00e3o escolar de Stoughton est\u00e1 \u201ccrescendo rapidamente\u201d. <\/p>\n<p>Weiss disse que o \u00f4nibus adicional custou $ 79.000. Ela disse que duas ren\u00fancias recentes no escrit\u00f3rio central do distrito resultaram em economias para financiar o \u00f4nibus adicional. Nenhuma sala de aula foi afetada pela reorganiza\u00e7\u00e3o do or\u00e7amento.<\/p>\n<p>\u201cOs custos de transporte v\u00eam aumentando h\u00e1 v\u00e1rios anos. N\u00f3s sab\u00edamos disso. Isso \u00e9 algo com que estamos lutando, tanto para a popula\u00e7\u00e3o em geral quanto para a popula\u00e7\u00e3o de educa\u00e7\u00e3o especial, tanto dentro do distrito quanto fora do distrito\u201d, disse Weiss.<\/p>\n<p>O Comit\u00ea Escolar considerou aprovar um congelamento administrativo de contrata\u00e7\u00f5es para continuar dentro do or\u00e7amento, mas decidiu discutir o assunto mais detalhadamente em setembro.<\/p>\n<p>O distrito entrar\u00e1 em contato com os alunos que agora est\u00e3o nos \u00f4nibus e outros alunos cujas rotas de \u00f4nibus foram alteradas devido aos \u00f4nibus adicionais.<\/p>\n<h2 class=\"wp-block-heading\" id=\"h-superintendent-addresses-nastiness-misinformation\">Superintendente aborda \u201cmaldade\u201d e \u201cdesinforma\u00e7\u00e3o\u201d<\/h2>\n<p>Baeta tamb\u00e9m reconheceu \u201cdesinforma\u00e7\u00e3o e narrativas que s\u00e3o desagrad\u00e1veis \u200b\u200be absolutamente infundadas\u201d, aparentemente se referindo \u00e0 ideia de que crian\u00e7as migrantes que vivem em abrigos e hot\u00e9is receberam transporte de \u00f4nibus \u00e0s custas de outros estudantes do distrito.<\/p>\n<p>O estado financiou os dois \u00f4nibus adicionais para crian\u00e7as do sistema de abrigo estadual, o distrito <a href=\"https:\/\/www.boston.com\/news\/local-news\/2024\/08\/20\/150-stoughton-students-not-given-spots-on-school-buses-for-the-year-superintendent-says\/\">disse semana passada<\/a>. Na semana passada, o <em>Boston Herald<\/em> <a href=\"https:\/\/www.bostonherald.com\/2024\/08\/18\/hundreds-of-stoughton-students-without-bus-service-as-massachusetts-funds-buses-for-migrants\/\">relatado<\/a> sobre o assunto com o t\u00edtulo: \u201cCentenas de estudantes de Stoughton sem servi\u00e7o de \u00f4nibus, enquanto Massachusetts financia \u00f4nibus para migrantes\u201d.<\/p>\n<p>\u201c\u00c9 lament\u00e1vel que fora de Stoughton, e quero deixar claro, fora de Stoughton, a maldade e os coment\u00e1rios que aconteceram sejam definidos apenas pela palavra absurdo\u201d, disse Baeta. \u201cVou deixar por isso mesmo.\u201d<\/p>\n<div class=\"m-block m-generic-cta\t m-generic-cta--post-content\t m-generic-cta--dark\t m-generic-cta--homepage\t m-generic-cta--email-signup\t\t m-generic-cta-block-style--default \tt-amp__generic-cta\"><\/p>\n<div class=\"m-generic-cta__wrap\">\n<div class=\"m-generic-cta__content\">\n<h3 class=\"m-generic-cta__title\">Boston.com Hoje<\/h3>\n<p class=\"m-generic-cta__subtitle\">Inscreva-se para receber as \u00faltimas manchetes na sua caixa de entrada todas as manh\u00e3s.<\/p>\n<\/p><\/div>\n<\/p><\/div>\n<\/div><\/div>\n<p><script>\n\t\tvar consent=\"grant\";\n\t\t\/* The above code is parsing the JSON data from the local storage and storing it in a variable. *\/\n\t\t\t\t\tconst onetrustStorageConsent = JSON.parse(localStorage.getItem( 'consent_one_trust_bdc' ) );\n\t\t\tif ( ( onetrustStorageConsent !== null ) ) {\n\t\t\t\t\/* Checking to see if the user has consented to the use of cookies.\n\t\t\t\t* If they have not, it is deleting the cookie.\n\t\t\t\t* This will comment for now, until further notice.\n\t\t\t\t*\/\n\t\t\t\t\/\/if ( onetrustStorageConsent.C0002 === false ) {\n\t\t\t\t\/\/\tdocument.cookie=\"_fbp=;expires=Thu, 01 Jan 2010 00:00:00 UTC; path=\/; domain=.boston.com\";\n\t\t\t\t\/\/}\n\t\t\t\t\/* Checking if the user has given consent for the cookie C0002.\n\t\t\t\t* If the user has given consent, the variable consent will be set to 'grant'.\n\t\t\t\t* If the user has not given consent,the variable consent will be set to 'revoke'.\n\t\t\t\t* Documentation https:\/\/developers.facebook.com\/docs\/meta-pixel\/implementation\/gdpr\n\t\t\t\t*\/\n\t\t\t\tif ( onetrustStorageConsent.C0002 !== true ) {\n\t\t\t\t\tconsent=\"revoke\";\n\t\t\t\t}\n\t\t\t}\n\t\t\t\t!function(f,b,e,v,n,t,s)\n\t\t{if(f.fbq)return;n=f.fbq=function(){n.callMethod?\n\t\tn.callMethod.apply(n,arguments):n.queue.push(arguments)};\n\t\tif(!f._fbq)f._fbq=n;n.push=n;n.loaded=!0;n.version='2.0';\n\t\tn.queue=[];t=b.createElement(e);t.async=!0;\n\t\tt.src=v;s=b.getElementsByTagName(e)[0];\n\t\ts.parentNode.insertBefore(t,s)}(window, document,'script',\n\t\t'https:\/\/connect.facebook.net\/en_US\/fbevents.js');\n\t\tfbq('consent', consent);\n\t\tfbq('init', '989222871864976');\n\t\tfbq('track', 'PageView');\n\t<\/script><script type=\"module\">\n\t\tvar consent=\"grant\";\n\t\t\/* The above code is parsing the JSON data from the local storage and storing it in a variable. *\/\n\t\t\tconst onetrustStorageConsent = JSON.parse(localStorage.getItem( 'consent_one_trust_bdc' ) );\n\t\t\t\/* Checking to see if the user has consented to the use of cookies.\n\t\t\t* If they have not, it is deleting the cookie.\n\t\t\t* This will comment for now, until further notice.\n\t\t\t*\/\n\t\t\t\/\/if ( onetrustStorageConsent.C0002 === false ) {\n\t\t\t\/\/\tdocument.cookie=\"_fbp=;expires=Thu, 01 Jan 2010 00:00:00 UTC; path=\/; domain=.boston.com\";\n\t\t\t\/\/}\n\t\t\t\/* Checking if the user has given consent for the cookie C0002.\n\t\t\t* If the user has given consent, the variable consent will be set to 'grant'.\n\t\t\t* If the user has not given consent,the variable consent will be set to 'revoke'.\n\t\t\t* Documentation https:\/\/developers.facebook.com\/docs\/meta-pixel\/implementation\/gdpr\n\t\t\t*\/\n\t\t\tif ( ( onetrustStorageConsent !== null ) && (onetrustStorageConsent.C0002 !== true ) ) {\n\t\t\t\tconsent=\"revoke\";\n\t\t\t}\n\t\t\t\t!function(f,b,e,v,n,t,s){if(f.fbq)return;n=f.fbq=function()\n\t\t{n.callMethod? n.callMethod.apply(n,arguments):n.queue.push(arguments)}\n\t\t;if(!f._fbq)f._fbq=n;\n\t\tn.push=n;n.loaded=!0;n.version='2.0';n.queue=[];t=b.createElement(e);t.async=!0;\n\t\tt.src=v;s=b.getElementsByTagName(e)[0];s.parentNode.insertBefore(t,s)}(window,\n\t\tdocument,'script','https:\/\/connect.facebook.net\/en_US\/fbevents.js');\n\t\tfbq('consent', consent);\n\t\tfbq('init', '813236348753005');\n\t\tfbq('track', \"PageView\");\n\t<\/script><br \/>\n<br \/><br \/>\n<br \/><a href=\"https:\/\/www.boston.com\/news\/local-news\/2024\/08\/27\/150-stoughton-students-initially-denied-bus-transport-get-bus-spots\/\">Source link <\/a><\/p>","protected":false},"excerpt":{"rendered":"<p>Not\u00edcias locais Duas demiss\u00f5es recentes no escrit\u00f3rio central do distrito resultaram em economias para financiar o \u00f4nibus adicional. Nenhuma sala de aula foi afetada pela reorganiza\u00e7\u00e3o do or\u00e7amento. Foto de&hellip;<\/p>","protected":false},"author":1,"featured_media":29181,"comment_status":"closed","ping_status":"open","sticky":false,"template":"","format":"standard","meta":{"content-type":"","footnotes":""},"categories":[1],"tags":[],"class_list":["post-29180","post","type-post","status-publish","format-standard","has-post-thumbnail","hentry","category-uncategorized"],"_links":{"self":[{"href":"https:\/\/tvbrazilusa.com\/pt\/wp-json\/wp\/v2\/posts\/29180","targetHints":{"allow":["GET"]}}],"collection":[{"href":"https:\/\/tvbrazilusa.com\/pt\/wp-json\/wp\/v2\/posts"}],"about":[{"href":"https:\/\/tvbrazilusa.com\/pt\/wp-json\/wp\/v2\/types\/post"}],"author":[{"embeddable":true,"href":"https:\/\/tvbrazilusa.com\/pt\/wp-json\/wp\/v2\/users\/1"}],"replies":[{"embeddable":true,"href":"https:\/\/tvbrazilusa.com\/pt\/wp-json\/wp\/v2\/comments?post=29180"}],"version-history":[{"count":1,"href":"https:\/\/tvbrazilusa.com\/pt\/wp-json\/wp\/v2\/posts\/29180\/revisions"}],"predecessor-version":[{"id":29182,"href":"https:\/\/tvbrazilusa.com\/pt\/wp-json\/wp\/v2\/posts\/29180\/revisions\/29182"}],"wp:featuredmedia":[{"embeddable":true,"href":"https:\/\/tvbrazilusa.com\/pt\/wp-json\/wp\/v2\/media\/29181"}],"wp:attachment":[{"href":"https:\/\/tvbrazilusa.com\/pt\/wp-json\/wp\/v2\/media?parent=29180"}],"wp:term":[{"taxonomy":"category","embeddable":true,"href":"https:\/\/tvbrazilusa.com\/pt\/wp-json\/wp\/v2\/categories?post=29180"},{"taxonomy":"post_tag","embeddable":true,"href":"https:\/\/tvbrazilusa.com\/pt\/wp-json\/wp\/v2\/tags?post=29180"}],"curies":[{"name":"wp","href":"https:\/\/api.w.org\/{rel}","templated":true}]}}