{"id":29196,"date":"2024-08-28T02:38:28","date_gmt":"2024-08-28T02:38:28","guid":{"rendered":"https:\/\/tvbrazilusa.com\/2024\/08\/28\/3-funcionarios-do-mdfr-colocados-em-servico-administrativo-em-meio-a-investigacao-em-andamento-sobre-o-exercicio-de-treinamento-fatal-em-virginia-gardens-wsvn-7news-noticias-de-miami-clima-espor\/"},"modified":"2024-08-28T03:30:20","modified_gmt":"2024-08-28T03:30:20","slug":"3-funcionarios-do-mdfr-colocados-em-servico-administrativo-em-meio-a-investigacao-em-andamento-sobre-o-exercicio-de-treinamento-fatal-em-virginia-gardens-wsvn-7news-noticias-de-miami-clima-espor","status":"publish","type":"post","link":"https:\/\/tvbrazilusa.com\/pt\/2024\/08\/28\/3-funcionarios-do-mdfr-colocados-em-servico-administrativo-em-meio-a-investigacao-em-andamento-sobre-o-exercicio-de-treinamento-fatal-em-virginia-gardens-wsvn-7news-noticias-de-miami-clima-espor\/","title":{"rendered":"3 funcion\u00e1rios do MDFR colocados em servi\u00e7o administrativo em meio \u00e0 investiga\u00e7\u00e3o em andamento sobre o exerc\u00edcio de treinamento fatal em Virginia Gardens &#8211; WSVN 7News | Not\u00edcias de Miami, Clima, Esportes | Fort Lauderdale"},"content":{"rendered":"<p> <script async src=\"https:\/\/pagead2.googlesyndication.com\/pagead\/js\/adsbygoogle.js?client=ca-pub-8864793242727901\"\r\n     crossorigin=\"anonymous\"><\/script><br \/>\n<\/p>\n<div itemprop=\"articleBody\">\n<p>VIRGINIA GARDENS, FL\u00d3RIDA (WSVN) &#8211; Tr\u00eas funcion\u00e1rios do Corpo de Bombeiros de Miami-Dade foram colocados em servi\u00e7o administrativo enquanto as autoridades continuam investigando o exerc\u00edcio de treinamento fatal.<\/p>\n<p>Em 22 de junho, um homem morreu devido aos ferimentos sofridos ap\u00f3s um inc\u00eandio <a href=\"https:\/\/wsvn.com\/news\/local\/miami-dade\/mdfr-firefighter-hospitalized-during-training-exercise-after-fire-breaks-out-at-building-in-virginia-gardens\/\">surgiu durante um exerc\u00edcio de treinamento de bombeiros<\/a> na Northwest 66th Avenue e 36th Street em Virginia Gardens.<\/p>\n<p>Ap\u00f3s o acidente, a prefeita de Miami-Dade, Daniella Levine Cava <a href=\"https:\/\/wsvn.com\/news\/local\/miami-dade\/levine-cava-calls-for-full-investigation-of-training-drill-blaze-in-virginia-gardens-as-loved-ones-mourn-son-of-mdfr-instructor\/\">pediu uma investiga\u00e7\u00e3o completa<\/a>.<\/p>\n<p>\u201cEstamos todos profundamente, profundamente preocupados e estamos investigando, o estado est\u00e1 investigando, nosso departamento de pol\u00edcia est\u00e1 investigando e nosso departamento de Assuntos Internos\u201d, disse ela. <\/p>\n<p>Na ter\u00e7a-feira, o Corpo de Bombeiros de Miami-Dade colocou tr\u00eas funcion\u00e1rios em servi\u00e7o administrativo enquanto aguardam a conclus\u00e3o da investiga\u00e7\u00e3o.<\/p>\n<p>A pol\u00edcia de Miami-Dade confirmou que o homem que morreu era filho de um bombeiro do MDFR. Ele foi identificado como Fabian Giovanni Camero, de 28 anos. <\/p>\n<p>Os detetives disseram que o homem de 28 anos n\u00e3o era bombeiro. <\/p>\n<p>Uma fonte do 7News disse que Fabian foi levado ao exerc\u00edcio de treinamento por seu pai, que as regras de seguran\u00e7a para fogo real n\u00e3o foram seguidas e que as coisas tomaram um rumo tr\u00e1gico quando algu\u00e9m colocou muito combust\u00edvel no que deveria ser uma pequena fogueira de demonstra\u00e7\u00e3o.<\/p>\n<p>7Fontes de not\u00edcias dizem que o pai da v\u00edtima, Francisco Camero, \u00e9 um dos tr\u00eas funcion\u00e1rios afetados.<\/p>\n<p>Duas outras pessoas que estavam no terceiro andar do pr\u00e9dio conseguiram se soltar e foram atendidas no local.<\/p>\n<p>V\u00e1rias outras ag\u00eancias, incluindo o Corpo de Bombeiros do Estado da Fl\u00f3rida, est\u00e3o investigando o incidente de junho. <\/p>\n<p><em>Copyright 2024 Sunbeam Television Corp. Todos os direitos reservados. Este material n\u00e3o pode ser publicado, transmitido, reescrito ou redistribu\u00eddo.<\/em><\/p>\n<div class=\"wp-block-newsletter\">\n\t<strong class=\"wp-block-newsletter__title\">Inscreva-se em nossa Newsletter para receber as \u00faltimas not\u00edcias diretamente na sua caixa de entrada<\/strong><\/p>\n<\/div><\/div>\n<p><br \/>\n<br \/><a href=\"https:\/\/wsvn.com\/news\/local\/miami-dade\/3-mdfr-employees-placed-on-administrative-duty-amid-ongoing-investigation-into-fatal-virginia-gardens-training-exercise\/\">Source link <\/a><\/p>","protected":false},"excerpt":{"rendered":"<p>VIRGINIA GARDENS, FL\u00d3RIDA (WSVN) &#8211; Tr\u00eas funcion\u00e1rios do Corpo de Bombeiros de Miami-Dade foram colocados em servi\u00e7o administrativo enquanto as autoridades continuam investigando o exerc\u00edcio de treinamento fatal. Em 22&hellip;<\/p>","protected":false},"author":1,"featured_media":29197,"comment_status":"closed","ping_status":"open","sticky":false,"template":"","format":"standard","meta":{"content-type":"","footnotes":""},"categories":[1],"tags":[],"class_list":["post-29196","post","type-post","status-publish","format-standard","has-post-thumbnail","hentry","category-uncategorized"],"_links":{"self":[{"href":"https:\/\/tvbrazilusa.com\/pt\/wp-json\/wp\/v2\/posts\/29196","targetHints":{"allow":["GET"]}}],"collection":[{"href":"https:\/\/tvbrazilusa.com\/pt\/wp-json\/wp\/v2\/posts"}],"about":[{"href":"https:\/\/tvbrazilusa.com\/pt\/wp-json\/wp\/v2\/types\/post"}],"author":[{"embeddable":true,"href":"https:\/\/tvbrazilusa.com\/pt\/wp-json\/wp\/v2\/users\/1"}],"replies":[{"embeddable":true,"href":"https:\/\/tvbrazilusa.com\/pt\/wp-json\/wp\/v2\/comments?post=29196"}],"version-history":[{"count":1,"href":"https:\/\/tvbrazilusa.com\/pt\/wp-json\/wp\/v2\/posts\/29196\/revisions"}],"predecessor-version":[{"id":29198,"href":"https:\/\/tvbrazilusa.com\/pt\/wp-json\/wp\/v2\/posts\/29196\/revisions\/29198"}],"wp:featuredmedia":[{"embeddable":true,"href":"https:\/\/tvbrazilusa.com\/pt\/wp-json\/wp\/v2\/media\/29197"}],"wp:attachment":[{"href":"https:\/\/tvbrazilusa.com\/pt\/wp-json\/wp\/v2\/media?parent=29196"}],"wp:term":[{"taxonomy":"category","embeddable":true,"href":"https:\/\/tvbrazilusa.com\/pt\/wp-json\/wp\/v2\/categories?post=29196"},{"taxonomy":"post_tag","embeddable":true,"href":"https:\/\/tvbrazilusa.com\/pt\/wp-json\/wp\/v2\/tags?post=29196"}],"curies":[{"name":"wp","href":"https:\/\/api.w.org\/{rel}","templated":true}]}}