{"id":29217,"date":"2024-08-28T07:00:43","date_gmt":"2024-08-28T07:00:43","guid":{"rendered":"https:\/\/tvbrazilusa.com\/2024\/08\/28\/alerta-de-calor-afetando-4-condados-de-nj-ate-quarta-feira-a-noite\/"},"modified":"2024-08-28T07:38:11","modified_gmt":"2024-08-28T07:38:11","slug":"alerta-de-calor-afetando-4-condados-de-nj-ate-quarta-feira-a-noite","status":"publish","type":"post","link":"https:\/\/tvbrazilusa.com\/pt\/2024\/08\/28\/alerta-de-calor-afetando-4-condados-de-nj-ate-quarta-feira-a-noite\/","title":{"rendered":"Alerta de calor afetando 4 condados de NJ at\u00e9 quarta-feira \u00e0 noite"},"content":{"rendered":"<script async src=\"https:\/\/pagead2.googlesyndication.com\/pagead\/js\/adsbygoogle.js?client=ca-pub-8864793242727901\"\r\n     crossorigin=\"anonymous\"><\/script>\n<div>\n<p class=\"article__paragraph article__paragraph--left\" id=\"PSHROULCMJC6BA6MORLTPOWL6U\">Na quarta-feira, \u00e0s 2h50, o Servi\u00e7o Nacional de Meteorologia emitiu um alerta de calor v\u00e1lido para quarta-feira entre 11h e 20h para os condados de Salem, Cumberland, Atlantic e Cape May.<\/p>\n<p class=\"article__paragraph article__paragraph--left\" id=\"GMIZJZJ36VG35CDDPK25FZ77VA\">O servi\u00e7o meteorol\u00f3gico diz: &#8220;Valores de \u00edndice de calor esperados de at\u00e9 41 graus&#8221;.<\/p>\n<p class=\"article__paragraph article__paragraph--left\" id=\"QB5WPDNBFZBGZDPNBFAIWLGGUI\">&#8220;Altas temperaturas e alta umidade podem causar doen\u00e7as causadas pelo calor&#8221;, descreve o servi\u00e7o meteorol\u00f3gico.<\/p>\n<\/div>\n<p><br \/>\n<br \/><a href=\"https:\/\/www.nj.com\/weather-alerts\/2024\/08\/heat-advisory-affecting-4-n-j-counties-until-wednesday-evening.html\">Source link <\/a><\/p>","protected":false},"excerpt":{"rendered":"<p>Na quarta-feira, \u00e0s 2h50, o Servi\u00e7o Nacional de Meteorologia emitiu um alerta de calor v\u00e1lido para quarta-feira entre 11h e 20h para os condados de Salem, Cumberland, Atlantic e Cape&hellip;<\/p>","protected":false},"author":1,"featured_media":29218,"comment_status":"closed","ping_status":"open","sticky":false,"template":"","format":"standard","meta":{"content-type":"","footnotes":""},"categories":[1],"tags":[3445,5583,3251,4272,4045,15573,15324,7177,5339,10668,5581,5603,5585,5589,7180,4038,8463,5587,5590,5591,5593,15574,15572,15571,15570,15569,15568,15567,15566,15565,15564,15563,15562,1294,2106,1338,1317,1310,1307,1288,1290],"class_list":["post-29217","post","type-post","status-publish","format-standard","has-post-thumbnail","hentry","category-uncategorized","tag-palavra-chaveatlantico","tag-palavra-chavebem-estar","tag-palavra-chavecalor","tag-palavra-chavecapa","tag-palavra-chaveclima","tag-palavra-chavecondado-de-cape-may","tag-palavra-chavecondados","tag-palavra-chavecumberland","tag-palavra-chaveficar","tag-palavra-chavegrau","tag-palavra-chavehumidade","tag-palavra-chaveindice","tag-palavra-chavemaquina","tag-palavra-chavenacional","tag-palavra-chavesalem","tag-palavra-chaveservico","tag-palavra-chaveservico-meteorologico","tag-palavra-chaveservico-meteorologico-nacional","tag-palavra-chaveservico-nacional-de-meteorologia","tag-palavra-chavetemperatura","tag-palavra-chavetemperaturas","tag-15574","tag-15572","tag-15571","tag-15570","tag-15569","tag-15568","tag-15567","tag-15566","tag-15565","tag-15564","tag-15563","tag-15562","tag-etiquetasubstantivo","tag-frequencia1","tag-frequencia2","tag-frequencia5","tag-frequencia6","tag-frequencia7","tag-pontuacao0","tag-tagnome_proprio"],"_links":{"self":[{"href":"https:\/\/tvbrazilusa.com\/pt\/wp-json\/wp\/v2\/posts\/29217","targetHints":{"allow":["GET"]}}],"collection":[{"href":"https:\/\/tvbrazilusa.com\/pt\/wp-json\/wp\/v2\/posts"}],"about":[{"href":"https:\/\/tvbrazilusa.com\/pt\/wp-json\/wp\/v2\/types\/post"}],"author":[{"embeddable":true,"href":"https:\/\/tvbrazilusa.com\/pt\/wp-json\/wp\/v2\/users\/1"}],"replies":[{"embeddable":true,"href":"https:\/\/tvbrazilusa.com\/pt\/wp-json\/wp\/v2\/comments?post=29217"}],"version-history":[{"count":1,"href":"https:\/\/tvbrazilusa.com\/pt\/wp-json\/wp\/v2\/posts\/29217\/revisions"}],"predecessor-version":[{"id":29219,"href":"https:\/\/tvbrazilusa.com\/pt\/wp-json\/wp\/v2\/posts\/29217\/revisions\/29219"}],"wp:featuredmedia":[{"embeddable":true,"href":"https:\/\/tvbrazilusa.com\/pt\/wp-json\/wp\/v2\/media\/29218"}],"wp:attachment":[{"href":"https:\/\/tvbrazilusa.com\/pt\/wp-json\/wp\/v2\/media?parent=29217"}],"wp:term":[{"taxonomy":"category","embeddable":true,"href":"https:\/\/tvbrazilusa.com\/pt\/wp-json\/wp\/v2\/categories?post=29217"},{"taxonomy":"post_tag","embeddable":true,"href":"https:\/\/tvbrazilusa.com\/pt\/wp-json\/wp\/v2\/tags?post=29217"}],"curies":[{"name":"wp","href":"https:\/\/api.w.org\/{rel}","templated":true}]}}