{"id":29257,"date":"2024-08-28T10:51:02","date_gmt":"2024-08-28T10:51:02","guid":{"rendered":"https:\/\/tvbrazilusa.com\/2024\/08\/28\/pergunte-ao-jardineiro-novo-colunista-comenta-sobre-a-doenca-das-folhas-da-faia\/"},"modified":"2024-08-28T11:14:55","modified_gmt":"2024-08-28T11:14:55","slug":"pergunte-ao-jardineiro-novo-colunista-comenta-sobre-a-doenca-das-folhas-da-faia","status":"publish","type":"post","link":"https:\/\/tvbrazilusa.com\/pt\/2024\/08\/28\/pergunte-ao-jardineiro-novo-colunista-comenta-sobre-a-doenca-das-folhas-da-faia\/","title":{"rendered":"Pergunte ao jardineiro: novo colunista comenta sobre a doen\u00e7a das folhas da faia"},"content":{"rendered":"<p> <script async src=\"https:\/\/pagead2.googlesyndication.com\/pagead\/js\/adsbygoogle.js?client=ca-pub-8864793242727901\"\r\n     crossorigin=\"anonymous\"><\/script><br \/>\n<\/p>\n<div id=\"\">\n<header class=\"m-article-header m-article-header--standard\">\n\t\t\t\t\t\t\t\t\t\t\t\t<span id=\"article-header-primary-term\"><br \/>\n\t\t\t\t\t\t\t\t<a class=\"a-term a-term--primary\" href=\"https:\/\/www.boston.com\/tag\/gardening\/\"><\/p>\n<p>\t\t\t\t\t\t\t\tJardinagem\t\t\t\t\t\t\t\t<\/a><br \/>\n\t\t\t\t\t\t\t<\/span><\/p>\n<h2 class=\"m-article-header__sub-headline\">Al\u00e9m disso, o que fazer em sua propriedade esta semana. Envie coment\u00e1rios e perguntas para <a href=\"https:\/\/www.boston.com\/cdn-cgi\/l\/email-protection\" class=\"__cf_email__\" data-cfemail=\"12677e7d607b7f7760527c73667b6477627e737c6666606761663c7d6075\">[email\u00a0protected]<\/a>.<\/h2>\n<figure class=\"a-photo m-article-header__photo\"><figcaption class=\"a-photo__caption\">\n<p>\tJohn DelRosso, arborista chefe do Arnold Arboretum, segura folhas de faia que mostram listras escuras indicativas de doen\u00e7a foliar de faia. Detalhe: Uma imagem microsc\u00f3pica de uma folha com a doen\u00e7a. Cada folha pode conter centenas a milhares de nematoides. <em>-Lane Turner\/Globe staff; inser\u00e7\u00e3o de nematoides de Paulo Vieira, ARS-USDA<\/em><em> <\/em>\t<\/figcaption><\/figure>\n<div class=\"m-article-header__meta\">\n<div class=\"m-article-header__byline\">\n<p class=\"m-article-header__author\">\n<p>\t\t\t\t\t\t\t\tPor Ulrich Lorimer\t\t\t\t\t\t\t<\/p>\n<p>\t\t\t\t\t\t    \t\t\t\t\t\t\t<time class=\"m-article-header__date\"><\/p>\n<p>        \t\t\t\t\t\t\t28 de agosto de 2024 | 6:51 AM    \t\t\t\t\t\t\t<\/time><\/p><\/div>\n<\/p><\/div>\n<\/header>\n<p>Sauda\u00e7\u00f5es, companheiro <a href=\"https:\/\/www.boston.com\/tag\/gardening\/\">jardineiros<\/a>e bem-vindos \u00e0 minha coluna inaugural Ask the Gardener! Meu objetivo \u00e9 fornecer orienta\u00e7\u00e3o verde com base em suas perguntas e ajudar a conectar os leitores com os benef\u00edcios de um relacionamento pr\u00f3ximo com as plantas em nossos jardins e em nossas vidas di\u00e1rias.<\/p>\n<p>Primeiro, gostaria de contar sobre minha jornada de jardinagem. Eu mal sabia da influ\u00eancia que mulheres fortes teriam na minha carreira, mas o tempo que passei nos jardins da minha av\u00f3 e da minha m\u00e3e provou ser uma experi\u00eancia formativa para uma horticultora iniciante. Um agradecimento amoroso \u00e0s minhas matriarcas por me revelarem as maravilhas do mundo natural.<\/p>\n<p>Nem todo mundo encontra sua paix\u00e3o em tenra idade; no entanto, sinto-me continuamente aben\u00e7oado por seguir uma profiss\u00e3o na qual acredito profundamente e amo. Esse impulso de ser infinitamente curioso, abra\u00e7ar a paci\u00eancia e aprender com meus erros (acredite, todo especialista cometeu erros) me guiou por uma carreira de sucesso em jardins p\u00fablicos que agora abrange 23 anos e contando. Ocupei cargos no <a href=\"https:\/\/www.usna.usda.gov\/\" target=\"_blank\" rel=\"noopener\">Arboreto Nacional dos EUA<\/a> em Washington, DC, <a href=\"https:\/\/www.wavehill.org\/\" target=\"_blank\" rel=\"noopener\">Jardim P\u00fablico Wave Hill<\/a> no Bronx, NY, e <a href=\"https:\/\/www.bbg.org\/\" target=\"_blank\" rel=\"noopener\">Jardim Bot\u00e2nico do Brooklyn<\/a> na cidade de Nova York. Agora atuo como diretor de horticultura em <a href=\"https:\/\/www.nativeplanttrust.org\/\" target=\"_blank\" rel=\"noopener\">Fundo de Plantas Nativas<\/a> em Framingham.<\/p>\n<p>Estou honrado em entrar como escritor da coluna Ask the Gardener do The Boston Globe. Os escritores antes de mim inspiraram a regi\u00e3o com tesouros de experi\u00eancia e conhecimento. <a href=\"https:\/\/www.bostonglobe.com\/2024\/04\/03\/real-estate\/ask-the-gardeners-carol-stocker-farewell-column\/\" target=\"_blank\" rel=\"noopener\">Carol Stocker<\/a> estabeleceu os altos padr\u00f5es desta coluna ao longo de muitos anos, e a morte prematura de R. Wayne Mezitt deixou o mundo da horticultura privado de um estadista eloquente e generoso do jardim. Sempre gostei de falar com as pessoas sobre seus jardins e sou conhecido por iniciar e manter longas conversas sobre jardinagem no supermercado, na praia e at\u00e9 mesmo nas festas de anivers\u00e1rio dos meus filhos. Espero que esta seja uma oportunidade de responder \u00e0s suas perguntas como jardineiro e ajudar a cobrir novos caminhos ao introduzir novas ideias do campo.<\/p>\n<figure class=\"wp-block-image\"><img loading=\"lazy\" decoding=\"async\" width=\"2560\" height=\"1706\" src=\"https:\/\/bdc2020.o0bc.com\/wp-content\/uploads\/2024\/08\/AG43Q44Y6RHK7J6K5XV7LM6HMA-66cefe91bb1c9-scaled.jpeg\" alt=\"    escritor de jardins Uli Lorimer\" class=\"wp-image-31455905\" srcset=\"https:\/\/bdc2020.o0bc.com\/wp-content\/uploads\/2024\/08\/AG43Q44Y6RHK7J6K5XV7LM6HMA-66cefe91bb1c9-scaled.jpeg?width=200 200w, https:\/\/bdc2020.o0bc.com\/wp-content\/uploads\/2024\/08\/AG43Q44Y6RHK7J6K5XV7LM6HMA-66cefe91bb1c9-scaled.jpeg?width=300 300w, https:\/\/bdc2020.o0bc.com\/wp-content\/uploads\/2024\/08\/AG43Q44Y6RHK7J6K5XV7LM6HMA-66cefe91bb1c9-scaled.jpeg?width=400 400w, https:\/\/bdc2020.o0bc.com\/wp-content\/uploads\/2024\/08\/AG43Q44Y6RHK7J6K5XV7LM6HMA-66cefe91bb1c9-scaled.jpeg?width=500 500w, https:\/\/bdc2020.o0bc.com\/wp-content\/uploads\/2024\/08\/AG43Q44Y6RHK7J6K5XV7LM6HMA-66cefe91bb1c9-scaled.jpeg?width=600 600w, https:\/\/bdc2020.o0bc.com\/wp-content\/uploads\/2024\/08\/AG43Q44Y6RHK7J6K5XV7LM6HMA-66cefe91bb1c9-scaled.jpeg?width=700 700w, https:\/\/bdc2020.o0bc.com\/wp-content\/uploads\/2024\/08\/AG43Q44Y6RHK7J6K5XV7LM6HMA-66cefe91bb1c9-scaled.jpeg?width=800 800w, https:\/\/bdc2020.o0bc.com\/wp-content\/uploads\/2024\/08\/AG43Q44Y6RHK7J6K5XV7LM6HMA-66cefe91bb1c9-scaled.jpeg?width=900 900w\" sizes=\"auto, (max-width: 2560px) 100vw, 2560px\"\/><figcaption class=\"wp-element-caption\">Pergunte ao escritor do Gardener, Uli Lorimer.<\/figcaption><\/figure>\n<p>Agora que voc\u00eas sabem um pouco sobre mim, caros leitores, vamos explorar algumas dicas e respostas sobre horticultura no in\u00edcio de setembro. Embora seja tentador sentar com um copo alto de ch\u00e1 gelado e observar o fim cultural do ver\u00e3o se aproximando, os jardineiros ainda t\u00eam muito o que fazer esta semana. Entre as tarefas de volta \u00e0s aulas, estou mantendo a edi\u00e7\u00e3o do jardim em dia, especialmente n\u00e3o deixando aquelas ervas daninhas anuais irem para a semente e pensando sobre meus pedidos de bulbos de outono. Este ano, estou me concentrando em adicionar mais diversidade ao meu gramado com bulbos menores e plantas perenes nativas. A\u00e7afr\u00e3o, gotas de neve e gl\u00f3ria-da-neve, junto com dedos de gatinho, violetas e morangos silvestres, s\u00e3o excelentes escolhas. Essas plantas adicionam beleza e recursos florais para nossos primeiros polinizadores emergentes na primavera.<\/p>\n<p>Infelizmente, a jardinagem nem sempre pode ser sobre as mais novas adi\u00e7\u00f5es ao jardim e seus relacionamentos ben\u00e9ficos: precisamos enfrentar problemas s\u00e9rios como pragas e doen\u00e7as. V\u00e1rios leitores enviaram perguntas buscando mais informa\u00e7\u00f5es sobre b<a href=\"https:\/\/ag.umass.edu\/landscape\/fact-sheets\/beech-leaf-disease\" target=\"_blank\" rel=\"noopener\">doen\u00e7a da folha da eech<\/a>. Esta \u00e9 uma nova e impactante amea\u00e7a \u00e0s florestas da nossa regi\u00e3o, a par de <a href=\"https:\/\/dec.ny.gov\/nature\/animals-fish-plants\/insects-and-other-species\/hemlock-woolly-adelgid\" target=\"_blank\" rel=\"noopener\">cicuta adelgid lanoso<\/a>, <a href=\"https:\/\/www.emeraldashborer.info\/\" target=\"_blank\" rel=\"noopener\">broca esmeralda do freixo<\/a>e o <a href=\"https:\/\/www.bostonglobe.com\/lifestyle\/health-wellness\/2013\/12\/12\/destructive-beetles-are-spreading-massachusetts\/hEk2iiaJxCPu70YCv5LlUK\/story.html\" target=\"_blank\" rel=\"noopener\">Besouro asi\u00e1tico de chifres longos<\/a>. O organismo respons\u00e1vel \u00e9 um verme microsc\u00f3pico ou nematoide (Litylenchus crenatae). O excelente artigo de Sophie Hartley \u201c<a href=\"https:\/\/www.bostonglobe.com\/2024\/06\/12\/magazine\/parasite-is-infecting-beech-forests-across-new-england\/\" target=\"_blank\" rel=\"noopener\">Na Nova Inglaterra, um verme que mata \u00e1rvores pode significar o fim dos tons amarelos do outono<\/a>\u201d de junho no The Boston Globe cont\u00e9m informa\u00e7\u00f5es essenciais sobre as causas, progress\u00e3o e tratamentos potenciais para esta nova amea\u00e7a:<\/p>\n<p>\u201cEm \u00e1reas altamente infestadas, a doen\u00e7a pode matar at\u00e9 90 por cento das \u00e1rvores jovens em dois a cinco anos, e se espalha a uma taxa quase sem precedentes. \u2026 \u00c0s vezes, \u00e1rvores solit\u00e1rias podem ser salvas, mas em \u00e1reas densamente arborizadas, o nematoide parece ser impar\u00e1vel. Os pesquisadores chamam a doen\u00e7a da folha da faia de uma das doen\u00e7as florestais mais infecciosas que o pa\u00eds j\u00e1 viu. E n\u00e3o h\u00e1 armas para lutar efetivamente contra ela, pelo menos n\u00e3o ainda.\u201d<\/p>\n<p>O <a href=\"https:\/\/www.mass.gov\/orgs\/department-of-conservation-recreation\" target=\"_blank\" rel=\"noopener\">Departamento de Conserva\u00e7\u00e3o e Recrea\u00e7\u00e3o de Massachusetts<\/a> tem mais detalhes e informa\u00e7\u00f5es sobre como relatar avistamentos em <a href=\"https:\/\/rb.gy\/sygy7z\" target=\"_blank\" rel=\"noopener\">https:\/\/rb.gy\/sygy7z<\/a> (Encurtamos o URL para voc\u00ea.) A doen\u00e7a foliar da faia se manifesta como faixas diagonais verde-escuras nas folhas.<\/p>\n<p>Igualmente importantes s\u00e3o os avistamentos de \u00e1rvores resistentes ou marginalmente afetadas. Esses indiv\u00edduos s\u00e3o valiosos para identificar a resist\u00eancia natural e s\u00e3o procurados por pesquisadores. Preservar a adapta\u00e7\u00e3o local \u00e9 parte de um esfor\u00e7o mais significativo para promover jardins e paisagens resilientes diante das mudan\u00e7as clim\u00e1ticas e da perda cont\u00ednua de biodiversidade.<\/p>\n<p>Ent\u00e3o, o que devemos fazer enquanto isso? A abordagem para comunidades naturais ser\u00e1 diferente daquela para esp\u00e9cimes de parques e jardins. Quaisquer tratamentos devem ser conduzidos por arboristas profissionais treinados. Priorize o gerenciamento de risco para \u00e1reas pr\u00f3ximas a casas e espa\u00e7os p\u00fablicos; lamentavelmente, se a remo\u00e7\u00e3o de \u00e1rvores for justificada, pense nisso como uma oportunidade de plantar algo novo, de prefer\u00eancia uma \u00e1rvore nativa com longevidade e alto valor ecol\u00f3gico.<\/p>\n<p>Nossas florestas e jardins s\u00e3o sistemas din\u00e2micos que est\u00e3o sempre mudando e se transformando em uma escala de tempo maior. Devemos fazer tudo o que pudermos para manter \u00e1rvores veteranas em nossos jardins enquanto plantamos novas \u00e1rvores com um olho em um futuro mais equilibrado.<\/p>\n<p><i>Ulrich Lorimer \u00e9 o diretor de horticultura do Native Plant Trust em Framingham. Envie suas perguntas sobre jardinagem, junto com seu nome\/iniciais e cidade natal, para <\/i><a href=\"http:\/\/www.boston.com\/cdn-cgi\/l\/email-protection#fe8b92918c97939b8cbe909f8a97889b8e929f908a8a8c8b8d8ad0918c99\" target=\"_blank\" rel=\"noopener\"><i><span class=\"__cf_email__\" data-cfemail=\"6e1b02011c07030b1c2e000f1a07180b1e020f001a1a1c1b1d1a40011c09\">[email\u00a0protected]<\/span><\/i><\/a><i>  para poss\u00edvel publica\u00e7\u00e3o. Algumas perguntas s\u00e3o editadas para maior clareza.<\/i><\/p>\n<div class=\"m-block m-generic-cta\t m-generic-cta--post-content\t m-generic-cta--dark\t m-generic-cta--homepage\t m-generic-cta--email-signup\t\t m-generic-cta-block-style--default \tt-amp__generic-cta\"><\/p>\n<div class=\"m-generic-cta__wrap\">\n<div class=\"m-generic-cta__content\">\n<h3 class=\"m-generic-cta__title\">Endere\u00e7o boletim informativo<\/h3>\n<p class=\"m-generic-cta__subtitle\">Receba as \u00faltimas not\u00edcias sobre compra, venda, aluguel, design de interiores e muito mais.<\/p>\n<\/p><\/div>\n<\/p><\/div>\n<\/div><\/div>\n<p><script>\n\t\tvar consent=\"grant\";\n\t\t\/* The above code is parsing the JSON data from the local storage and storing it in a variable. *\/\n\t\t\t\t\tconst onetrustStorageConsent = JSON.parse(localStorage.getItem( 'consent_one_trust_bdc' ) );\n\t\t\tif ( ( onetrustStorageConsent !== null ) ) {\n\t\t\t\t\/* Checking to see if the user has consented to the use of cookies.\n\t\t\t\t* If they have not, it is deleting the cookie.\n\t\t\t\t* This will comment for now, until further notice.\n\t\t\t\t*\/\n\t\t\t\t\/\/if ( onetrustStorageConsent.C0002 === false ) {\n\t\t\t\t\/\/\tdocument.cookie=\"_fbp=;expires=Thu, 01 Jan 2010 00:00:00 UTC; path=\/; domain=.boston.com\";\n\t\t\t\t\/\/}\n\t\t\t\t\/* Checking if the user has given consent for the cookie C0002.\n\t\t\t\t* If the user has given consent, the variable consent will be set to 'grant'.\n\t\t\t\t* If the user has not given consent,the variable consent will be set to 'revoke'.\n\t\t\t\t* Documentation https:\/\/developers.facebook.com\/docs\/meta-pixel\/implementation\/gdpr\n\t\t\t\t*\/\n\t\t\t\tif ( onetrustStorageConsent.C0002 !== true ) {\n\t\t\t\t\tconsent=\"revoke\";\n\t\t\t\t}\n\t\t\t}\n\t\t\t\t!function(f,b,e,v,n,t,s)\n\t\t{if(f.fbq)return;n=f.fbq=function(){n.callMethod?\n\t\tn.callMethod.apply(n,arguments):n.queue.push(arguments)};\n\t\tif(!f._fbq)f._fbq=n;n.push=n;n.loaded=!0;n.version='2.0';\n\t\tn.queue=[];t=b.createElement(e);t.async=!0;\n\t\tt.src=v;s=b.getElementsByTagName(e)[0];\n\t\ts.parentNode.insertBefore(t,s)}(window, document,'script',\n\t\t'https:\/\/connect.facebook.net\/en_US\/fbevents.js');\n\t\tfbq('consent', consent);\n\t\tfbq('init', '989222871864976');\n\t\tfbq('track', 'PageView');\n\t<\/script><script type=\"module\">\n\t\tvar consent=\"grant\";\n\t\t\/* The above code is parsing the JSON data from the local storage and storing it in a variable. *\/\n\t\t\tconst onetrustStorageConsent = JSON.parse(localStorage.getItem( 'consent_one_trust_bdc' ) );\n\t\t\t\/* Checking to see if the user has consented to the use of cookies.\n\t\t\t* If they have not, it is deleting the cookie.\n\t\t\t* This will comment for now, until further notice.\n\t\t\t*\/\n\t\t\t\/\/if ( onetrustStorageConsent.C0002 === false ) {\n\t\t\t\/\/\tdocument.cookie=\"_fbp=;expires=Thu, 01 Jan 2010 00:00:00 UTC; path=\/; domain=.boston.com\";\n\t\t\t\/\/}\n\t\t\t\/* Checking if the user has given consent for the cookie C0002.\n\t\t\t* If the user has given consent, the variable consent will be set to 'grant'.\n\t\t\t* If the user has not given consent,the variable consent will be set to 'revoke'.\n\t\t\t* Documentation https:\/\/developers.facebook.com\/docs\/meta-pixel\/implementation\/gdpr\n\t\t\t*\/\n\t\t\tif ( ( onetrustStorageConsent !== null ) && (onetrustStorageConsent.C0002 !== true ) ) {\n\t\t\t\tconsent=\"revoke\";\n\t\t\t}\n\t\t\t\t!function(f,b,e,v,n,t,s){if(f.fbq)return;n=f.fbq=function()\n\t\t{n.callMethod? n.callMethod.apply(n,arguments):n.queue.push(arguments)}\n\t\t;if(!f._fbq)f._fbq=n;\n\t\tn.push=n;n.loaded=!0;n.version='2.0';n.queue=[];t=b.createElement(e);t.async=!0;\n\t\tt.src=v;s=b.getElementsByTagName(e)[0];s.parentNode.insertBefore(t,s)}(window,\n\t\tdocument,'script','https:\/\/connect.facebook.net\/en_US\/fbevents.js');\n\t\tfbq('consent', consent);\n\t\tfbq('init', '813236348753005');\n\t\tfbq('track', \"PageView\");\n\t<\/script><br \/>\n<br \/><br \/>\n<br \/><a href=\"https:\/\/www.boston.com\/real-estate\/gardening\/2024\/08\/28\/ask-gardener-new-columnist-beech-leaf-disease\/\">Source link <\/a><\/p>","protected":false},"excerpt":{"rendered":"<p>Jardinagem Al\u00e9m disso, o que fazer em sua propriedade esta semana. Envie coment\u00e1rios e perguntas para [email\u00a0protected]. John DelRosso, arborista chefe do Arnold Arboretum, segura folhas de faia que mostram&hellip;<\/p>","protected":false},"author":1,"featured_media":29258,"comment_status":"closed","ping_status":"open","sticky":false,"template":"","format":"standard","meta":{"content-type":"","footnotes":""},"categories":[1],"tags":[],"class_list":["post-29257","post","type-post","status-publish","format-standard","has-post-thumbnail","hentry","category-uncategorized"],"_links":{"self":[{"href":"https:\/\/tvbrazilusa.com\/pt\/wp-json\/wp\/v2\/posts\/29257","targetHints":{"allow":["GET"]}}],"collection":[{"href":"https:\/\/tvbrazilusa.com\/pt\/wp-json\/wp\/v2\/posts"}],"about":[{"href":"https:\/\/tvbrazilusa.com\/pt\/wp-json\/wp\/v2\/types\/post"}],"author":[{"embeddable":true,"href":"https:\/\/tvbrazilusa.com\/pt\/wp-json\/wp\/v2\/users\/1"}],"replies":[{"embeddable":true,"href":"https:\/\/tvbrazilusa.com\/pt\/wp-json\/wp\/v2\/comments?post=29257"}],"version-history":[{"count":1,"href":"https:\/\/tvbrazilusa.com\/pt\/wp-json\/wp\/v2\/posts\/29257\/revisions"}],"predecessor-version":[{"id":29259,"href":"https:\/\/tvbrazilusa.com\/pt\/wp-json\/wp\/v2\/posts\/29257\/revisions\/29259"}],"wp:featuredmedia":[{"embeddable":true,"href":"https:\/\/tvbrazilusa.com\/pt\/wp-json\/wp\/v2\/media\/29258"}],"wp:attachment":[{"href":"https:\/\/tvbrazilusa.com\/pt\/wp-json\/wp\/v2\/media?parent=29257"}],"wp:term":[{"taxonomy":"category","embeddable":true,"href":"https:\/\/tvbrazilusa.com\/pt\/wp-json\/wp\/v2\/categories?post=29257"},{"taxonomy":"post_tag","embeddable":true,"href":"https:\/\/tvbrazilusa.com\/pt\/wp-json\/wp\/v2\/tags?post=29257"}],"curies":[{"name":"wp","href":"https:\/\/api.w.org\/{rel}","templated":true}]}}