{"id":29358,"date":"2024-08-28T15:16:17","date_gmt":"2024-08-28T15:16:17","guid":{"rendered":"https:\/\/tvbrazilusa.com\/2024\/08\/28\/o-cantor-de-k-pop-taeil-deixa-a-boyband-nct-por-acusacao-de-crime-sexual-nao-especificado-diz-sua-gravadora\/"},"modified":"2024-08-28T15:24:59","modified_gmt":"2024-08-28T15:24:59","slug":"o-cantor-de-k-pop-taeil-deixa-a-boyband-nct-por-acusacao-de-crime-sexual-nao-especificado-diz-sua-gravadora","status":"publish","type":"post","link":"https:\/\/tvbrazilusa.com\/pt\/2024\/08\/28\/o-cantor-de-k-pop-taeil-deixa-a-boyband-nct-por-acusacao-de-crime-sexual-nao-especificado-diz-sua-gravadora\/","title":{"rendered":"O cantor de K-pop Taeil deixa a boyband NCT por acusa\u00e7\u00e3o de crime sexual n\u00e3o especificado, diz sua gravadora"},"content":{"rendered":"<p> <script async src=\"https:\/\/pagead2.googlesyndication.com\/pagead\/js\/adsbygoogle.js?client=ca-pub-8864793242727901\"\r\n     crossorigin=\"anonymous\"><\/script><br \/>\n<\/p>\n<div id=\"\">\n<header class=\"m-article-header m-article-header--standard\">\n\t\t\t\t\t\t\t\t\t\t\t\t<span id=\"article-header-primary-term\"><br \/>\n\t\t\t\t\t\t\t\t<a class=\"a-term a-term--primary\" href=\"https:\/\/www.boston.com\/tag\/entertainment\/\"><\/p>\n<p>\t\t\t\t\t\t\t\tEntretenimento\t\t\t\t\t\t\t\t<\/a><br \/>\n\t\t\t\t\t\t\t<\/span><\/p>\n<h2 class=\"m-article-header__sub-headline\">\u201cReconhecemos a seriedade do problema e decidimos que Taeil n\u00e3o pode mais continuar as atividades da equipe\u201d, disse a gravadora.<\/h2>\n<figure class=\"a-photo m-article-header__photo\"><figcaption class=\"a-photo__caption\">\n<p>\tO cantor sul-coreano Taeil, \u00e0 direita, posa com outros membros do grupo de K-Pop NCT 127 ao chegar ao Mnet Asian Music Awards 2021 ou MAMA 2021 em Paju, Coreia do Sul, s\u00e1bado, 11 de dezembro de 2021. <em> AP Photo\/Lee \u200b\u200bJin-man, Arquivo<\/em>\t<\/figcaption><\/figure>\n<div class=\"m-article-header__meta\">\n<div class=\"m-article-header__byline\">\n<p class=\"m-article-header__author\">\n<p>\t\t\t\t\t\t\t\tPor JUWON PARK, Associated Press\t\t\t\t\t\t\t<\/p>\n<p>\t\t\t\t\t\t    \t\t\t\t\t\t\t<time class=\"m-article-header__date\"><\/p>\n<p>        \t\t\t\t\t\t\t28 de agosto de 2024 | 11:16 AM    \t\t\t\t\t\t\t<\/time><\/p><\/div>\n<\/p><\/div>\n<\/header>\n<p>SEUL, Coreia do Sul (AP) \u2014 O cantor sul-coreano Taeil deixou a banda de K-pop NCT ap\u00f3s ser acusado de um crime sexual n\u00e3o especificado, anunciou sua gravadora na quarta-feira.<\/p>\n<p>Sua ag\u00eancia, SM Entertainment, divulgou uma declara\u00e7\u00e3o sobre X, dizendo que o membro do NCT deixar\u00e1 a boy band ap\u00f3s saber que foi &#8220;acusado em um caso criminal relacionado a um crime sexual&#8221;. A gravadora n\u00e3o especificou a natureza do crime.<\/p>\n<p>\u201cReconhecemos a seriedade do problema e decidimos que Taeil n\u00e3o pode mais continuar as atividades da equipe\u201d, disse a gravadora. \u201cDiscutimos esse assunto com Taeil e foi decidido que ele deixar\u00e1 o grupo.\u201d A gravadora acrescentou que ele est\u00e1 cooperando totalmente com a investiga\u00e7\u00e3o policial.<\/p>\n<p>Taeil fazia parte do NCT, ou Neo Culture Technology, uma boy band sul-coreana globalmente popular que estreou em 2016. O grupo atualmente tem mais de duas d\u00fazias de membros divididos em v\u00e1rias subunidades, incluindo NCT 127, NCT Dream e NCT Wish. Taeil esteve recentemente ativo no NCT 127. Conhecido pela m\u00fasica experimental abrangendo v\u00e1rios g\u00eaneros, o grupo ganhou aten\u00e7\u00e3o internacional com alguns lan\u00e7amentos nas listas da Billboard.<\/p>\n<p>A declara\u00e7\u00e3o da SM Entertainment atraiu mais de 45,7 milh\u00f5es de visualiza\u00e7\u00f5es em menos de tr\u00eas horas.<\/p>\n<p>O relato de um caso criminal n\u00e3o p\u00f4de ser verificado de forma independente, e a pol\u00edcia se recusou a comentar.<\/p>\n<p>O K-pop se originou na Coreia do Sul e \u00e9 uma am\u00e1lgama de sons pop, R&#038;B e hip-hop do Ocidente, ao mesmo tempo em que mistura elementos culturais do pa\u00eds. Tornou-se um fen\u00f4meno global, principalmente ap\u00f3s o sucesso da boy band BTS no final dos anos 2010.<\/p>\n<\/p><\/div>\n<p><script>\n\t\tvar consent=\"grant\";\n\t\t\/* The above code is parsing the JSON data from the local storage and storing it in a variable. *\/\n\t\t\t\t\tconst onetrustStorageConsent = JSON.parse(localStorage.getItem( 'consent_one_trust_bdc' ) );\n\t\t\tif ( ( onetrustStorageConsent !== null ) ) {\n\t\t\t\t\/* Checking to see if the user has consented to the use of cookies.\n\t\t\t\t* If they have not, it is deleting the cookie.\n\t\t\t\t* This will comment for now, until further notice.\n\t\t\t\t*\/\n\t\t\t\t\/\/if ( onetrustStorageConsent.C0002 === false ) {\n\t\t\t\t\/\/\tdocument.cookie=\"_fbp=;expires=Thu, 01 Jan 2010 00:00:00 UTC; path=\/; domain=.boston.com\";\n\t\t\t\t\/\/}\n\t\t\t\t\/* Checking if the user has given consent for the cookie C0002.\n\t\t\t\t* If the user has given consent, the variable consent will be set to 'grant'.\n\t\t\t\t* If the user has not given consent,the variable consent will be set to 'revoke'.\n\t\t\t\t* Documentation https:\/\/developers.facebook.com\/docs\/meta-pixel\/implementation\/gdpr\n\t\t\t\t*\/\n\t\t\t\tif ( onetrustStorageConsent.C0002 !== true ) {\n\t\t\t\t\tconsent=\"revoke\";\n\t\t\t\t}\n\t\t\t}\n\t\t\t\t!function(f,b,e,v,n,t,s)\n\t\t{if(f.fbq)return;n=f.fbq=function(){n.callMethod?\n\t\tn.callMethod.apply(n,arguments):n.queue.push(arguments)};\n\t\tif(!f._fbq)f._fbq=n;n.push=n;n.loaded=!0;n.version='2.0';\n\t\tn.queue=[];t=b.createElement(e);t.async=!0;\n\t\tt.src=v;s=b.getElementsByTagName(e)[0];\n\t\ts.parentNode.insertBefore(t,s)}(window, document,'script',\n\t\t'https:\/\/connect.facebook.net\/en_US\/fbevents.js');\n\t\tfbq('consent', consent);\n\t\tfbq('init', '989222871864976');\n\t\tfbq('track', 'PageView');\n\t<\/script><script type=\"module\">\n\t\tvar consent=\"grant\";\n\t\t\/* The above code is parsing the JSON data from the local storage and storing it in a variable. *\/\n\t\t\tconst onetrustStorageConsent = JSON.parse(localStorage.getItem( 'consent_one_trust_bdc' ) );\n\t\t\t\/* Checking to see if the user has consented to the use of cookies.\n\t\t\t* If they have not, it is deleting the cookie.\n\t\t\t* This will comment for now, until further notice.\n\t\t\t*\/\n\t\t\t\/\/if ( onetrustStorageConsent.C0002 === false ) {\n\t\t\t\/\/\tdocument.cookie=\"_fbp=;expires=Thu, 01 Jan 2010 00:00:00 UTC; path=\/; domain=.boston.com\";\n\t\t\t\/\/}\n\t\t\t\/* Checking if the user has given consent for the cookie C0002.\n\t\t\t* If the user has given consent, the variable consent will be set to 'grant'.\n\t\t\t* If the user has not given consent,the variable consent will be set to 'revoke'.\n\t\t\t* Documentation https:\/\/developers.facebook.com\/docs\/meta-pixel\/implementation\/gdpr\n\t\t\t*\/\n\t\t\tif ( ( onetrustStorageConsent !== null ) && (onetrustStorageConsent.C0002 !== true ) ) {\n\t\t\t\tconsent=\"revoke\";\n\t\t\t}\n\t\t\t\t!function(f,b,e,v,n,t,s){if(f.fbq)return;n=f.fbq=function()\n\t\t{n.callMethod? n.callMethod.apply(n,arguments):n.queue.push(arguments)}\n\t\t;if(!f._fbq)f._fbq=n;\n\t\tn.push=n;n.loaded=!0;n.version='2.0';n.queue=[];t=b.createElement(e);t.async=!0;\n\t\tt.src=v;s=b.getElementsByTagName(e)[0];s.parentNode.insertBefore(t,s)}(window,\n\t\tdocument,'script','https:\/\/connect.facebook.net\/en_US\/fbevents.js');\n\t\tfbq('consent', consent);\n\t\tfbq('init', '813236348753005');\n\t\tfbq('track', \"PageView\");\n\t<\/script><br \/>\n<br \/><br \/>\n<br \/><a href=\"https:\/\/www.boston.com\/culture\/entertainment\/2024\/08\/28\/k-pop-singer-taeil-leaves-boyband-nct-accusation-unspecified-sexual-crime\/\">Source link <\/a><\/p>","protected":false},"excerpt":{"rendered":"<p>Entretenimento \u201cReconhecemos a seriedade do problema e decidimos que Taeil n\u00e3o pode mais continuar as atividades da equipe\u201d, disse a gravadora. O cantor sul-coreano Taeil, \u00e0 direita, posa com outros&hellip;<\/p>","protected":false},"author":1,"featured_media":29359,"comment_status":"closed","ping_status":"open","sticky":false,"template":"","format":"standard","meta":{"content-type":"","footnotes":""},"categories":[1],"tags":[],"class_list":["post-29358","post","type-post","status-publish","format-standard","has-post-thumbnail","hentry","category-uncategorized"],"_links":{"self":[{"href":"https:\/\/tvbrazilusa.com\/pt\/wp-json\/wp\/v2\/posts\/29358","targetHints":{"allow":["GET"]}}],"collection":[{"href":"https:\/\/tvbrazilusa.com\/pt\/wp-json\/wp\/v2\/posts"}],"about":[{"href":"https:\/\/tvbrazilusa.com\/pt\/wp-json\/wp\/v2\/types\/post"}],"author":[{"embeddable":true,"href":"https:\/\/tvbrazilusa.com\/pt\/wp-json\/wp\/v2\/users\/1"}],"replies":[{"embeddable":true,"href":"https:\/\/tvbrazilusa.com\/pt\/wp-json\/wp\/v2\/comments?post=29358"}],"version-history":[{"count":1,"href":"https:\/\/tvbrazilusa.com\/pt\/wp-json\/wp\/v2\/posts\/29358\/revisions"}],"predecessor-version":[{"id":29360,"href":"https:\/\/tvbrazilusa.com\/pt\/wp-json\/wp\/v2\/posts\/29358\/revisions\/29360"}],"wp:featuredmedia":[{"embeddable":true,"href":"https:\/\/tvbrazilusa.com\/pt\/wp-json\/wp\/v2\/media\/29359"}],"wp:attachment":[{"href":"https:\/\/tvbrazilusa.com\/pt\/wp-json\/wp\/v2\/media?parent=29358"}],"wp:term":[{"taxonomy":"category","embeddable":true,"href":"https:\/\/tvbrazilusa.com\/pt\/wp-json\/wp\/v2\/categories?post=29358"},{"taxonomy":"post_tag","embeddable":true,"href":"https:\/\/tvbrazilusa.com\/pt\/wp-json\/wp\/v2\/tags?post=29358"}],"curies":[{"name":"wp","href":"https:\/\/api.w.org\/{rel}","templated":true}]}}