{"id":29400,"date":"2024-08-28T16:36:09","date_gmt":"2024-08-28T16:36:09","guid":{"rendered":"https:\/\/tvbrazilusa.com\/2024\/08\/28\/a-medida-que-os-fundos-para-abrigo-secam-as-familias-migrantes-dormem-do-lado-de-fora-da-estacao-t-em-quincy\/"},"modified":"2024-08-28T16:41:22","modified_gmt":"2024-08-28T16:41:22","slug":"a-medida-que-os-fundos-para-abrigo-secam-as-familias-migrantes-dormem-do-lado-de-fora-da-estacao-t-em-quincy","status":"publish","type":"post","link":"https:\/\/tvbrazilusa.com\/pt\/2024\/08\/28\/a-medida-que-os-fundos-para-abrigo-secam-as-familias-migrantes-dormem-do-lado-de-fora-da-estacao-t-em-quincy\/","title":{"rendered":"\u00c0 medida que os fundos para abrigo secam, as fam\u00edlias migrantes dormem do lado de fora da esta\u00e7\u00e3o T em Quincy"},"content":{"rendered":"<p> <script async src=\"https:\/\/pagead2.googlesyndication.com\/pagead\/js\/adsbygoogle.js?client=ca-pub-8864793242727901\"\r\n     crossorigin=\"anonymous\"><\/script><br \/>\n<\/p>\n<div id=\"\">\n<header class=\"m-article-header m-article-header--standard\">\n\t\t\t\t\t\t\t\t\t\t\t\t<span id=\"article-header-primary-term\"><br \/>\n\t\t\t\t\t\t\t\t<a class=\"a-term a-term--primary\" href=\"https:\/\/www.boston.com\/tag\/local-news\/\"><\/p>\n<p>\t\t\t\t\t\t\t\tNot\u00edcias locais\t\t\t\t\t\t\t\t<\/a><br \/>\n\t\t\t\t\t\t\t<\/span><\/p>\n<h2 class=\"m-article-header__sub-headline\">Os migrantes est\u00e3o sendo for\u00e7ados a voltar para as ruas perto da esta\u00e7\u00e3o MBTA de Wollaston.<\/h2>\n<figure class=\"a-photo m-article-header__photo\"><figcaption class=\"a-photo__caption\">\n<p>\tImigrantes haitianos deitam-se do lado de fora da esta\u00e7\u00e3o Wollaston MBTA em Quincy em 26 de agosto de 2024. <em> Andrew Burke-Stevenson\/The Boston Globe<\/em>\t<\/figcaption><\/figure>\n<\/header>\n<div class=\"m-block t-amp__list-container m-article-list-container  m-article-list-container--frame-border a-border-frame  a-list-header__headline--red m-article-list--alternative--default  m-article-list--floated\">\n<ul class=\"t-amp__list a-list--no-style m-article-list m-article-list--recirculation m-article-list--has-images\">\n<li class=\"m-article-list__item m-article-list__item--featured\">\n\t\t\t\t<a class=\"m-article-list__link-wrapper\" href=\"https:\/\/www.boston.com\/news\/local-news\/2024\/08\/13\/quincy-officials-disperse-migrant-tent-encampment-on-church-grounds\/\" data-p1=\"article_recirc_inline_feature\"><br \/>\n\t\t\t\t<img fetchpriority=\"high\" decoding=\"async\" width=\"768\" height=\"432\" src=\"https:\/\/bdc2020.o0bc.com\/wp-content\/uploads\/2024\/08\/JV45OK2GP4TZDEHPIGJOBRK62Y-min-66bbb625298fc-768x432.jpg\" class=\"t-amp__list-image m-article-list__image m-article-list__image--full\" alt=\"\" aria-hidden=\"true\" srcset=\"https:\/\/bdc2020.o0bc.com\/wp-content\/uploads\/2024\/08\/JV45OK2GP4TZDEHPIGJOBRK62Y-min-66bbb625298fc-768x432.jpg?width=200 200w, https:\/\/bdc2020.o0bc.com\/wp-content\/uploads\/2024\/08\/JV45OK2GP4TZDEHPIGJOBRK62Y-min-66bbb625298fc-768x432.jpg?width=300 300w, https:\/\/bdc2020.o0bc.com\/wp-content\/uploads\/2024\/08\/JV45OK2GP4TZDEHPIGJOBRK62Y-min-66bbb625298fc-768x432.jpg?width=400 400w, https:\/\/bdc2020.o0bc.com\/wp-content\/uploads\/2024\/08\/JV45OK2GP4TZDEHPIGJOBRK62Y-min-66bbb625298fc-768x432.jpg?width=500 500w, https:\/\/bdc2020.o0bc.com\/wp-content\/uploads\/2024\/08\/JV45OK2GP4TZDEHPIGJOBRK62Y-min-66bbb625298fc-768x432.jpg?width=600 600w, https:\/\/bdc2020.o0bc.com\/wp-content\/uploads\/2024\/08\/JV45OK2GP4TZDEHPIGJOBRK62Y-min-66bbb625298fc-768x432.jpg?width=700 700w, https:\/\/bdc2020.o0bc.com\/wp-content\/uploads\/2024\/08\/JV45OK2GP4TZDEHPIGJOBRK62Y-min-66bbb625298fc-768x432.jpg?width=800 800w, https:\/\/bdc2020.o0bc.com\/wp-content\/uploads\/2024\/08\/JV45OK2GP4TZDEHPIGJOBRK62Y-min-66bbb625298fc-768x432.jpg?width=900 900w\" sizes=\"(max-width: 768px) 100vw, 768px\"\/>\t\t\t\t\t<\/p>\n<p><h4 class=\"m-article-list__headline t-amp__list-headline\">\n\t\t\t\t\t\t\t<span class=\"m-article-list__link a-link a-link--inline a-link--text-link a-link--text-link-dark\"><\/p>\n<p>\t\t\t\t\t\t\tAutoridades de Quincy dispersam acampamento de tendas de migrantes em terrenos de igreja\t\t\t\t\t\t\t<\/span><br \/>\n\t\t\t\t\t\t<\/h4>\n<\/p>\n<p>\t\t\t\t<\/a>\n\t\t\t<\/li>\n<\/ul>\n<\/div>\n<p>Dezenas de migrantes estariam dormindo do lado de fora da esta\u00e7\u00e3o Wollaston MBTA em Quincy enquanto defensores trabalham para ajudar as fam\u00edlias a encontrar condi\u00e7\u00f5es de vida est\u00e1veis. <\/p>\n<p>Milhares de haitianos fugiram de seu pa\u00eds natal, pois a viol\u00eancia de gangues continua a persistir l\u00e1. Muitos acabam <a href=\"https:\/\/www.bostonglobe.com\/2024\/08\/15\/metro\/migrants-border-boston\/\">buscando passagem para Massachusetts<\/a>apesar dos avisos cont\u00ednuos de autoridades estaduais de que n\u00e3o h\u00e1 vagas no sistema de abrigos do estado. <\/p>\n<p>Fam\u00edlias t\u00eam se reunido do lado de fora da esta\u00e7\u00e3o Wollaston, que atende a Red Line em Quincy, em parte devido \u00e0 proximidade de um \u201ccentro de boas-vindas\u201d administrado pelo estado no campus do Eastern Nazarene College. Esses centros ficam abertos durante o dia para fornecer servi\u00e7os e conectar migrantes com op\u00e7\u00f5es de abrigo. <\/p>\n<p>Cerca de 50 migrantes, em grande parte do Haiti, dormiram do lado de fora da esta\u00e7\u00e3o no in\u00edcio desta semana, de acordo com relatos de <a href=\"https:\/\/whdh.com\/news\/about-50-migrants-staying-outside-wollaston-mbta-stop-in-quincy-after-grant-funds-run-out\/\">O que \u00e9 isso? <\/a>e <a href=\"https:\/\/www.wcvb.com\/article\/migrants-sleeping-on-sidewalk-at-quincy-mbta-station-shelter-system\/61989205\">WCVB<\/a>. A Boston Immigrant Justice Accompaniment Network estava usando fundos de subs\u00eddios da United Way para pagar quartos de hotel para os migrantes, mas esses d\u00f3lares acabaram e as fam\u00edlias foram for\u00e7adas a voltar para fora. <\/p>\n<p>O sistema de abrigos de emerg\u00eancia est\u00e1 no limite ou pr\u00f3ximo da capacidade m\u00e1xima h\u00e1 meses, com os que est\u00e3o na lista de espera sendo instru\u00eddos a encontrar camas em \u201cabrigos tempor\u00e1rios\u201d. Mas no in\u00edcio deste m\u00eas, a administra\u00e7\u00e3o Healey <a href=\"https:\/\/www.boston.com\/news\/local-news\/2024\/08\/13\/as-new-shelter-stay-limits-take-effect-advocates-keep-up-pressure-on-healey\/?p1=hp_featurestack\">implementou novas regras<\/a> limitar o tempo que as fam\u00edlias podem permanecer nos abrigos de emerg\u00eancia para cinco dias, a menos que haja uma necessidade especial <a href=\"https:\/\/www.boston.com\/news\/politics\/2024\/07\/31\/after-5-day-limit-some-families-at-mass-state-shelters-could-get-month-long-extension\/\">extens\u00e3o <\/a>\u00e9 concedido. <\/p>\n<p>Um porta-voz de Healey disse \u00e0 WCVB que a administra\u00e7\u00e3o pediu aos volunt\u00e1rios que trabalham com esses migrantes que os levassem aos centros de acolhimento para que pudessem ser encaminhados para abrigos de emerg\u00eancia. <\/p>\n<figure class=\"wp-block-embed is-type-rich is-provider-twitter wp-block-embed-twitter\">\n<div class=\"wp-block-embed__wrapper\">\n<blockquote class=\"twitter-tweet\" data-width=\"500\" data-dnt=\"true\">\n<p lang=\"en\" dir=\"ltr\">Malas e itens pessoais est\u00e3o empilhados do lado de fora da esta\u00e7\u00e3o Wollaston em Quincy devido a uma crise humanit\u00e1ria. Uma organiza\u00e7\u00e3o local diz que cerca de 50 pessoas, a maioria do Haiti, incluindo muitas crian\u00e7as, passaram a noite do lado de fora depois que os fundos da United Way para abrigos secaram. <a href=\"https:\/\/t.co\/ffoRwL8pjH\">foto.twitter.com\/ffoRwL8pjH<\/a><\/p>\n<p>\u2014 Jonathan Hall (@JHall7news) <a href=\"https:\/\/twitter.com\/JHall7news\/status\/1828475826234380549?ref_src=twsrc%5Etfw\">27 de agosto de 2024<\/a><\/p><\/blockquote>\n<\/div>\n<\/figure>\n<p>Para ajudar as fam\u00edlias que estavam fora da esta\u00e7\u00e3o de Wollaston, volunt\u00e1rios trabalharam com uma igreja pr\u00f3xima para garantir espa\u00e7o em seu terreno para que montassem tendas. Dois dias depois, citando \u201creclama\u00e7\u00f5es da vizinhan\u00e7a\u201d de \u201catividades anti-higi\u00eanicas e potencialmente inseguras\u201d, autoridades de Quincy disseram \u00e0s fam\u00edlias que <a href=\"https:\/\/www.boston.com\/news\/local-news\/2024\/08\/13\/quincy-officials-disperse-migrant-tent-encampment-on-church-grounds\/\">n\u00e3o pude acampar<\/a> na igreja, mandando muitos de volta para a esta\u00e7\u00e3o de T. <\/p>\n<p>Os defensores da BIJAN est\u00e3o pressionando a governadora Maura Healey a usar fundos para dias chuvosos para ajudar a abrir novos abrigos. <\/p>\n<p>\u201cAcho que ela tem o poder de fazer uma mudan\u00e7a, ent\u00e3o, embora haja muita culpa para muitos sistemas e n\u00edveis de governo, espero que ela tome uma atitude, porque acho que ela pode ser a pessoa que vai tirar essas fam\u00edlias das ruas\u201d, disse a Rev. Annie Gonzalez da BIJAN \u00e0 WHDH. <\/p>\n<p>A administra\u00e7\u00e3o tamb\u00e9m est\u00e1 enfrentando nova press\u00e3o do partido republicano do estado. Na ter\u00e7a-feira, <a href=\"https:\/\/massgop.com\/massgop-demands-transparency-unveils-foia-requests-to-expose-1-billion-in-secret-migrant-crisis-spending-and-600-public-safety-incidents\">Massa. GOP<\/a> autoridades anunciaram que a presidente Amy Carnevale havia enviado solicita\u00e7\u00f5es formais de informa\u00e7\u00f5es ao estado relacionadas a 600 incidentes de seguran\u00e7a p\u00fablica. <\/p>\n<p>Os pedidos buscam informa\u00e7\u00f5es sobre como quase US$ 1 bilh\u00e3o foi gasto. Carnevale acusou a administra\u00e7\u00e3o Healey de reter \u201cinforma\u00e7\u00f5es cr\u00edticas\u201d sobre incidentes envolvendo policiais, bombeiros e t\u00e9cnicos de emerg\u00eancia m\u00e9dica. <\/p>\n<p>\u201cHoje, o Partido Republicano de Massachusetts est\u00e1 se posicionando contra o v\u00e9u de segredo e os esfor\u00e7os obstrucionistas da Administra\u00e7\u00e3o Healey-Driscoll e da supermaioria Democrata. Estamos com a imprensa de Massachusetts declarando: chega. O p\u00fablico merece transpar\u00eancia. Divulgue os detalhes sobre os vendedores lucrando com esta crise e os problemas de seguran\u00e7a p\u00fablica que afetam nossas comunidades\u201d, disse Carnevale em uma declara\u00e7\u00e3o. \u201cEm nome dos moradores de Massachusetts, estamos exigindo responsabiliza\u00e7\u00e3o.\u201d<\/p>\n<div class=\"m-block m-generic-cta\t m-generic-cta--post-content\t m-generic-cta--dark\t m-generic-cta--homepage\t m-generic-cta--email-signup\t\t m-generic-cta-block-style--default \tt-amp__generic-cta\"><\/p>\n<div class=\"m-generic-cta__wrap\">\n<div class=\"m-generic-cta__content\">\n<h3 class=\"m-generic-cta__title\">Boston.com Hoje<\/h3>\n<p class=\"m-generic-cta__subtitle\">Inscreva-se para receber as \u00faltimas manchetes na sua caixa de entrada todas as manh\u00e3s.<\/p>\n<\/p><\/div>\n<\/p><\/div>\n<\/div><\/div>\n<p><script async src=\"\/\/platform.twitter.com\/widgets.js\" charset=\"utf-8\"><\/script><script>\n\t\tvar consent=\"grant\";\n\t\t\/* The above code is parsing the JSON data from the local storage and storing it in a variable. *\/\n\t\t\t\t\tconst onetrustStorageConsent = JSON.parse(localStorage.getItem( 'consent_one_trust_bdc' ) );\n\t\t\tif ( ( onetrustStorageConsent !== null ) ) {\n\t\t\t\t\/* Checking to see if the user has consented to the use of cookies.\n\t\t\t\t* If they have not, it is deleting the cookie.\n\t\t\t\t* This will comment for now, until further notice.\n\t\t\t\t*\/\n\t\t\t\t\/\/if ( onetrustStorageConsent.C0002 === false ) {\n\t\t\t\t\/\/\tdocument.cookie=\"_fbp=;expires=Thu, 01 Jan 2010 00:00:00 UTC; path=\/; domain=.boston.com\";\n\t\t\t\t\/\/}\n\t\t\t\t\/* Checking if the user has given consent for the cookie C0002.\n\t\t\t\t* If the user has given consent, the variable consent will be set to 'grant'.\n\t\t\t\t* If the user has not given consent,the variable consent will be set to 'revoke'.\n\t\t\t\t* Documentation https:\/\/developers.facebook.com\/docs\/meta-pixel\/implementation\/gdpr\n\t\t\t\t*\/\n\t\t\t\tif ( onetrustStorageConsent.C0002 !== true ) {\n\t\t\t\t\tconsent=\"revoke\";\n\t\t\t\t}\n\t\t\t}\n\t\t\t\t!function(f,b,e,v,n,t,s)\n\t\t{if(f.fbq)return;n=f.fbq=function(){n.callMethod?\n\t\tn.callMethod.apply(n,arguments):n.queue.push(arguments)};\n\t\tif(!f._fbq)f._fbq=n;n.push=n;n.loaded=!0;n.version='2.0';\n\t\tn.queue=[];t=b.createElement(e);t.async=!0;\n\t\tt.src=v;s=b.getElementsByTagName(e)[0];\n\t\ts.parentNode.insertBefore(t,s)}(window, document,'script',\n\t\t'https:\/\/connect.facebook.net\/en_US\/fbevents.js');\n\t\tfbq('consent', consent);\n\t\tfbq('init', '989222871864976');\n\t\tfbq('track', 'PageView');\n\t<\/script><script type=\"module\">\n\t\tvar consent=\"grant\";\n\t\t\/* The above code is parsing the JSON data from the local storage and storing it in a variable. *\/\n\t\t\tconst onetrustStorageConsent = JSON.parse(localStorage.getItem( 'consent_one_trust_bdc' ) );\n\t\t\t\/* Checking to see if the user has consented to the use of cookies.\n\t\t\t* If they have not, it is deleting the cookie.\n\t\t\t* This will comment for now, until further notice.\n\t\t\t*\/\n\t\t\t\/\/if ( onetrustStorageConsent.C0002 === false ) {\n\t\t\t\/\/\tdocument.cookie=\"_fbp=;expires=Thu, 01 Jan 2010 00:00:00 UTC; path=\/; domain=.boston.com\";\n\t\t\t\/\/}\n\t\t\t\/* Checking if the user has given consent for the cookie C0002.\n\t\t\t* If the user has given consent, the variable consent will be set to 'grant'.\n\t\t\t* If the user has not given consent,the variable consent will be set to 'revoke'.\n\t\t\t* Documentation https:\/\/developers.facebook.com\/docs\/meta-pixel\/implementation\/gdpr\n\t\t\t*\/\n\t\t\tif ( ( onetrustStorageConsent !== null ) && (onetrustStorageConsent.C0002 !== true ) ) {\n\t\t\t\tconsent=\"revoke\";\n\t\t\t}\n\t\t\t\t!function(f,b,e,v,n,t,s){if(f.fbq)return;n=f.fbq=function()\n\t\t{n.callMethod? n.callMethod.apply(n,arguments):n.queue.push(arguments)}\n\t\t;if(!f._fbq)f._fbq=n;\n\t\tn.push=n;n.loaded=!0;n.version='2.0';n.queue=[];t=b.createElement(e);t.async=!0;\n\t\tt.src=v;s=b.getElementsByTagName(e)[0];s.parentNode.insertBefore(t,s)}(window,\n\t\tdocument,'script','https:\/\/connect.facebook.net\/en_US\/fbevents.js');\n\t\tfbq('consent', consent);\n\t\tfbq('init', '813236348753005');\n\t\tfbq('track', \"PageView\");\n\t<\/script><br \/>\n<br \/><br \/>\n<br \/><a href=\"https:\/\/www.boston.com\/news\/local-news\/2024\/08\/28\/as-shelter-funds-dry-up-migrant-families-are-sleeping-outside-t-station-in-quincy\/\">Source link <\/a><\/p>","protected":false},"excerpt":{"rendered":"<p>Not\u00edcias locais Os migrantes est\u00e3o sendo for\u00e7ados a voltar para as ruas perto da esta\u00e7\u00e3o MBTA de Wollaston. Imigrantes haitianos deitam-se do lado de fora da esta\u00e7\u00e3o Wollaston MBTA em&hellip;<\/p>","protected":false},"author":1,"featured_media":29401,"comment_status":"closed","ping_status":"open","sticky":false,"template":"","format":"standard","meta":{"content-type":"","footnotes":""},"categories":[1],"tags":[],"class_list":["post-29400","post","type-post","status-publish","format-standard","has-post-thumbnail","hentry","category-uncategorized"],"_links":{"self":[{"href":"https:\/\/tvbrazilusa.com\/pt\/wp-json\/wp\/v2\/posts\/29400","targetHints":{"allow":["GET"]}}],"collection":[{"href":"https:\/\/tvbrazilusa.com\/pt\/wp-json\/wp\/v2\/posts"}],"about":[{"href":"https:\/\/tvbrazilusa.com\/pt\/wp-json\/wp\/v2\/types\/post"}],"author":[{"embeddable":true,"href":"https:\/\/tvbrazilusa.com\/pt\/wp-json\/wp\/v2\/users\/1"}],"replies":[{"embeddable":true,"href":"https:\/\/tvbrazilusa.com\/pt\/wp-json\/wp\/v2\/comments?post=29400"}],"version-history":[{"count":1,"href":"https:\/\/tvbrazilusa.com\/pt\/wp-json\/wp\/v2\/posts\/29400\/revisions"}],"predecessor-version":[{"id":29402,"href":"https:\/\/tvbrazilusa.com\/pt\/wp-json\/wp\/v2\/posts\/29400\/revisions\/29402"}],"wp:featuredmedia":[{"embeddable":true,"href":"https:\/\/tvbrazilusa.com\/pt\/wp-json\/wp\/v2\/media\/29401"}],"wp:attachment":[{"href":"https:\/\/tvbrazilusa.com\/pt\/wp-json\/wp\/v2\/media?parent=29400"}],"wp:term":[{"taxonomy":"category","embeddable":true,"href":"https:\/\/tvbrazilusa.com\/pt\/wp-json\/wp\/v2\/categories?post=29400"},{"taxonomy":"post_tag","embeddable":true,"href":"https:\/\/tvbrazilusa.com\/pt\/wp-json\/wp\/v2\/tags?post=29400"}],"curies":[{"name":"wp","href":"https:\/\/api.w.org\/{rel}","templated":true}]}}