{"id":29446,"date":"2024-08-28T18:25:08","date_gmt":"2024-08-28T18:25:08","guid":{"rendered":"https:\/\/tvbrazilusa.com\/2024\/08\/28\/pressley-e-outras-duas-congressistas-pressionam-a-fda-sobre-o-motivo-do-atraso-na-proposta-de-proibicao-de-produtos-quimicos-para-alisar-o-cabelo\/"},"modified":"2024-08-28T18:34:24","modified_gmt":"2024-08-28T18:34:24","slug":"pressley-e-outras-duas-congressistas-pressionam-a-fda-sobre-o-motivo-do-atraso-na-proposta-de-proibicao-de-produtos-quimicos-para-alisar-o-cabelo","status":"publish","type":"post","link":"https:\/\/tvbrazilusa.com\/pt\/2024\/08\/28\/pressley-e-outras-duas-congressistas-pressionam-a-fda-sobre-o-motivo-do-atraso-na-proposta-de-proibicao-de-produtos-quimicos-para-alisar-o-cabelo\/","title":{"rendered":"Pressley e outras duas congressistas pressionam a FDA sobre o motivo do atraso na proposta de proibi\u00e7\u00e3o de produtos qu\u00edmicos para alisar o cabelo"},"content":{"rendered":"<p> <script async src=\"https:\/\/pagead2.googlesyndication.com\/pagead\/js\/adsbygoogle.js?client=ca-pub-8864793242727901\"\r\n     crossorigin=\"anonymous\"><\/script><br \/>\n<\/p>\n<div id=\"\">\n<header class=\"m-article-header m-article-header--standard\">\n\t\t\t\t\t\t\t\t\t\t\t\t<span id=\"article-header-primary-term\"><br \/>\n\t\t\t\t\t\t\t\t<a class=\"a-term a-term--primary\" href=\"https:\/\/www.boston.com\/tag\/politics\/\"><\/p>\n<p>\t\t\t\t\t\t\t\tPol\u00edtica\t\t\t\t\t\t\t\t<\/a><br \/>\n\t\t\t\t\t\t\t<\/span><\/p>\n<h2 class=\"m-article-header__sub-headline\">A carta de Pressley, Brown e Velazquez \u2014 todos candidatos \u00e0 reelei\u00e7\u00e3o este ano \u2014 pede que o comiss\u00e1rio da FDA, Robert Califf, forne\u00e7a raz\u00f5es espec\u00edficas para o atraso.<\/h2>\n<figure class=\"a-photo m-article-header__photo\"><figcaption class=\"a-photo__caption\">\n<p>\tEsta combina\u00e7\u00e3o de fotos de 2021-2023 mostra os representantes dos EUA Shontel Brown, D-Ohio, \u00e0 esquerda; Ayanna Pressley, D-Massachusetts, e Nydia Velazquez, DN.Y. <em> AP Photo\/Alex Brandon, Charles Krupa, Susan Walsh<\/em>\t<\/figcaption><\/figure>\n<div class=\"m-article-header__meta\">\n<div class=\"m-article-header__byline\">\n<p class=\"m-article-header__author\">\n<p>\t\t\t\t\t\t\t\tPor KENYA HUNTER, Associated Press\t\t\t\t\t\t\t<\/p>\n<p>\t\t\t\t\t\t    \t\t\t\t\t\t\t<time class=\"m-article-header__date\"><\/p>\n<p>        \t\t\t\t\t\t\t28 de agosto de 2024 | 14h25    \t\t\t\t\t\t\t<\/time><\/p><\/div>\n<\/p><\/div>\n<\/header>\n<p>Dois membros da C\u00e2mara dos EUA que inicialmente pressionaram a Food and Drug Administration em 2023 para investigar os riscos \u00e0 sa\u00fade dos alisadores de cabelo usados \u200b\u200bprincipalmente por mulheres negras agora est\u00e3o perguntando \u00e0 ag\u00eancia por que ela adiou duas vezes sua data prevista para propor a proibi\u00e7\u00e3o de produtos que contenham formalde\u00eddo, que estudos associam ao aumento das taxas de c\u00e2ncer.<\/p>\n<p>Representantes Democratas. <a href=\"https:\/\/www.boston.com\/tag\/ayanna-pressley\/\">Ayanna Pressley<\/a> de Massachusetts e Shontel Brown de Ohio pressionaram o FDA em uma carta para finalizar a regra proposta para proibir certos alisadores de cabelo de qualidade de sal\u00e3o e para uso dom\u00e9stico. A deputada Nydia Velazquez de Nova York se juntou a Pressley e Brown para liderar a carta, que foi datada de ter\u00e7a-feira.<\/p>\n<p>O FDA deu aviso de uma poss\u00edvel regra em 2023 com uma data-alvo inicial para liberar a proposta em abril. Isso foi ent\u00e3o movido para julho antes de pular para setembro.<\/p>\n<p>A carta de Pressley, Brown e Velazquez \u2014 todos candidatos \u00e0 reelei\u00e7\u00e3o este ano \u2014 pede que o comiss\u00e1rio da FDA, Robert Califf, forne\u00e7a raz\u00f5es espec\u00edficas para o atraso.<\/p>\n<p>Pressley disse \u00e0 Associated Press que as mulheres negras recorrem a tratamentos de alisamento em parte por causa da discrimina\u00e7\u00e3o capilar.<\/p>\n<p>\u201cSe voc\u00ea fizer uma busca no Google agora mesmo sobre penteados de trabalho n\u00e3o profissionais, voc\u00ea ser\u00e1 cercado por imagens de mulheres negras\u201d, disse Pressley, que tamb\u00e9m acredita que outro atraso pode causar mais problemas de sa\u00fade para comunidades de cor. \u201cTudo, desde estilos protetores, tor\u00e7\u00f5es senegalesas ou tran\u00e7as como eu usei por muitos anos, ou afros ou locs&#8230; Eu s\u00f3 quero que todos possam aparecer de forma completa, aut\u00eantica e sem desculpas, sem medo e sem discrimina\u00e7\u00e3o.\u201d<\/p>\n<p>N\u00e3o \u00e9 incomum que o FDA tenha itens na agenda regulat\u00f3ria por anos. Por exemplo, o rascunho de uma proposta de proibi\u00e7\u00e3o de cigarros mentolados saiu em 2022, mas a data-alvo para finalizar a regra foi adiada duas vezes antes de ser adiada indefinidamente em abril.<\/p>\n<p>Quando questionado sobre a carta, um porta-voz da FDA disse \u00e0 AP que os funcion\u00e1rios da ag\u00eancia responderiam diretamente aos legisladores. No m\u00eas passado, a ag\u00eancia disse que a proibi\u00e7\u00e3o proposta ainda estava entre suas principais prioridades e no processo de regulamenta\u00e7\u00e3o, mas n\u00e3o p\u00f4de comentar com a AP sobre o cronograma ou o conte\u00fado da proposta.<\/p>\n<p>Mulheres negras e mulheres de outras etnias usam tratamentos qu\u00edmicos para alisar os cabelos h\u00e1 d\u00e9cadas, e muitos dos relaxantes, cremes e tratamentos com queratina cont\u00eam formalde\u00eddo \u2014 um produto qu\u00edmico usado em pesticidas e para preservar cad\u00e1veres.<\/p>\n<p>Um estudo de 2022 do National Institutes of Health descobriu que pessoas que usavam alisadores de cabelo tinham um risco maior de desenvolver c\u00e2ncer uterino. Um estudo de 2023 da Boston University descobriu que mulheres na p\u00f3s-menopausa que usavam relaxantes com mais frequ\u00eancia tinham um risco maior que 50% maior de c\u00e2ncer uterino em compara\u00e7\u00e3o com aquelas que raramente os usavam.<\/p>\n<p>Milhares de processos alegam que empresas de beleza que fabricam alguns dos alisadores de cabelo deturparam os \u201cimpactos \u00e0 sa\u00fade\u201d dos produtos e expuseram os demandantes a produtos qu\u00edmicos que aumentaram o risco de c\u00e2ncer de \u00fatero e ov\u00e1rio. Alguns tamb\u00e9m alegam que tiveram infertilidade ap\u00f3s usar os produtos.<\/p>\n<p>Em um v\u00eddeo de m\u00eddia social de outubro, a FDA lembrou \u00e0s pessoas que nenhuma proibi\u00e7\u00e3o estava em vigor ainda e que a ag\u00eancia planejava trabalhar e incentivar a ind\u00fastria de cosm\u00e9ticos a desenvolver produtos alternativos de alisamento.<\/p>\n<blockquote class=\"instagram-media\" data-instgrm-captioned=\"\" data-instgrm-permalink=\"https:\/\/www.instagram.com\/reel\/CyjRhnxsaXw\/?utm_source=ig_embed&#038;utm_campaign=loading\" data-instgrm-version=\"14\" style=\" background:#FFF; border:0; border-radius:3px; box-shadow:0 0 1px 0 rgba(0,0,0,0.5),0 1px 10px 0 rgba(0,0,0,0.15); margin: 1px; max-width:540px; min-width:326px; padding:0; width:99.375%; width:-webkit-calc(100% - 2px); width:calc(100% - 2px);\">\n<\/blockquote>\n<div class=\"m-block m-generic-cta\t m-generic-cta--post-content\t m-generic-cta--dark\t m-generic-cta--homepage\t m-generic-cta--email-signup\t\t m-generic-cta-block-style--default \tt-amp__generic-cta\"><\/p>\n<div class=\"m-generic-cta__wrap\">\n<div class=\"m-generic-cta__content\">\n<h3 class=\"m-generic-cta__title\">Alertas de not\u00edcias extras<\/h3>\n<p class=\"m-generic-cta__subtitle\">Receba atualiza\u00e7\u00f5es de \u00faltima hora assim que elas acontecerem.<\/p>\n<\/p><\/div>\n<\/p><\/div>\n<\/div><\/div>\n<p><script>\n\t\tvar consent=\"grant\";\n\t\t\/* The above code is parsing the JSON data from the local storage and storing it in a variable. *\/\n\t\t\t\t\tconst onetrustStorageConsent = JSON.parse(localStorage.getItem( 'consent_one_trust_bdc' ) );\n\t\t\tif ( ( onetrustStorageConsent !== null ) ) {\n\t\t\t\t\/* Checking to see if the user has consented to the use of cookies.\n\t\t\t\t* If they have not, it is deleting the cookie.\n\t\t\t\t* This will comment for now, until further notice.\n\t\t\t\t*\/\n\t\t\t\t\/\/if ( onetrustStorageConsent.C0002 === false ) {\n\t\t\t\t\/\/\tdocument.cookie=\"_fbp=;expires=Thu, 01 Jan 2010 00:00:00 UTC; path=\/; domain=.boston.com\";\n\t\t\t\t\/\/}\n\t\t\t\t\/* Checking if the user has given consent for the cookie C0002.\n\t\t\t\t* If the user has given consent, the variable consent will be set to 'grant'.\n\t\t\t\t* If the user has not given consent,the variable consent will be set to 'revoke'.\n\t\t\t\t* Documentation https:\/\/developers.facebook.com\/docs\/meta-pixel\/implementation\/gdpr\n\t\t\t\t*\/\n\t\t\t\tif ( onetrustStorageConsent.C0002 !== true ) {\n\t\t\t\t\tconsent=\"revoke\";\n\t\t\t\t}\n\t\t\t}\n\t\t\t\t!function(f,b,e,v,n,t,s)\n\t\t{if(f.fbq)return;n=f.fbq=function(){n.callMethod?\n\t\tn.callMethod.apply(n,arguments):n.queue.push(arguments)};\n\t\tif(!f._fbq)f._fbq=n;n.push=n;n.loaded=!0;n.version='2.0';\n\t\tn.queue=[];t=b.createElement(e);t.async=!0;\n\t\tt.src=v;s=b.getElementsByTagName(e)[0];\n\t\ts.parentNode.insertBefore(t,s)}(window, document,'script',\n\t\t'https:\/\/connect.facebook.net\/en_US\/fbevents.js');\n\t\tfbq('consent', consent);\n\t\tfbq('init', '989222871864976');\n\t\tfbq('track', 'PageView');\n\t<\/script><script type=\"module\">\n\t\tvar consent=\"grant\";\n\t\t\/* The above code is parsing the JSON data from the local storage and storing it in a variable. *\/\n\t\t\tconst onetrustStorageConsent = JSON.parse(localStorage.getItem( 'consent_one_trust_bdc' ) );\n\t\t\t\/* Checking to see if the user has consented to the use of cookies.\n\t\t\t* If they have not, it is deleting the cookie.\n\t\t\t* This will comment for now, until further notice.\n\t\t\t*\/\n\t\t\t\/\/if ( onetrustStorageConsent.C0002 === false ) {\n\t\t\t\/\/\tdocument.cookie=\"_fbp=;expires=Thu, 01 Jan 2010 00:00:00 UTC; path=\/; domain=.boston.com\";\n\t\t\t\/\/}\n\t\t\t\/* Checking if the user has given consent for the cookie C0002.\n\t\t\t* If the user has given consent, the variable consent will be set to 'grant'.\n\t\t\t* If the user has not given consent,the variable consent will be set to 'revoke'.\n\t\t\t* Documentation https:\/\/developers.facebook.com\/docs\/meta-pixel\/implementation\/gdpr\n\t\t\t*\/\n\t\t\tif ( ( onetrustStorageConsent !== null ) && (onetrustStorageConsent.C0002 !== true ) ) {\n\t\t\t\tconsent=\"revoke\";\n\t\t\t}\n\t\t\t\t!function(f,b,e,v,n,t,s){if(f.fbq)return;n=f.fbq=function()\n\t\t{n.callMethod? n.callMethod.apply(n,arguments):n.queue.push(arguments)}\n\t\t;if(!f._fbq)f._fbq=n;\n\t\tn.push=n;n.loaded=!0;n.version='2.0';n.queue=[];t=b.createElement(e);t.async=!0;\n\t\tt.src=v;s=b.getElementsByTagName(e)[0];s.parentNode.insertBefore(t,s)}(window,\n\t\tdocument,'script','https:\/\/connect.facebook.net\/en_US\/fbevents.js');\n\t\tfbq('consent', consent);\n\t\tfbq('init', '813236348753005');\n\t\tfbq('track', \"PageView\");\n\t<\/script><script async src=\"\/\/www.instagram.com\/embed.js\"><\/script><br \/>\n<br \/><br \/>\n<br \/><a href=\"https:\/\/www.boston.com\/news\/politics\/2024\/08\/28\/pressley-congresswomen-press-fda-proposal-to-ban-hair-straightening-chemicals\/\">Source link <\/a><\/p>","protected":false},"excerpt":{"rendered":"<p>Pol\u00edtica A carta de Pressley, Brown e Velazquez \u2014 todos candidatos \u00e0 reelei\u00e7\u00e3o este ano \u2014 pede que o comiss\u00e1rio da FDA, Robert Califf, forne\u00e7a raz\u00f5es espec\u00edficas para o atraso.&hellip;<\/p>","protected":false},"author":1,"featured_media":29447,"comment_status":"closed","ping_status":"open","sticky":false,"template":"","format":"standard","meta":{"content-type":"","footnotes":""},"categories":[1],"tags":[],"class_list":["post-29446","post","type-post","status-publish","format-standard","has-post-thumbnail","hentry","category-uncategorized"],"_links":{"self":[{"href":"https:\/\/tvbrazilusa.com\/pt\/wp-json\/wp\/v2\/posts\/29446","targetHints":{"allow":["GET"]}}],"collection":[{"href":"https:\/\/tvbrazilusa.com\/pt\/wp-json\/wp\/v2\/posts"}],"about":[{"href":"https:\/\/tvbrazilusa.com\/pt\/wp-json\/wp\/v2\/types\/post"}],"author":[{"embeddable":true,"href":"https:\/\/tvbrazilusa.com\/pt\/wp-json\/wp\/v2\/users\/1"}],"replies":[{"embeddable":true,"href":"https:\/\/tvbrazilusa.com\/pt\/wp-json\/wp\/v2\/comments?post=29446"}],"version-history":[{"count":1,"href":"https:\/\/tvbrazilusa.com\/pt\/wp-json\/wp\/v2\/posts\/29446\/revisions"}],"predecessor-version":[{"id":29448,"href":"https:\/\/tvbrazilusa.com\/pt\/wp-json\/wp\/v2\/posts\/29446\/revisions\/29448"}],"wp:featuredmedia":[{"embeddable":true,"href":"https:\/\/tvbrazilusa.com\/pt\/wp-json\/wp\/v2\/media\/29447"}],"wp:attachment":[{"href":"https:\/\/tvbrazilusa.com\/pt\/wp-json\/wp\/v2\/media?parent=29446"}],"wp:term":[{"taxonomy":"category","embeddable":true,"href":"https:\/\/tvbrazilusa.com\/pt\/wp-json\/wp\/v2\/categories?post=29446"},{"taxonomy":"post_tag","embeddable":true,"href":"https:\/\/tvbrazilusa.com\/pt\/wp-json\/wp\/v2\/tags?post=29446"}],"curies":[{"name":"wp","href":"https:\/\/api.w.org\/{rel}","templated":true}]}}