{"id":29449,"date":"2024-08-28T18:23:59","date_gmt":"2024-08-28T18:23:59","guid":{"rendered":"https:\/\/tvbrazilusa.com\/2024\/08\/28\/cerimonia-anual-em-memoria-ao-11-de-setembro-em-connecticut-marcada-para-5-de-setembro\/"},"modified":"2024-08-28T18:35:44","modified_gmt":"2024-08-28T18:35:44","slug":"cerimonia-anual-em-memoria-ao-11-de-setembro-em-connecticut-marcada-para-5-de-setembro","status":"publish","type":"post","link":"https:\/\/tvbrazilusa.com\/pt\/2024\/08\/28\/cerimonia-anual-em-memoria-ao-11-de-setembro-em-connecticut-marcada-para-5-de-setembro\/","title":{"rendered":"Cerim\u00f4nia anual em mem\u00f3ria ao 11 de setembro em Connecticut marcada para 5 de setembro"},"content":{"rendered":"<script async src=\"https:\/\/pagead2.googlesyndication.com\/pagead\/js\/adsbygoogle.js?client=ca-pub-8864793242727901\"\r\n     crossorigin=\"anonymous\"><\/script>\n<p>HARTFORD, Connecticut (WTNH) \u2014 A 23\u00aa cerim\u00f4nia anual em mem\u00f3ria ao 11 de setembro em Connecticut, em homenagem e celebra\u00e7\u00e3o \u00e0s vidas dos mortos nos ataques terroristas de 11 de setembro de 2001, ser\u00e1 realizada<span style=\"margin: 0px;padding: 0px\">campo em 5 de setembro<\/span>anunciou o governador Ned Lamont. <\/p>\n<p>A cerim\u00f4nia deste ano come\u00e7ar\u00e1 <span style=\"margin: 0px;padding: 0px\">\u00e0s 17h30 de quinta-feira, 11 de setembro<\/span>. 5, no Sherwood Island State Park em Westport. O p\u00fablico est\u00e1 convidado a comparecer. <\/p>\n<p>Participar\u00e3o familiares dos mortos nos ataques, e os nomes dos <a href=\"https:\/\/portal.ct.gov\/-\/media\/deep\/stateparks\/parks\/2017werememberlistsherwoodislandpdf.pdf\" data-type=\"link\" data-id=\"https:\/\/portal.ct.gov\/-\/media\/deep\/stateparks\/parks\/2017werememberlistsherwoodislandpdf.pdf\" target=\"_blank\" rel=\"noreferrer noopener\">161 v\u00edtimas com liga\u00e7\u00f5es a Connecticut<\/a> ser\u00e1 lido em voz alta. <\/p>\n<div class=\"nlp-ignore-block article-content rich-text\">\n<aside class=\"promo-link\">\n\t<a href=\"https:\/\/www.wtnh.com\/news\/connecticut\/annual-9-11-memorial-ceremony-held-in-westport\/?ipid=promo-link-block1\" class=\"promo-link__link\"><\/p>\n<p>\t\t2023 | Cerim\u00f4nia anual em mem\u00f3ria do 11 de setembro realizada em Westport\t<\/a><br \/>\n<\/aside>\n<\/div>\n<p>O estado realiza sua cerim\u00f4nia memorial dias antes do anivers\u00e1rio para acomodar as agendas dos familiares e amigos das v\u00edtimas que gostariam de comparecer \u00e0 cerim\u00f4nia de Connecticut e ao servi\u00e7o anual realizado no local do World Trade Center em 11 de setembro.<\/p>\n<p>O <a href=\"https:\/\/portal.ct.gov\/deep\/state-parks\/parks\/sherwood-island-state-park\/cts-9-11-living-memorial\" data-type=\"link\" data-id=\"https:\/\/portal.ct.gov\/deep\/state-parks\/parks\/sherwood-island-state-park\/cts-9-11-living-memorial\" target=\"_blank\" rel=\"noreferrer noopener\">Memorial Vivo do 11 de Setembro<\/a> apresenta pedras gravadas com os nomes das pessoas com la\u00e7os com Connecticut mortas nos ataques.<\/p>\n<p>O Parque Estadual da Ilha Sherwood serviu como \u00e1rea de prepara\u00e7\u00e3o para os esfor\u00e7os de socorro ap\u00f3s os ataques.<\/p>\n<\/p>\n<p><br \/>\n<br \/><a href=\"https:\/\/www.wtnh.com\/news\/connecticut\/connecticuts-annual-9-11-memorial-ceremony-set-for-sept-5\/\">Source link <\/a><\/p>","protected":false},"excerpt":{"rendered":"<p>HARTFORD, Connecticut (WTNH) \u2014 A 23\u00aa cerim\u00f4nia anual em mem\u00f3ria ao 11 de setembro em Connecticut, em homenagem e celebra\u00e7\u00e3o \u00e0s vidas dos mortos nos ataques terroristas de 11 de&hellip;<\/p>","protected":false},"author":1,"featured_media":29450,"comment_status":"closed","ping_status":"open","sticky":false,"template":"","format":"standard","meta":{"content-type":"","footnotes":""},"categories":[1],"tags":[],"class_list":["post-29449","post","type-post","status-publish","format-standard","has-post-thumbnail","hentry","category-uncategorized"],"_links":{"self":[{"href":"https:\/\/tvbrazilusa.com\/pt\/wp-json\/wp\/v2\/posts\/29449","targetHints":{"allow":["GET"]}}],"collection":[{"href":"https:\/\/tvbrazilusa.com\/pt\/wp-json\/wp\/v2\/posts"}],"about":[{"href":"https:\/\/tvbrazilusa.com\/pt\/wp-json\/wp\/v2\/types\/post"}],"author":[{"embeddable":true,"href":"https:\/\/tvbrazilusa.com\/pt\/wp-json\/wp\/v2\/users\/1"}],"replies":[{"embeddable":true,"href":"https:\/\/tvbrazilusa.com\/pt\/wp-json\/wp\/v2\/comments?post=29449"}],"version-history":[{"count":1,"href":"https:\/\/tvbrazilusa.com\/pt\/wp-json\/wp\/v2\/posts\/29449\/revisions"}],"predecessor-version":[{"id":29451,"href":"https:\/\/tvbrazilusa.com\/pt\/wp-json\/wp\/v2\/posts\/29449\/revisions\/29451"}],"wp:featuredmedia":[{"embeddable":true,"href":"https:\/\/tvbrazilusa.com\/pt\/wp-json\/wp\/v2\/media\/29450"}],"wp:attachment":[{"href":"https:\/\/tvbrazilusa.com\/pt\/wp-json\/wp\/v2\/media?parent=29449"}],"wp:term":[{"taxonomy":"category","embeddable":true,"href":"https:\/\/tvbrazilusa.com\/pt\/wp-json\/wp\/v2\/categories?post=29449"},{"taxonomy":"post_tag","embeddable":true,"href":"https:\/\/tvbrazilusa.com\/pt\/wp-json\/wp\/v2\/tags?post=29449"}],"curies":[{"name":"wp","href":"https:\/\/api.w.org\/{rel}","templated":true}]}}