{"id":29452,"date":"2022-09-30T22:24:03","date_gmt":"2022-09-30T22:24:03","guid":{"rendered":"https:\/\/tvbrazilusa.com\/2022\/09\/30\/perguntas-e-respostas-com-o-primeiro-diretor-de-resiliencia-de-jacksonville-jacksonville-today-2\/"},"modified":"2024-08-28T18:56:54","modified_gmt":"2024-08-28T18:56:54","slug":"perguntas-e-respostas-com-o-primeiro-diretor-de-resiliencia-de-jacksonville-jacksonville-today-2","status":"publish","type":"post","link":"https:\/\/tvbrazilusa.com\/pt\/2022\/09\/30\/perguntas-e-respostas-com-o-primeiro-diretor-de-resiliencia-de-jacksonville-jacksonville-today-2\/","title":{"rendered":"Perguntas e respostas com o primeiro diretor de resili\u00eancia de Jacksonville &#8211; Jacksonville Today"},"content":{"rendered":"<p> <script async src=\"https:\/\/pagead2.googlesyndication.com\/pagead\/js\/adsbygoogle.js?client=ca-pub-8864793242727901\"\r\n     crossorigin=\"anonymous\"><\/script><br \/>\n<\/p>\n<div>\n<figure class=\"wp-block-audio\"><audio controls=\"\" src=\"https:\/\/cpa.ds.npr.org\/s447\/audio\/2021\/10\/adapt-podcast-jacksonville-cro-anne-coglianese.mp3\"\/><figcaption><strong>Ou\u00e7a a conversa completa com Anne Coglianese no <\/strong><a href=\"https:\/\/adaptflorida.org\/podcast\">Podcast ADAPT<\/a><strong>.<\/strong><\/figcaption><\/figure>\n<p><em>Anne Coglianese, a primeira CRO de Jacksonville, est\u00e1 no cargo desde julho de 2021. Ela veio para Jacksonville de Nova Orleans, onde atuou como Gerente de Resili\u00eancia Costeira de 2017 a 2020.<\/em><\/p>\n<p><strong>Com qual defini\u00e7\u00e3o de resili\u00eancia voc\u00ea est\u00e1 trabalhando?<\/strong><\/p>\n<p>Quando digo resili\u00eancia, estou falando principalmente sobre resili\u00eancia urbana. Defino isso como a capacidade dos sistemas urbanos de se adaptarem e prosperarem diante de choques agudos como um furac\u00e3o ou estresses cr\u00f4nicos como eleva\u00e7\u00e3o do n\u00edvel do mar ou calor urbano.<\/p>\n<p><strong>O que \u00e9 um diretor de resili\u00eancia (CRO)? O que eles fazem?<\/strong><\/p>\n<p>Um CRO est\u00e1 aqui para projetar solu\u00e7\u00f5es resilientes. Isso significa quebrar silos dentro do governo da cidade, trabalhar com stakeholders externos e autoridades independentes dentro e ao redor de Jacksonville que tomam decis\u00f5es, seja JEA ou JTA, e garantir que todos estejam avan\u00e7ando na mesma dire\u00e7\u00e3o e pensando a longo prazo.<\/p>\n<p>A maioria dos departamentos da cidade est\u00e1 limitada ao aqui e agora. Um CRO tem a capacidade, e na minha perspectiva o luxo, de pensar a longo prazo e realmente olhar para o que h\u00e1 de mais recente em ci\u00eancia e dados, para onde precisamos ir e ent\u00e3o quais interven\u00e7\u00f5es precisam ser colocadas em pr\u00e1tica para permitir que os departamentos da cidade se movam nessa dire\u00e7\u00e3o juntos.<\/p>\n<figure class=\"wp-block-image size-full\"><figcaption><em>Anne Coglianese, Diretora de Resili\u00eancia de Jacksonville.<br \/>Cr\u00e9dito: Andrew Wiechman, WJCT Public Media<\/em><\/figcaption><\/figure>\n<p><strong>Voc\u00ea gosta de usar a frase &#8220;dividendo de resili\u00eancia&#8221;. O que isso significa?<\/strong><\/p>\n<p>Basicamente, ele tenta responder \u00e0 pergunta: como obter m\u00faltiplos benef\u00edcios de qualquer iniciativa de resili\u00eancia? <\/p>\n<p>Se voc\u00ea est\u00e1 lidando com inunda\u00e7\u00f5es, como isso traz benef\u00edcios \u00e0 sa\u00fade humana? Como isso talvez reduza o calor urbano? Como isso est\u00e1 fornecendo uma oportunidade para uma nova for\u00e7a de trabalho ou uma nova economia emergir?<\/p>\n<p>Acredito que tentar alcan\u00e7ar o m\u00e1ximo de benef\u00edcios poss\u00edvel por meio dessa ideia de dividendos de resili\u00eancia \u00e9 realmente fundamental para a forma como vejo esse trabalho.<\/p>\n<figure class=\"wp-block-pullquote is-style-solid-color\">\n<blockquote>\n<p>N\u00f3s realmente queremos ver isso como algo que n\u00e3o s\u00f3 resolva nossos desafios ambientais, mas que forne\u00e7a oportunidades para nossos moradores. E se isso tamb\u00e9m puder ajudar a retificar desigualdades hist\u00f3ricas, isso \u00e9 enorme, e \u00e9 algo em que estou pessoalmente muito interessado.<\/p>\n<p><cite>Anne Coglianese, Diretora de Resili\u00eancia da Cidade de Jacksonville<\/cite><\/p><\/blockquote>\n<\/figure>\n<p><strong>Quais s\u00e3o as maiores amea\u00e7as que Jacksonville enfrenta?<\/strong><\/p>\n<p>Acredito que a amea\u00e7a mais \u00f3bvia seja a \u00e1gua, e isso pode ocorrer como uma tempestade durante um furac\u00e3o, como uma inunda\u00e7\u00e3o residencial durante essas tempestades de chuva de ver\u00e3o e como uma inunda\u00e7\u00e3o causada pelas mar\u00e9s.<\/p>\n<p>Eu tamb\u00e9m diria que o calor urbano vai se tornar um desafio realmente grande. O desafio com o calor urbano \u00e9 que voc\u00ea n\u00e3o pode v\u00ea-lo, mas pode senti-lo, e sabemos que h\u00e1 muitas consequ\u00eancias para a sa\u00fade e, na verdade, consequ\u00eancias sociais de n\u00e3o lidar com o calor. E, claro, nossos moradores mais vulner\u00e1veis \u200b\u200bcorrem risco se n\u00e3o lidarmos com os problemas de calor urbano.<\/p>\n<p>A boa not\u00edcia \u00e9 que lidar com o calor urbano \u00e9 muito semelhante a lidar com inunda\u00e7\u00f5es. Algumas das mesmas interven\u00e7\u00f5es podem fornecer benef\u00edcios em ambas as \u00e1reas. Mais espa\u00e7o verde absorver\u00e1 mais \u00e1gua de inunda\u00e7\u00e3o, mas essas plantas tamb\u00e9m t\u00eam um efeito de resfriamento nos bairros. Ent\u00e3o, quanto mais pudermos nos livrar do concreto e colocar superf\u00edcies perme\u00e1veis, como plantas ou pavimenta\u00e7\u00e3o semiperme\u00e1vel, isso beneficiar\u00e1 nossa redu\u00e7\u00e3o de risco de inunda\u00e7\u00e3o e tamb\u00e9m ter\u00e1 um impacto no resfriamento de nossa cidade, e isso pode ter in\u00fameros benef\u00edcios para os moradores, tanto financeiramente quanto para sua sa\u00fade.<\/p>\n<figure class=\"wp-block-image size-full\"><img loading=\"lazy\" decoding=\"async\" width=\"800\" height=\"450\" src=\"https:\/\/jaxtoday.org\/wp-content\/uploads\/2021\/12\/i-mrgH9ft-L-Cropped.jpg\" alt=\"\" class=\"wp-image-4403 wpsmartcrop-image\" srcset=\"https:\/\/jaxtoday.org\/wp-content\/uploads\/2021\/12\/i-mrgH9ft-L-Cropped.jpg 800w, https:\/\/jaxtoday.org\/wp-content\/uploads\/2021\/12\/i-mrgH9ft-L-Cropped-300x169.jpg 300w, https:\/\/jaxtoday.org\/wp-content\/uploads\/2021\/12\/i-mrgH9ft-L-Cropped-768x432.jpg 768w, https:\/\/jaxtoday.org\/wp-content\/uploads\/2021\/12\/i-mrgH9ft-L-Cropped-100x56.jpg 100w\" sizes=\"auto, (max-width: 800px) 100vw, 800px\" data-smartcrop-focus=\"[50,50]\"\/><figcaption>A diretora de resili\u00eancia de Jacksonville, Anne Coglianese (\u00e0 esquerda), com o prefeito Lenny Curry (\u00e0 direita).<br \/>Cr\u00e9dito: a cidade de Jacksonville<\/figcaption><\/figure>\n<p><strong>O que voc\u00ea acha que \u00e9 mais eficaz quando se trata de reduzir inunda\u00e7\u00f5es: infraestrutura &#8220;verde&#8221;, como margens vivas e jardins pluviais, ou infraestrutura &#8220;cinza&#8221;, como diques e bueiros?<\/strong><\/p>\n<p>Minha filosofia \u00e9 que voc\u00ea precisa de ambos. Eu realmente vejo a infraestrutura cinza e a infraestrutura verde trabalhando em conjunto. Para uma cidade ser resiliente, voc\u00ea precisa de algumas dessas redund\u00e2ncias incorporadas. <\/p>\n<p>Se uma tempestade se aproxima, se houver um p\u00e2ntano na frente da sua antepara, isso vai realmente reduzir a chance da antepara transbordar e causar qualquer tipo de dano \u00e0 propriedade.<\/p>\n<p>E, novamente, quanto mais pudermos trabalhar com nossos sistemas naturais e projetar solu\u00e7\u00f5es, locais para a \u00e1gua fluir que se pare\u00e7am com nossos sistemas naturais, melhor eles ter\u00e3o um desempenho.<\/p>\n<p><strong>Os impactos das mudan\u00e7as clim\u00e1ticas afetam desproporcionalmente pessoas de cor e pessoas em comunidades de baixa renda. O que Jacksonville pode fazer para lidar com essa disparidade?<\/strong><\/p>\n<p>Fundamentalmente, n\u00e3o acredito que voc\u00ea possa ser uma cidade resiliente se n\u00e3o for uma cidade equitativa, e n\u00e3o acredito que voc\u00ea possa alcan\u00e7ar a equidade se n\u00e3o levar em considera\u00e7\u00e3o a resili\u00eancia. <\/p>\n<p>A realidade \u00e9 que, sim, historicamente, comunidades de cor t\u00eam sido mais impactadas por esses desastres, e isso significa apenas que precisamos ser realmente cuidadosos na maneira como implementamos interven\u00e7\u00f5es de resili\u00eancia, seja prote\u00e7\u00e3o contra \u00e1guas pluviais ou recursos de infraestrutura verde. <\/p>\n<p>N\u00f3s realmente queremos ver isso como algo que n\u00e3o s\u00f3 resolva nossos desafios ambientais, mas que forne\u00e7a oportunidades para nossos moradores. E se isso tamb\u00e9m puder ajudar a retificar desigualdades hist\u00f3ricas, isso \u00e9 enorme, e \u00e9 algo em que estou pessoalmente muito interessado.<\/p>\n<figure class=\"wp-block-image size-full\"><img loading=\"lazy\" decoding=\"async\" width=\"800\" height=\"450\" src=\"https:\/\/jaxtoday.org\/wp-content\/uploads\/2021\/12\/i-mqfp4rW-L-edited.jpg\" alt=\"Escrivaninha Coglianese\" class=\"wp-image-4401\" srcset=\"https:\/\/jaxtoday.org\/wp-content\/uploads\/2021\/12\/i-mqfp4rW-L-edited.jpg 800w, https:\/\/jaxtoday.org\/wp-content\/uploads\/2021\/12\/i-mqfp4rW-L-edited-300x169.jpg 300w, https:\/\/jaxtoday.org\/wp-content\/uploads\/2021\/12\/i-mqfp4rW-L-edited-768x432.jpg 768w, https:\/\/jaxtoday.org\/wp-content\/uploads\/2021\/12\/i-mqfp4rW-L-edited-100x56.jpg 100w\" sizes=\"auto, (max-width: 800px) 100vw, 800px\"\/><figcaption><em>Anne Coglianese, diretora de resili\u00eancia de Jacksonville, trabalhando em sua mesa.<\/em><br \/><em>Cr\u00e9dito: Andrew Wiechman, WJCT Public Media<\/em><\/figcaption><\/figure>\n<p><strong>Qual voc\u00ea acha que ser\u00e1 o maior desafio ou obst\u00e1culo para voc\u00ea, pessoalmente, nessa fun\u00e7\u00e3o?<\/strong><\/p>\n<p>Honestamente, acho que o maior obst\u00e1culo \u00e9 o fato de que n\u00e3o sou de Jacksonville. Aprender a hist\u00f3ria de Jacksonville, ter uma imagem realmente clara de onde Jacksonville est\u00e1 agora, ser\u00e1 essencial para mim na orienta\u00e7\u00e3o de onde Jacksonville ir\u00e1 no futuro. <\/p>\n<p>Acho que agora estou na parte mais \u00edngreme da minha curva de aprendizado e provavelmente na parte mais dif\u00edcil dessa fun\u00e7\u00e3o. Mas uma vez que tenhamos uma estrat\u00e9gia de resili\u00eancia desenvolvida, uma vez que haja a contribui\u00e7\u00e3o das partes interessadas, dos departamentos da cidade, uma vez que tenhamos um plano, acho que execut\u00e1-lo deve ficar bem claro.<\/p>\n<p><strong>Qu\u00e3o importante \u00e9 para voc\u00ea, como nosso CRO, se envolver com a comunidade?<\/strong><\/p>\n<p>Acredito que \u00e9 fundamental que os moradores de Jacksonville sintam que t\u00eam influ\u00eancia no planejamento de resili\u00eancia da cidade, que entendam seus riscos, mas tamb\u00e9m se sintam capacitados para participar de parte da resolu\u00e7\u00e3o desses problemas. <\/p>\n<p>No momento, estou meio que reunindo dados b\u00e1sicos, e isso \u00e9 muita ci\u00eancia e muita engenharia. Mas ent\u00e3o o que fazemos sobre isso? Esse pr\u00f3ximo passo no processo realmente precisa ser apoiado pela comunidade e cocriado com os moradores.<\/p>\n<p><strong>Al\u00e9m de se defender contra os impactos das mudan\u00e7as clim\u00e1ticas, voc\u00ea acha importante que Jacksonville reduza sua pegada de carbono?<\/strong><\/p>\n<p>Acho que o governo federal realmente deveria estar orientando isso, e acho que nosso trabalho de resili\u00eancia realmente precisa se concentrar em coisas que tenham um impacto tang\u00edvel nos moradores, ent\u00e3o abordar nosso risco e abordar os impactos das mudan\u00e7as clim\u00e1ticas \u00e9 o ponto de entrada natural. Isso n\u00e3o significa que a porta esteja fechada no futuro, mas acho que se o governo federal n\u00e3o estiver realmente orientando esse trabalho, n\u00e3o faz muito sentido para nenhuma cidade individual se dobrar para tr\u00e1s para implementar algumas dessas medidas de mitiga\u00e7\u00e3o clim\u00e1tica. <\/p>\n<p>No final do dia, quer cortemos as emiss\u00f5es hoje, amanh\u00e3 ou na semana que vem, veremos os impactos das mudan\u00e7as clim\u00e1ticas pelos pr\u00f3ximos 40 a 50 anos. E ent\u00e3o \u00e9 mais importante, da perspectiva do governo local, que estejamos fazendo interven\u00e7\u00f5es que possam realmente proteger os moradores de Jacksonville.<\/p>\n<figure class=\"wp-block-image size-large\"><img loading=\"lazy\" decoding=\"async\" width=\"1024\" height=\"575\" src=\"https:\/\/jaxtoday.org\/wp-content\/uploads\/2021\/09\/IMG_7920-scaled-1-1024x575.jpg\" alt=\"Coglianese na Prefeitura\" class=\"wp-image-5344\" srcset=\"https:\/\/jaxtoday.org\/wp-content\/uploads\/2021\/09\/IMG_7920-scaled-1-1024x575.jpg 1024w, https:\/\/jaxtoday.org\/wp-content\/uploads\/2021\/09\/IMG_7920-scaled-1-800x450.jpg 800w, https:\/\/jaxtoday.org\/wp-content\/uploads\/2021\/09\/IMG_7920-scaled-1-1200x675.jpg 1200w, https:\/\/jaxtoday.org\/wp-content\/uploads\/2021\/09\/IMG_7920-scaled-1-300x168.jpg 300w, https:\/\/jaxtoday.org\/wp-content\/uploads\/2021\/09\/IMG_7920-scaled-1-768x431.jpg 768w, https:\/\/jaxtoday.org\/wp-content\/uploads\/2021\/09\/IMG_7920-scaled-1-1536x862.jpg 1536w, https:\/\/jaxtoday.org\/wp-content\/uploads\/2021\/09\/IMG_7920-scaled-1-2048x1150.jpg 2048w, https:\/\/jaxtoday.org\/wp-content\/uploads\/2021\/09\/IMG_7920-scaled-1-100x56.jpg 100w, https:\/\/jaxtoday.org\/wp-content\/uploads\/2021\/09\/IMG_7920-scaled-1-1650x926.jpg 1650w\" sizes=\"auto, (max-width: 1024px) 100vw, 1024px\"\/><figcaption>A diretora de resili\u00eancia de Jacksonville, Anne Coglianese, em p\u00e9 no sagu\u00e3o da Prefeitura.<\/figcaption><\/figure>\n<p><strong>Os defensores do meio ambiente est\u00e3o muito animados com sua chegada. Voc\u00ea est\u00e1 preocupado que muita expectativa ou esperan\u00e7a esteja sendo colocada em seus ombros?<\/strong><\/p>\n<p>Eu nunca diria que voc\u00ea tem muita esperan\u00e7a. Acho que esperan\u00e7a \u00e9 uma coisa boa e acho que manter esse trabalho aspiracional nos impulsiona a criar solu\u00e7\u00f5es aspiracionais.<\/p>\n<p>Eu diria que estou tendo a sensa\u00e7\u00e3o de que h\u00e1 algumas pessoas na comunidade que acham que agora que uma CRO foi contratada, Jacksonville nunca mais ser\u00e1 atingida por um furac\u00e3o ou nunca teremos uma gota de inunda\u00e7\u00e3o. O fato \u00e9 que isso levar\u00e1 tempo. <\/p>\n<p>Este \u00e9 um grande desafio que estamos enfrentando, ent\u00e3o acho que as pessoas devem esperar que este trabalho se desenvolva com muito cuidado. Mas o objetivo \u00e9 faz\u00ea-lo corretamente e garantir que qualquer solu\u00e7\u00e3o que estejamos buscando nos pr\u00f3ximos dois a cinco anos realmente tenha pernas para os pr\u00f3ximos 10 a 20. Isso s\u00f3 requer que tenhamos certeza de que estamos come\u00e7ando com o p\u00e9 direito.<\/p>\n<p><strong>Qual \u00e9 o primeiro passo para uma River City mais resiliente?<\/strong><\/p>\n<p>Eu realmente acredito que esse trabalho precisa ser desenvolvido com base na melhor ci\u00eancia, dados e modelos. Temos um pouco disso, mas certamente h\u00e1 mais estudos que eu quero ter certeza de que sejam feitos antes de tomarmos algumas dessas decis\u00f5es de larga escala.<\/p>\n<p>O Departamento de Obras P\u00fablicas da cidade est\u00e1 atualmente trabalhando em uma avalia\u00e7\u00e3o de vulnerabilidade, que iremos expandir no pr\u00f3ximo ano. Ent\u00e3o teremos uma imagem de base realmente boa de quais ativos em Jacksonville est\u00e3o em risco, e ent\u00e3o, conforme criamos projetos de resili\u00eancia, podemos mirar em grupos cr\u00edticos de ativos, grupos onde h\u00e1 muita atividade residencial, onde h\u00e1 comunidades que est\u00e3o em uma posi\u00e7\u00e3o vulner\u00e1vel.<\/p>\n<\/div>\n<p><br \/>\n<br \/><a href=\"https:\/\/jaxtoday.org\/2021\/09\/29\/a-qa-with-jacksonvilles-first-ever-chief-resilience-officer\/#comment-23\">Source link <\/a><\/p>","protected":false},"excerpt":{"rendered":"<p>Ou\u00e7a a conversa completa com Anne Coglianese no Podcast ADAPT. Anne Coglianese, a primeira CRO de Jacksonville, est\u00e1 no cargo desde julho de 2021. Ela veio para Jacksonville de Nova&hellip;<\/p>","protected":false},"author":1,"featured_media":25364,"comment_status":"closed","ping_status":"open","sticky":false,"template":"","format":"standard","meta":{"content-type":"","footnotes":""},"categories":[1],"tags":[12120],"class_list":["post-29452","post","type-post","status-publish","format-standard","has-post-thumbnail","hentry","category-uncategorized","tag-novo-layout"],"_links":{"self":[{"href":"https:\/\/tvbrazilusa.com\/pt\/wp-json\/wp\/v2\/posts\/29452","targetHints":{"allow":["GET"]}}],"collection":[{"href":"https:\/\/tvbrazilusa.com\/pt\/wp-json\/wp\/v2\/posts"}],"about":[{"href":"https:\/\/tvbrazilusa.com\/pt\/wp-json\/wp\/v2\/types\/post"}],"author":[{"embeddable":true,"href":"https:\/\/tvbrazilusa.com\/pt\/wp-json\/wp\/v2\/users\/1"}],"replies":[{"embeddable":true,"href":"https:\/\/tvbrazilusa.com\/pt\/wp-json\/wp\/v2\/comments?post=29452"}],"version-history":[{"count":1,"href":"https:\/\/tvbrazilusa.com\/pt\/wp-json\/wp\/v2\/posts\/29452\/revisions"}],"predecessor-version":[{"id":29453,"href":"https:\/\/tvbrazilusa.com\/pt\/wp-json\/wp\/v2\/posts\/29452\/revisions\/29453"}],"wp:featuredmedia":[{"embeddable":true,"href":"https:\/\/tvbrazilusa.com\/pt\/wp-json\/wp\/v2\/media\/25364"}],"wp:attachment":[{"href":"https:\/\/tvbrazilusa.com\/pt\/wp-json\/wp\/v2\/media?parent=29452"}],"wp:term":[{"taxonomy":"category","embeddable":true,"href":"https:\/\/tvbrazilusa.com\/pt\/wp-json\/wp\/v2\/categories?post=29452"},{"taxonomy":"post_tag","embeddable":true,"href":"https:\/\/tvbrazilusa.com\/pt\/wp-json\/wp\/v2\/tags?post=29452"}],"curies":[{"name":"wp","href":"https:\/\/api.w.org\/{rel}","templated":true}]}}