{"id":29459,"date":"2024-08-28T18:43:58","date_gmt":"2024-08-28T18:43:58","guid":{"rendered":"https:\/\/tvbrazilusa.com\/2024\/08\/28\/a-execucao-do-assassino-da-florida-nao-deve-ser-adiada-dizem-os-promotores-relatorio\/"},"modified":"2024-08-28T19:01:27","modified_gmt":"2024-08-28T19:01:27","slug":"a-execucao-do-assassino-da-florida-nao-deve-ser-adiada-dizem-os-promotores-relatorio","status":"publish","type":"post","link":"https:\/\/tvbrazilusa.com\/pt\/2024\/08\/28\/a-execucao-do-assassino-da-florida-nao-deve-ser-adiada-dizem-os-promotores-relatorio\/","title":{"rendered":"A execu\u00e7\u00e3o do assassino da Fl\u00f3rida n\u00e3o deve ser adiada, dizem os promotores: relat\u00f3rio"},"content":{"rendered":"<p> <script async src=\"https:\/\/pagead2.googlesyndication.com\/pagead\/js\/adsbygoogle.js?client=ca-pub-8864793242727901\"\r\n     crossorigin=\"anonymous\"><\/script><br \/>\n<\/p>\n<div id=\"main\">\n<section class=\"styles_Section__qMdG9\">\n<article class=\"styles_Section__card__4Uoov\">\n<div class=\"styles_HTMLContent__LDG2k\">\n<p>FL\u00d3RIDA \u2014 Os promotores estaduais dizem que a execu\u00e7\u00e3o de um <a href=\"https:\/\/apnews.com\/article\/florida-death-penalty-appeal-desantis-supreme-court-11890a738bba2644e7d2d8a5f2860437\" target=\"_blank\" rel=\"nofollow noopener\">Homem da Fl\u00f3rida<\/a> A quinta-feira deve continuar conforme o planejado, pois acreditam que ele demorou muito para levantar preocupa\u00e7\u00f5es sobre os sintomas de Parkinson, informou a Associated Press na ter\u00e7a-feira.<\/p>\n<\/div>\n<div class=\"styles_HTMLContent__LDG2k\">\n<p><a href=\"https:\/\/patch.com\/florida\/across-fl\/convicted-fl-murderer-set-execution-files-stay-request-report\" target=\"_blank\" rel=\"nofollow noopener\">Loran K. Cole<\/a>57, ser\u00e1 executado por inje\u00e7\u00e3o letal \u00e0s 18h de quinta-feira na Pris\u00e3o Estadual da Fl\u00f3rida, ap\u00f3s ser condenado por matar um homem e estuprar a irm\u00e3 dele em fevereiro de 1994 na Floresta Nacional de Ocala.<\/p>\n<p><a href=\"https:\/\/acis-api.flcourts.gov\/courts\/68f021c4-6a44-4735-9a76-5360b2e8af13\/cms\/case\/b58c38e1-ec6a-4491-b2d2-cbf5d5a40972\/docketentrydocuments\/17cd0756-84c1-4ad9-9e2c-33f9f17ab480\" target=\"_blank\" rel=\"nofollow noopener\">Governador Ron DeSantis<\/a> em 29 de julho assinou a senten\u00e7a de morte de Cole. <\/p>\n<\/div>\n<div class=\"ContentBlocks_CardDetail__SubscribeBlock__4zBcQ ContentBlocks_CardDetail__SubscribeBlock--mobile__18tT_\">\n<section class=\"styles_SubscribeForm__0dj5n\">\n<h2 class=\"styles_SubscribeForm__title__F_olP\">Descubra o que est\u00e1 acontecendo em Across Florida<span class=\"styles_SubscribeForm__title--nextLine__FTO3K\">com atualiza\u00e7\u00f5es gratuitas e em tempo real do Patch.<\/span><\/h2>\n<\/section>\n<\/div>\n<div class=\"styles_HTMLContent__LDG2k\">\n<p>Cole entrou com um pedido de suspens\u00e3o na Suprema Corte dos EUA na segunda-feira, alegando que o uso de um &#8220;coquetel de drogas&#8221; pode causar &#8220;dor e sofrimento desnecess\u00e1rios&#8221; devido aos sintomas da doen\u00e7a de Parkinson, informou a Associated Press. <\/p>\n<hr\/>\n<p><strong>RELACIONADO: <\/strong><a href=\"https:\/\/patch.com\/florida\/across-fl\/convicted-fl-murderer-set-execution-files-stay-request-report\" target=\"_blank\" rel=\"noopener\"><strong>Assassino condenado da Fl\u00f3rida pronto para execu\u00e7\u00e3o registra pedido de suspens\u00e3o: Relat\u00f3rio<\/strong><\/a><\/p>\n<\/div>\n<div class=\"ContentBlocks_CardDetail__SubscribeBlock__4zBcQ ContentBlocks_CardDetail__SubscribeBlock--desktop__oN6vv\">\n<section class=\"styles_SubscribeForm__0dj5n\">\n<h2 class=\"styles_SubscribeForm__title__F_olP\">Descubra o que est\u00e1 acontecendo em Across Florida<span class=\"styles_SubscribeForm__title--nextLine__FTO3K\">com atualiza\u00e7\u00f5es gratuitas e em tempo real do Patch.<\/span><\/h2>\n<\/section>\n<\/div>\n<div class=\"styles_HTMLContent__LDG2k\">\n<hr\/>\n<p>\u201cCole sabia h\u00e1 pelo menos sete anos que estava sofrendo sintomas da doen\u00e7a de Parkinson, mas adiou a apresenta\u00e7\u00e3o de qualquer reivindica\u00e7\u00e3o contestando a inje\u00e7\u00e3o letal aplicada a ele at\u00e9 que sua senten\u00e7a de morte fosse assinada. Nada o impediu de faz\u00ea-lo\u201d, disse o gabinete do procurador-geral da Fl\u00f3rida, Ashley Moody, em um processo judicial na ter\u00e7a-feira, segundo a Associated Press.<\/p>\n<p>No pedido de suspens\u00e3o, os advogados argumentaram que a execu\u00e7\u00e3o n\u00e3o ser\u00e1 realizada \u201cde forma segura e humana\u201d devido a <a href=\"https:\/\/www.wfla.com\/news\/florida\/a-florida-man-set-to-be-executed-this-week-appeals-to-the-us-supreme-court-for-a-stay\/\" target=\"_blank\" rel=\"nofollow noopener\">Sintomas de Parkinson de Cole<\/a>WFLA relatou anteriormente. Advogados argumentaram que a execu\u00e7\u00e3o pode causar &#8220;movimentos corporais involunt\u00e1rios&#8221;, informou o canal de not\u00edcias.<\/p>\n<\/div>\n<div class=\"styles_HTMLContent__LDG2k\">\n<p>Cole foi condenado por pular e roubar dois irm\u00e3os no <a href=\"https:\/\/patch.com\/florida\/across-fl\/execution-set-convicted-rapist-murderer-fl-prison-report\" target=\"_blank\" rel=\"noopener\">Floresta Nacional de Ocala<\/a> com um amigo &#8211; deixando o irm\u00e3o espancado na floresta e levando a irm\u00e3 para um acampamento, onde Cole foi acusado de estupr\u00e1-la, informou a Associated Press anteriormente, citando registros judiciais.<\/p>\n<p>Se executado, Cole ser\u00e1 a primeira pessoa a ser executada na Fl\u00f3rida desde outubro.<\/p>\n<\/div>\n<hr\/>\n<p>Receba mais not\u00edcias locais diretamente na sua caixa de entrada.<!-- --> <a target=\"_blank\" href=\"http:\/\/patch.com\/subscribe\" class=\"\" rel=\"noopener\">Cadastre-se para receber gratuitamente boletins informativos e alertas sobre o Patch.<\/a><\/article>\n<p class=\"styles_Disclaimer__ZEDTU\">Para solicitar a remo\u00e7\u00e3o do seu nome de um relat\u00f3rio de pris\u00e3o, envie<!-- --> <a target=\"_blank\" href=\"https:\/\/patch.com\/us\/across-america\/how-remove-your-information-patch\" class=\"\" rel=\"noopener\">esses itens obrigat\u00f3rios<\/a> <!-- -->para<!-- --> <a target=\"_blank\" href=\"http:\/\/patch.com\/florida\/across-fl\/mailto:arrestreports@patch.com\" class=\"\" rel=\"noopener\">arrestreports@patch.com<\/a>.<\/p>\n<\/section>\n<section class=\"block\"\/><\/div>\n<p><br \/>\n<br \/><a href=\"http:\/\/patch.com\/florida\/across-fl\/execution-fl-man-should-not-be-delayed-state-attorneys-say-report?utm_source=article-mostrecent&#038;utm_medium=rss&#038;utm_term=crime%20%26%20safety&#038;utm_campaign=recirc&#038;utm_content=aol\">Source link <\/a><\/p>","protected":false},"excerpt":{"rendered":"<p>FL\u00d3RIDA \u2014 Os promotores estaduais dizem que a execu\u00e7\u00e3o de um Homem da Fl\u00f3rida A quinta-feira deve continuar conforme o planejado, pois acreditam que ele demorou muito para levantar preocupa\u00e7\u00f5es&hellip;<\/p>","protected":false},"author":1,"featured_media":29460,"comment_status":"closed","ping_status":"open","sticky":false,"template":"","format":"standard","meta":{"content-type":"","footnotes":""},"categories":[1],"tags":[],"class_list":["post-29459","post","type-post","status-publish","format-standard","has-post-thumbnail","hentry","category-uncategorized"],"_links":{"self":[{"href":"https:\/\/tvbrazilusa.com\/pt\/wp-json\/wp\/v2\/posts\/29459","targetHints":{"allow":["GET"]}}],"collection":[{"href":"https:\/\/tvbrazilusa.com\/pt\/wp-json\/wp\/v2\/posts"}],"about":[{"href":"https:\/\/tvbrazilusa.com\/pt\/wp-json\/wp\/v2\/types\/post"}],"author":[{"embeddable":true,"href":"https:\/\/tvbrazilusa.com\/pt\/wp-json\/wp\/v2\/users\/1"}],"replies":[{"embeddable":true,"href":"https:\/\/tvbrazilusa.com\/pt\/wp-json\/wp\/v2\/comments?post=29459"}],"version-history":[{"count":1,"href":"https:\/\/tvbrazilusa.com\/pt\/wp-json\/wp\/v2\/posts\/29459\/revisions"}],"predecessor-version":[{"id":29461,"href":"https:\/\/tvbrazilusa.com\/pt\/wp-json\/wp\/v2\/posts\/29459\/revisions\/29461"}],"wp:featuredmedia":[{"embeddable":true,"href":"https:\/\/tvbrazilusa.com\/pt\/wp-json\/wp\/v2\/media\/29460"}],"wp:attachment":[{"href":"https:\/\/tvbrazilusa.com\/pt\/wp-json\/wp\/v2\/media?parent=29459"}],"wp:term":[{"taxonomy":"category","embeddable":true,"href":"https:\/\/tvbrazilusa.com\/pt\/wp-json\/wp\/v2\/categories?post=29459"},{"taxonomy":"post_tag","embeddable":true,"href":"https:\/\/tvbrazilusa.com\/pt\/wp-json\/wp\/v2\/tags?post=29459"}],"curies":[{"name":"wp","href":"https:\/\/api.w.org\/{rel}","templated":true}]}}