{"id":29462,"date":"2024-08-28T18:48:09","date_gmt":"2024-08-28T18:48:09","guid":{"rendered":"https:\/\/tvbrazilusa.com\/2024\/08\/28\/askjaxtdy-a-cidade-esta-consertando-a-cerca-quebrada-no-memorial-park-jacksonville-today\/"},"modified":"2024-08-28T19:13:43","modified_gmt":"2024-08-28T19:13:43","slug":"askjaxtdy-a-cidade-esta-consertando-a-cerca-quebrada-no-memorial-park-jacksonville-today","status":"publish","type":"post","link":"https:\/\/tvbrazilusa.com\/pt\/2024\/08\/28\/askjaxtdy-a-cidade-esta-consertando-a-cerca-quebrada-no-memorial-park-jacksonville-today\/","title":{"rendered":"#AskJAXTDY | A cidade est\u00e1 consertando a cerca quebrada no Memorial Park? &#8211; Jacksonville Today"},"content":{"rendered":"<p> <script async src=\"https:\/\/pagead2.googlesyndication.com\/pagead\/js\/adsbygoogle.js?client=ca-pub-8864793242727901\"\r\n     crossorigin=\"anonymous\"><\/script><br \/>\n<\/p>\n<div>\n<p><strong>P:<\/strong> <em>Jacksonville Hoje<\/em> a leitora Stacy K. pergunta sobre uma cerca danificada no Memorial Park, na curva da Riverside Avenue.<\/p>\n<p>Aparentemente, um ve\u00edculo colidiu com a cerca recentemente, dobrando parte da cerca de metal e danificando o muro abaixo dela.<\/p>\n<figure class=\"wp-block-pullquote\">\n<blockquote>\n<p>\u201cAlgum plano do Departamento de Parques para consertar os danos causados \u200b\u200bao muro da cerca do Memorial Park?\u201d<\/p>\n<\/blockquote>\n<\/figure>\n<p><strong>UM:<\/strong> O porta-voz da Prefeitura, Phillip Perry, confirma <em>Jacksonville Hoje<\/em> que de fato \u201cum carro bateu novamente nesta parte do muro\u201d.<\/p>\n<p>Ele passa adiante um e-mail de Daryl Joseph, diretor de Parques, Recrea\u00e7\u00e3o e Servi\u00e7os Comunit\u00e1rios da cidade, que diz que a cidade est\u00e1 \u201cpassando pelo processo de aquisi\u00e7\u00e3o para consertar o muro. Esperamos que o trabalho seja conclu\u00eddo at\u00e9 o outono deste ano.\u201d<\/p>\n<p>Uma verifica\u00e7\u00e3o na sexta-feira mostrou que o trabalho j\u00e1 est\u00e1 em andamento.<\/p>\n<figure class=\"wp-block-image size-large\"><figcaption class=\"wp-element-caption\">O trabalho continua para consertar uma cerca e um muro danificados na margem da Riverside Avenue do Memorial Park depois que um carro bateu nele. | Dan Scanlan, Jacksonville Today<\/figcaption><\/figure>\n<p>Enquanto t\u00ednhamos a aten\u00e7\u00e3o da Prefeitura, <em>Jacksonville Hoje<\/em> pediu uma atualiza\u00e7\u00e3o sobre outro problema no Memorial Park: as balaustradas danificadas ao longo do rio.<\/p>\n<p>Os ventos e as ondas do furac\u00e3o Idalia destru\u00edram as balaustradas esculpidas h\u00e1 cerca de um ano \u2014 <a href=\"https:\/\/jaxtoday.org\/2023\/08\/30\/memorial-park-balustrade-falls-victim-to-another-hurricane\/\">destruindo as mesmas balaustradas<\/a> a cidade foi reparada ap\u00f3s o furac\u00e3o Irma em 2017. <\/p>\n<p>Perry diz que o \u00faltimo projeto de reparo est\u00e1 \u201catualmente em andamento no projeto e foi atribu\u00eddo ao nosso contratante de projeto e constru\u00e7\u00e3o\u201d.<\/p>\n<p>\u201cN\u00f3s fornecemos a eles o pacote de crit\u00e9rios de design e esperamos receber a proposta nas pr\u00f3ximas semanas para seguir adiante\u201d, diz Perry. \u201cAinda n\u00e3o temos um ETA do projeto, mas devemos saber mais sobre isso depois de receber a proposta.\u201d<\/p>\n<figure class=\"wp-block-image size-large\"><img loading=\"lazy\" decoding=\"async\" width=\"1024\" height=\"576\" src=\"https:\/\/jaxtoday.org\/wp-content\/uploads\/2024\/08\/20240806_090020-1024x576.jpg\" alt=\"\" class=\"wp-image-75936\" srcset=\"https:\/\/jaxtoday.org\/wp-content\/uploads\/2024\/08\/20240806_090020-1024x576.jpg 1024w, https:\/\/jaxtoday.org\/wp-content\/uploads\/2024\/08\/20240806_090020-300x169.jpg 300w, https:\/\/jaxtoday.org\/wp-content\/uploads\/2024\/08\/20240806_090020-768x432.jpg 768w, https:\/\/jaxtoday.org\/wp-content\/uploads\/2024\/08\/20240806_090020-1536x864.jpg 1536w, https:\/\/jaxtoday.org\/wp-content\/uploads\/2024\/08\/20240806_090020-2048x1152.jpg 2048w, https:\/\/jaxtoday.org\/wp-content\/uploads\/2024\/08\/20240806_090020-800x450.jpg 800w, https:\/\/jaxtoday.org\/wp-content\/uploads\/2024\/08\/20240806_090020-1200x675.jpg 1200w, https:\/\/jaxtoday.org\/wp-content\/uploads\/2024\/08\/20240806_090020-427x240.jpg 427w, https:\/\/jaxtoday.org\/wp-content\/uploads\/2024\/08\/20240806_090020-100x56.jpg 100w, https:\/\/jaxtoday.org\/wp-content\/uploads\/2024\/08\/20240806_090020-1650x928.jpg 1650w\" sizes=\"auto, (max-width: 1024px) 100vw, 1024px\"\/><figcaption class=\"wp-element-caption\">O furac\u00e3o Idalia destruiu as balaustradas do Memorial Park em agosto de 2023, e os danos ainda eram evidentes depois que a tempestade tropical Debby passou por Jacksonville em 5 de agosto deste ano. | Dan Scanlan, Jacksonville Today<\/figcaption><\/figure>\n<p>Foram necess\u00e1rios quatro anos para substituir a balaustrada ap\u00f3s o furac\u00e3o Irma, mas a Memorial Park Association espera que os danos de 2023 possam ser reparados a tempo dos eventos que celebrar\u00e3o o centen\u00e1rio do parque hist\u00f3rico.<\/p>\n<p>Inaugurado em 1924 como Memorial da Primeira Guerra Mundial da Fl\u00f3rida, ele abriga a escultura Spiritualized Life e homenageia mais de 1.220 moradores da Fl\u00f3rida que morreram na Primeira Guerra Mundial. <\/p>\n<\/div>\n<p><br \/>\n<br \/><a href=\"https:\/\/jaxtoday.org\/2024\/08\/28\/askjaxtdy-is-the-city-fixing-the-smashed-fence-at-memorial-park\/\">Source link <\/a><\/p>","protected":false},"excerpt":{"rendered":"<p>P: Jacksonville Hoje a leitora Stacy K. pergunta sobre uma cerca danificada no Memorial Park, na curva da Riverside Avenue. Aparentemente, um ve\u00edculo colidiu com a cerca recentemente, dobrando parte&hellip;<\/p>","protected":false},"author":1,"featured_media":29463,"comment_status":"closed","ping_status":"open","sticky":false,"template":"","format":"standard","meta":{"content-type":"","footnotes":""},"categories":[1],"tags":[],"class_list":["post-29462","post","type-post","status-publish","format-standard","has-post-thumbnail","hentry","category-uncategorized"],"_links":{"self":[{"href":"https:\/\/tvbrazilusa.com\/pt\/wp-json\/wp\/v2\/posts\/29462","targetHints":{"allow":["GET"]}}],"collection":[{"href":"https:\/\/tvbrazilusa.com\/pt\/wp-json\/wp\/v2\/posts"}],"about":[{"href":"https:\/\/tvbrazilusa.com\/pt\/wp-json\/wp\/v2\/types\/post"}],"author":[{"embeddable":true,"href":"https:\/\/tvbrazilusa.com\/pt\/wp-json\/wp\/v2\/users\/1"}],"replies":[{"embeddable":true,"href":"https:\/\/tvbrazilusa.com\/pt\/wp-json\/wp\/v2\/comments?post=29462"}],"version-history":[{"count":1,"href":"https:\/\/tvbrazilusa.com\/pt\/wp-json\/wp\/v2\/posts\/29462\/revisions"}],"predecessor-version":[{"id":29464,"href":"https:\/\/tvbrazilusa.com\/pt\/wp-json\/wp\/v2\/posts\/29462\/revisions\/29464"}],"wp:featuredmedia":[{"embeddable":true,"href":"https:\/\/tvbrazilusa.com\/pt\/wp-json\/wp\/v2\/media\/29463"}],"wp:attachment":[{"href":"https:\/\/tvbrazilusa.com\/pt\/wp-json\/wp\/v2\/media?parent=29462"}],"wp:term":[{"taxonomy":"category","embeddable":true,"href":"https:\/\/tvbrazilusa.com\/pt\/wp-json\/wp\/v2\/categories?post=29462"},{"taxonomy":"post_tag","embeddable":true,"href":"https:\/\/tvbrazilusa.com\/pt\/wp-json\/wp\/v2\/tags?post=29462"}],"curies":[{"name":"wp","href":"https:\/\/api.w.org\/{rel}","templated":true}]}}