{"id":29465,"date":"2024-08-28T19:00:31","date_gmt":"2024-08-28T19:00:31","guid":{"rendered":"https:\/\/tvbrazilusa.com\/2024\/08\/28\/fundador-do-telegram-pavel-durov-transferido-da-custodia-policial-para-o-tribunal-apos-prisao-na-franca-wsvn-7news-noticias-de-miami-clima-esportes-fort-lauderdale\/"},"modified":"2024-08-28T19:14:37","modified_gmt":"2024-08-28T19:14:37","slug":"fundador-do-telegram-pavel-durov-transferido-da-custodia-policial-para-o-tribunal-apos-prisao-na-franca-wsvn-7news-noticias-de-miami-clima-esportes-fort-lauderdale","status":"publish","type":"post","link":"https:\/\/tvbrazilusa.com\/pt\/2024\/08\/28\/fundador-do-telegram-pavel-durov-transferido-da-custodia-policial-para-o-tribunal-apos-prisao-na-franca-wsvn-7news-noticias-de-miami-clima-esportes-fort-lauderdale\/","title":{"rendered":"Fundador do Telegram, Pavel Durov, transferido da cust\u00f3dia policial para o tribunal ap\u00f3s pris\u00e3o na Fran\u00e7a &#8211; WSVN 7News | Not\u00edcias de Miami, Clima, Esportes | Fort Lauderdale"},"content":{"rendered":"<p> <script async src=\"https:\/\/pagead2.googlesyndication.com\/pagead\/js\/adsbygoogle.js?client=ca-pub-8864793242727901\"\r\n     crossorigin=\"anonymous\"><\/script><br \/>\n<\/p>\n<div itemprop=\"articleBody\">\n<p>Paris (CNN) \u2014 O fundador do Telegram, Pavel Durov, foi libertado da cust\u00f3dia policial na Fran\u00e7a na quarta-feira e transferido para um tribunal para interrogat\u00f3rio antes de uma poss\u00edvel acusa\u00e7\u00e3o, disseram promotores \u00e0 CNN, dias ap\u00f3s sua pris\u00e3o dram\u00e1tica em um aeroporto de Paris.<\/p>\n<p>O bilion\u00e1rio nascido na R\u00fassia saiu do escrit\u00f3rio antifraude nos arredores de Paris no que parecia ser um ve\u00edculo policial na tarde de quarta-feira, de acordo com um produtor da CNN local.<\/p>\n<p>A promotoria de Paris disse que ele agora enfrentar\u00e1 \u201cinterrogat\u00f3rio inicial e poss\u00edvel indiciamento\u201d em um tribunal na capital francesa.<\/p>\n<p>Durov, 39, foi detido no Aeroporto de Bourget, em Paris, no s\u00e1bado, sob um mandado relacionado \u00e0 falta de modera\u00e7\u00e3o do Telegram. Ele estava sendo investigado por acusa\u00e7\u00f5es relacionadas a uma s\u00e9rie de crimes, incluindo alega\u00e7\u00f5es de que sua plataforma era c\u00famplice em ajudar fraudadores, traficantes de drogas e pessoas espalhando pornografia infantil.<\/p>\n<p>O aplicativo de Durov e sua falta de modera\u00e7\u00e3o de conte\u00fado tamb\u00e9m foram questionados por seu uso por grupos terroristas e extremistas de extrema direita.<\/p>\n<p>Ele foi colocado sob cust\u00f3dia por at\u00e9 96 horas, o per\u00edodo m\u00e1ximo que uma pessoa pode ficar detida pela lei francesa antes de ser acusada.<\/p>\n<p>A pris\u00e3o de Durov deu in\u00edcio a uma discuss\u00e3o sobre liberdade de express\u00e3o e causou preocupa\u00e7\u00f5es espec\u00edficas tanto na Ucr\u00e2nia quanto na R\u00fassia, onde a liberdade de express\u00e3o \u00e9 extremamente popular e se tornou uma ferramenta de comunica\u00e7\u00e3o essencial entre militares e cidad\u00e3os durante a guerra de Moscou contra seu vizinho.<\/p>\n<p>A R\u00fassia criticou Paris na quarta-feira pela deten\u00e7\u00e3o de Durov. A porta-voz do Minist\u00e9rio das Rela\u00e7\u00f5es Exteriores, Maria Zakharova, disse: \u201cParece-me que tudo isso demonstrou mais uma vez a verdadeira atitude da lideran\u00e7a francesa, que pisoteou descaradamente as normas internacionais no campo da prote\u00e7\u00e3o da liberdade de express\u00e3o e de opini\u00e3o, por apenas uma raz\u00e3o \u2013 porque se eles protegem certos padr\u00f5es, eles n\u00e3o devem apenas cumpri-los, eles devem proteg\u00ea-los e implement\u00e1-los.\u201d<\/p>\n<p>O Kremlin tentou acalmar os temores na R\u00fassia sobre o futuro do aplicativo, com o porta-voz do governo russo, Dmitry Peskov, tentando dissipar os apelos para que os usu\u00e1rios exclu\u00edssem suas mensagens confidenciais no aplicativo.<\/p>\n<p>O presidente franc\u00eas Emmanuel Macron disse na segunda-feira que a decis\u00e3o de apresentar acusa\u00e7\u00f5es contra Durov &#8220;n\u00e3o foi de forma alguma pol\u00edtica&#8221;, uma rara interven\u00e7\u00e3o de um l\u00edder franc\u00eas em uma quest\u00e3o judicial.<\/p>\n<p>O Telegram foi lan\u00e7ado em 2013 por Durov e seu irm\u00e3o, Nikolai. O aplicativo agora tem mais de 950 milh\u00f5es de usu\u00e1rios, de acordo com uma postagem de Durov no m\u00eas passado, tornando-o uma das plataformas de mensagens mais amplamente usadas no mundo.<\/p>\n<p>As conversas no aplicativo s\u00e3o criptografadas, o que significa que as ag\u00eancias de seguran\u00e7a p\u00fablica \u2014 e o pr\u00f3prio Telegram \u2014 t\u00eam pouca supervis\u00e3o sobre o que os usu\u00e1rios postam.<\/p>\n<p>Durov nasceu na Uni\u00e3o Sovi\u00e9tica em 1984 e, aos 20 anos, tornou-se coloquialmente conhecido como o &#8220;Mark Zuckerberg da R\u00fassia&#8221;. Ele deixou o pa\u00eds em 2014 e agora mora em Dubai, onde fica a sede do Telegram, al\u00e9m de ter cidadania francesa.<\/p>\n<p>Segundo a Bloomberg, ele tem uma fortuna estimada em US$ 9,15 bilh\u00f5es e manteve um estilo de vida luxuoso e viajante ao longo da \u00faltima d\u00e9cada.<\/p>\n<p>Mas, embora seu aplicativo tenha recebido elogios de grupos de liberdade de express\u00e3o e permitido a comunica\u00e7\u00e3o privada em pa\u00edses com regimes restritivos, os cr\u00edticos dizem que ele se tornou um ref\u00fagio seguro para pessoas que coordenam atividades il\u00edcitas \u2014 incluindo os terroristas que planejaram os ataques terroristas de Paris em novembro de 2015.<\/p>\n<p>\u201cVoc\u00ea n\u00e3o pode torn\u00e1-lo seguro contra criminosos e aberto para governos\u201d, disse Durov \u00e0 CNN em 2016. \u201cOu \u00e9 seguro ou n\u00e3o \u00e9 seguro.\u201d<\/p>\n<p><em>The-CNN-Wire\u2122 &#038; \u00a9 2024 Cable News Network, Inc., uma empresa Time Warner. Todos os direitos reservados.<\/em><\/p>\n<div class=\"wp-block-newsletter\">\n\t<strong class=\"wp-block-newsletter__title\">Inscreva-se em nossa Newsletter para receber as \u00faltimas not\u00edcias diretamente na sua caixa de entrada<\/strong><\/p>\n<\/div><\/div>\n<p><br \/>\n<br \/><a href=\"https:\/\/wsvn.com\/news\/us-world\/telegram-founder-pavel-durov-transferred-from-police-custody-to-court-after-arrest-in-france\/\">Source link <\/a><\/p>","protected":false},"excerpt":{"rendered":"<p>Paris (CNN) \u2014 O fundador do Telegram, Pavel Durov, foi libertado da cust\u00f3dia policial na Fran\u00e7a na quarta-feira e transferido para um tribunal para interrogat\u00f3rio antes de uma poss\u00edvel acusa\u00e7\u00e3o,&hellip;<\/p>","protected":false},"author":1,"featured_media":29466,"comment_status":"closed","ping_status":"open","sticky":false,"template":"","format":"standard","meta":{"content-type":"","footnotes":""},"categories":[1],"tags":[],"class_list":["post-29465","post","type-post","status-publish","format-standard","has-post-thumbnail","hentry","category-uncategorized"],"_links":{"self":[{"href":"https:\/\/tvbrazilusa.com\/pt\/wp-json\/wp\/v2\/posts\/29465","targetHints":{"allow":["GET"]}}],"collection":[{"href":"https:\/\/tvbrazilusa.com\/pt\/wp-json\/wp\/v2\/posts"}],"about":[{"href":"https:\/\/tvbrazilusa.com\/pt\/wp-json\/wp\/v2\/types\/post"}],"author":[{"embeddable":true,"href":"https:\/\/tvbrazilusa.com\/pt\/wp-json\/wp\/v2\/users\/1"}],"replies":[{"embeddable":true,"href":"https:\/\/tvbrazilusa.com\/pt\/wp-json\/wp\/v2\/comments?post=29465"}],"version-history":[{"count":1,"href":"https:\/\/tvbrazilusa.com\/pt\/wp-json\/wp\/v2\/posts\/29465\/revisions"}],"predecessor-version":[{"id":29467,"href":"https:\/\/tvbrazilusa.com\/pt\/wp-json\/wp\/v2\/posts\/29465\/revisions\/29467"}],"wp:featuredmedia":[{"embeddable":true,"href":"https:\/\/tvbrazilusa.com\/pt\/wp-json\/wp\/v2\/media\/29466"}],"wp:attachment":[{"href":"https:\/\/tvbrazilusa.com\/pt\/wp-json\/wp\/v2\/media?parent=29465"}],"wp:term":[{"taxonomy":"category","embeddable":true,"href":"https:\/\/tvbrazilusa.com\/pt\/wp-json\/wp\/v2\/categories?post=29465"},{"taxonomy":"post_tag","embeddable":true,"href":"https:\/\/tvbrazilusa.com\/pt\/wp-json\/wp\/v2\/tags?post=29465"}],"curies":[{"name":"wp","href":"https:\/\/api.w.org\/{rel}","templated":true}]}}