{"id":29468,"date":"2024-08-28T19:02:40","date_gmt":"2024-08-28T19:02:40","guid":{"rendered":"https:\/\/tvbrazilusa.com\/2024\/08\/28\/jerod-mayo-diz-que-escolheu-o-quarterback-titular-dos-patriots-e-notificara-a-equipe-na-quinta-feira\/"},"modified":"2024-08-28T19:16:00","modified_gmt":"2024-08-28T19:16:00","slug":"jerod-mayo-diz-que-escolheu-o-quarterback-titular-dos-patriots-e-notificara-a-equipe-na-quinta-feira","status":"publish","type":"post","link":"https:\/\/tvbrazilusa.com\/pt\/2024\/08\/28\/jerod-mayo-diz-que-escolheu-o-quarterback-titular-dos-patriots-e-notificara-a-equipe-na-quinta-feira\/","title":{"rendered":"Jerod Mayo diz que escolheu o quarterback titular dos Patriots e notificar\u00e1 a equipe na quinta-feira"},"content":{"rendered":"<p> <script async src=\"https:\/\/pagead2.googlesyndication.com\/pagead\/js\/adsbygoogle.js?client=ca-pub-8864793242727901\"\r\n     crossorigin=\"anonymous\"><\/script><br \/>\n<\/p>\n<div id=\"\">\n<header class=\"m-article-header m-article-header--standard\">\n\t\t\t\t\t\t\t\t\t\t\t\t<span id=\"article-header-primary-term\"><br \/>\n\t\t\t\t\t\t\t\t<a class=\"a-term a-term--primary\" href=\"https:\/\/www.boston.com\/tag\/new-england-patriots\/\"><\/p>\n<p>\t\t\t\t\t\t\t\tPatriotas\t\t\t\t\t\t\t\t<\/a><br \/>\n\t\t\t\t\t\t\t<\/span><\/p>\n<h2 class=\"m-article-header__sub-headline\">Mayo disse que sabe quem come\u00e7ar\u00e1 contra Cincinnati.<\/h2>\n<figure class=\"a-photo m-article-header__photo\"><figcaption class=\"a-photo__caption\">\n<p>\tDrake Maye e Jacoby Brissett<em> John Tlumacki\/Equipe Globe<\/em>\t<\/figcaption><\/figure>\n<\/header>\n<div class=\"m-block t-amp__list-container m-article-list-container  m-article-list-container--frame-border a-border-frame  a-list-header__headline--red m-article-list--alternative--default  m-article-list--floated\">\n<ul class=\"t-amp__list a-list--no-style m-article-list m-article-list--recirculation m-article-list--has-images\">\n<li class=\"m-article-list__item m-article-list__item--featured\">\n\t\t\t\t<a class=\"m-article-list__link-wrapper\" href=\"https:\/\/www.boston.com\/sports\/business\/2024\/08\/28\/nfl-owners-newly-endorse-private-equity-stakes\/\" data-p1=\"article_recirc_inline_feature\"><br \/>\n\t\t\t\t<img fetchpriority=\"high\" decoding=\"async\" width=\"768\" height=\"432\" src=\"https:\/\/bdc2020.o0bc.com\/wp-content\/uploads\/2024\/08\/NFL_Owners_Football_61453-66cf10b2cb89e-768x432.jpg\" class=\"t-amp__list-image m-article-list__image m-article-list__image--full wp-post-image\" alt=\"O propriet\u00e1rio do Kansas City Chiefs, Clark Hunt, fala em nome do comit\u00ea especial da NFL sobre pol\u00edtica de propriedade em Minnesota, ter\u00e7a-feira, 27 de agosto de 2024.\" aria-hidden=\"true\" srcset=\"https:\/\/bdc2020.o0bc.com\/wp-content\/uploads\/2024\/08\/NFL_Owners_Football_61453-66cf10b2cb89e-768x432.jpg?width=200 200w, https:\/\/bdc2020.o0bc.com\/wp-content\/uploads\/2024\/08\/NFL_Owners_Football_61453-66cf10b2cb89e-768x432.jpg?width=300 300w, https:\/\/bdc2020.o0bc.com\/wp-content\/uploads\/2024\/08\/NFL_Owners_Football_61453-66cf10b2cb89e-768x432.jpg?width=400 400w, https:\/\/bdc2020.o0bc.com\/wp-content\/uploads\/2024\/08\/NFL_Owners_Football_61453-66cf10b2cb89e-768x432.jpg?width=500 500w, https:\/\/bdc2020.o0bc.com\/wp-content\/uploads\/2024\/08\/NFL_Owners_Football_61453-66cf10b2cb89e-768x432.jpg?width=600 600w, https:\/\/bdc2020.o0bc.com\/wp-content\/uploads\/2024\/08\/NFL_Owners_Football_61453-66cf10b2cb89e-768x432.jpg?width=700 700w, https:\/\/bdc2020.o0bc.com\/wp-content\/uploads\/2024\/08\/NFL_Owners_Football_61453-66cf10b2cb89e-768x432.jpg?width=800 800w, https:\/\/bdc2020.o0bc.com\/wp-content\/uploads\/2024\/08\/NFL_Owners_Football_61453-66cf10b2cb89e-768x432.jpg?width=900 900w\" sizes=\"(max-width: 768px) 100vw, 768px\"\/>\t\t\t\t\t<\/p>\n<p><h4 class=\"m-article-list__headline t-amp__list-headline\">\n\t\t\t\t\t\t\t<span class=\"m-article-list__link a-link a-link--inline a-link--text-link a-link--text-link-dark\"><\/p>\n<p>\t\t\t\t\t\t\tPropriet\u00e1rios da NFL recentemente endossam participa\u00e7\u00f5es de capital privado de at\u00e9 10% em equipes por empresas aprovadas pela liga\t\t\t\t\t\t\t<\/span><br \/>\n\t\t\t\t\t\t<\/h4>\n<\/p>\n<p>\t\t\t\t<\/a>\n\t\t\t<\/li>\n<li class=\"m-article-list__item\">\n\t\t\t\t\t\t<a class=\"m-article-list__link-wrapper\" href=\"https:\/\/www.boston.com\/culture\/entertainment\/2024\/08\/28\/travis-jason-kelce-new-heights-podcast-amazons-wondery\/\" data-p1=\"article_recirc_inline_feed\"><\/p>\n<p><h4 class=\"m-article-list__headline\">\n\t\t\t\t\t\t\t\t\t<span class=\"m-article-list__link a-link a-link--inline a-link--text-link a-link--text-link-dark\"><\/p>\n<p>\t\t\t\t\t\t\t\t\tKelces lucram: Travis e Jason Kelce levam o popular podcast &#8216;New Heights&#8217; para o Wondery da Amazon\t\t\t\t\t\t\t\t\t<\/span><br \/>\n\t\t\t\t\t\t\t\t<\/h4>\n<\/p>\n<p>\t\t\t\t\t\t<\/a>\n\t\t\t\t\t<\/li>\n<\/ul>\n<\/div>\n<p>A escolha est\u00e1 feita. <\/p>\n<p><a href=\"https:\/\/www.patriots.com\/team\/coaches-roster\/jerod-mayo\">Treinador dos Patriots, Jerod Mayo<\/a> disse aos rep\u00f3rteres na quarta-feira que decidiu qual quarterback ser\u00e1 titular pelos Patriots na abertura da temporada contra Cincinnati em 8 de setembro. <\/p>\n<p>Ele n\u00e3o contou aos rep\u00f3rteres qual quarterback ele escolheu. <\/p>\n<p>\u201cTomamos uma decis\u00e3o, s\u00f3 n\u00e3o a comunicamos. Honestamente, quero que esses caras ou\u00e7am isso primeiro de mim antes de ouvirem de outra pessoa.\u201d<\/p>\n<p>Quarta-feira foi um dia agitado, pois os Patriots continuaram trabalhando em seu elenco ap\u00f3s reduzi-lo para 53 jogadores na ter\u00e7a-feira, explicou Mayo quando perguntado por que o an\u00fancio n\u00e3o p\u00f4de ser feito naquele momento. <\/p>\n<p>\u201cPor mais que voc\u00ea queira ter reuni\u00f5es de equipe, \u00e0s vezes o tempo n\u00e3o permite\u201d, disse Mayo. <\/p>\n<p>Os Patriots est\u00e3o escolhendo entre o quarterback veterano <a href=\"https:\/\/www.espn.com\/nfl\/player\/_\/id\/2578570\/jacoby-brissett\">Jacoby Brissett <\/a>e a terceira escolha geral <a href=\"https:\/\/www.boston.com\/sports\/new-england-patriots\/2024\/08\/25\/watch-drake-maye-loses-a-shoe-and-completes-pass-for-first-down-anyway\/\">Drake Maye \u00e9 um cantor e compositor. <\/a>Mayo confirmou que ele tem a palavra final sobre qual quarterback ser\u00e1 titular. <\/p>\n<p>\u201cSe voc\u00ea quiser falar sobre o processo, Alex (Van Pelt) e eu teremos essas conversas, mas ele tamb\u00e9m recebe informa\u00e7\u00f5es de seus treinadores e, no final das contas, a decis\u00e3o \u00e9 minha.\u201d<\/p>\n<p>Mais tarde, Mayo acrescentou que Eliot Wolf contribuiu no processo de tomada de decis\u00e3o.<\/p>\n<p>\u201cEle definitivamente pesa, mas eu diria mais uma vez que a decis\u00e3o \u00e9 minha\u201d, disse Mayo. \u201cMuitas pessoas t\u00eam opini\u00f5es sobre as coisas e eu perdi um bocado de sono tentando pensar sobre essas coisas tamb\u00e9m, mas eu, no final das contas, colocaria isso em mim.\u201d<\/p>\n<p>Brissett disse durante uma entrevista recente no WEEI que acredita que ainda \u00e9 o quarterback titular. Brissett foi nomeado titular indo para o acampamento, mas um empurr\u00e3o tardio de Maye mudou a conversa e tornou a competi\u00e7\u00e3o muito mais acirrada. <\/p>\n<p>\u201cAcho que todos os jogadores, n\u00e3o apenas os quarterbacks, precisam ter essa confian\u00e7a de que devem ser titulares\u201d, disse Mayo. \u201cN\u00e3o vou me aprofundar muito nisso. Essa \u00e9 a opini\u00e3o dele e todos n\u00f3s temos uma.\u201d<\/p>\n<p>Mayo disse na semana passada que Maye superou Brissett. No entanto, h\u00e1 preocupa\u00e7\u00f5es sobre come\u00e7ar o quarterback novato atr\u00e1s de uma linha ofensiva que est\u00e1 com dificuldades. Mayo destacou que as coisas podem mudar depois que sua decis\u00e3o for anunciada. <\/p>\n<p>\u201cAcho que \u00e9 importante lembrar que o que \u00e9 bom para o time hoje pode n\u00e3o ser bom para o time semanas depois\u201d, disse Mayo. \u201cEnt\u00e3o, acho que o desafio \u00e9 que voc\u00ea quer vencer todos os jogos agora, mas tamb\u00e9m estamos tentando construir algo especial aqui.\u201d<\/p>\n<div class=\"m-block m-generic-cta\t m-generic-cta--post-content\t m-generic-cta--dark\t m-generic-cta--homepage\t m-generic-cta--email-signup\t\t m-generic-cta-block-style--default \tt-amp__generic-cta\"><\/p>\n<div class=\"m-generic-cta__wrap\">\n<div class=\"m-generic-cta__content\">\n<h3 class=\"m-generic-cta__title\">Inscreva-se para receber atualiza\u00e7\u00f5es dos Patriots\ud83c\udfc8<\/h3>\n<p class=\"m-generic-cta__subtitle\">Receba not\u00edcias de \u00faltima hora e an\u00e1lises na sua caixa de entrada durante a temporada de futebol.<\/p>\n<\/p><\/div>\n<\/p><\/div>\n<\/div><\/div>\n<p><script>\n\t\tvar consent=\"grant\";\n\t\t\/* The above code is parsing the JSON data from the local storage and storing it in a variable. *\/\n\t\t\t\t\tconst onetrustStorageConsent = JSON.parse(localStorage.getItem( 'consent_one_trust_bdc' ) );\n\t\t\tif ( ( onetrustStorageConsent !== null ) ) {\n\t\t\t\t\/* Checking to see if the user has consented to the use of cookies.\n\t\t\t\t* If they have not, it is deleting the cookie.\n\t\t\t\t* This will comment for now, until further notice.\n\t\t\t\t*\/\n\t\t\t\t\/\/if ( onetrustStorageConsent.C0002 === false ) {\n\t\t\t\t\/\/\tdocument.cookie=\"_fbp=;expires=Thu, 01 Jan 2010 00:00:00 UTC; path=\/; domain=.boston.com\";\n\t\t\t\t\/\/}\n\t\t\t\t\/* Checking if the user has given consent for the cookie C0002.\n\t\t\t\t* If the user has given consent, the variable consent will be set to 'grant'.\n\t\t\t\t* If the user has not given consent,the variable consent will be set to 'revoke'.\n\t\t\t\t* Documentation https:\/\/developers.facebook.com\/docs\/meta-pixel\/implementation\/gdpr\n\t\t\t\t*\/\n\t\t\t\tif ( onetrustStorageConsent.C0002 !== true ) {\n\t\t\t\t\tconsent=\"revoke\";\n\t\t\t\t}\n\t\t\t}\n\t\t\t\t!function(f,b,e,v,n,t,s)\n\t\t{if(f.fbq)return;n=f.fbq=function(){n.callMethod?\n\t\tn.callMethod.apply(n,arguments):n.queue.push(arguments)};\n\t\tif(!f._fbq)f._fbq=n;n.push=n;n.loaded=!0;n.version='2.0';\n\t\tn.queue=[];t=b.createElement(e);t.async=!0;\n\t\tt.src=v;s=b.getElementsByTagName(e)[0];\n\t\ts.parentNode.insertBefore(t,s)}(window, document,'script',\n\t\t'https:\/\/connect.facebook.net\/en_US\/fbevents.js');\n\t\tfbq('consent', consent);\n\t\tfbq('init', '989222871864976');\n\t\tfbq('track', 'PageView');\n\t<\/script><script type=\"module\">\n\t\tvar consent=\"grant\";\n\t\t\/* The above code is parsing the JSON data from the local storage and storing it in a variable. *\/\n\t\t\tconst onetrustStorageConsent = JSON.parse(localStorage.getItem( 'consent_one_trust_bdc' ) );\n\t\t\t\/* Checking to see if the user has consented to the use of cookies.\n\t\t\t* If they have not, it is deleting the cookie.\n\t\t\t* This will comment for now, until further notice.\n\t\t\t*\/\n\t\t\t\/\/if ( onetrustStorageConsent.C0002 === false ) {\n\t\t\t\/\/\tdocument.cookie=\"_fbp=;expires=Thu, 01 Jan 2010 00:00:00 UTC; path=\/; domain=.boston.com\";\n\t\t\t\/\/}\n\t\t\t\/* Checking if the user has given consent for the cookie C0002.\n\t\t\t* If the user has given consent, the variable consent will be set to 'grant'.\n\t\t\t* If the user has not given consent,the variable consent will be set to 'revoke'.\n\t\t\t* Documentation https:\/\/developers.facebook.com\/docs\/meta-pixel\/implementation\/gdpr\n\t\t\t*\/\n\t\t\tif ( ( onetrustStorageConsent !== null ) && (onetrustStorageConsent.C0002 !== true ) ) {\n\t\t\t\tconsent=\"revoke\";\n\t\t\t}\n\t\t\t\t!function(f,b,e,v,n,t,s){if(f.fbq)return;n=f.fbq=function()\n\t\t{n.callMethod? n.callMethod.apply(n,arguments):n.queue.push(arguments)}\n\t\t;if(!f._fbq)f._fbq=n;\n\t\tn.push=n;n.loaded=!0;n.version='2.0';n.queue=[];t=b.createElement(e);t.async=!0;\n\t\tt.src=v;s=b.getElementsByTagName(e)[0];s.parentNode.insertBefore(t,s)}(window,\n\t\tdocument,'script','https:\/\/connect.facebook.net\/en_US\/fbevents.js');\n\t\tfbq('consent', consent);\n\t\tfbq('init', '813236348753005');\n\t\tfbq('track', \"PageView\");\n\t<\/script><br \/>\n<br \/><br \/>\n<br \/><a href=\"https:\/\/www.boston.com\/sports\/new-england-patriots\/2024\/08\/28\/jerod-mayo-patriots-starting-quarterback-drake-maye-jacoby-brissett\/\">Source link <\/a><\/p>","protected":false},"excerpt":{"rendered":"<p>Patriotas Mayo disse que sabe quem come\u00e7ar\u00e1 contra Cincinnati. Drake Maye e Jacoby Brissett John Tlumacki\/Equipe Globe Propriet\u00e1rios da NFL recentemente endossam participa\u00e7\u00f5es de capital privado de at\u00e9 10% em&hellip;<\/p>","protected":false},"author":1,"featured_media":29469,"comment_status":"closed","ping_status":"open","sticky":false,"template":"","format":"standard","meta":{"content-type":"","footnotes":""},"categories":[1],"tags":[],"class_list":["post-29468","post","type-post","status-publish","format-standard","has-post-thumbnail","hentry","category-uncategorized"],"_links":{"self":[{"href":"https:\/\/tvbrazilusa.com\/pt\/wp-json\/wp\/v2\/posts\/29468","targetHints":{"allow":["GET"]}}],"collection":[{"href":"https:\/\/tvbrazilusa.com\/pt\/wp-json\/wp\/v2\/posts"}],"about":[{"href":"https:\/\/tvbrazilusa.com\/pt\/wp-json\/wp\/v2\/types\/post"}],"author":[{"embeddable":true,"href":"https:\/\/tvbrazilusa.com\/pt\/wp-json\/wp\/v2\/users\/1"}],"replies":[{"embeddable":true,"href":"https:\/\/tvbrazilusa.com\/pt\/wp-json\/wp\/v2\/comments?post=29468"}],"version-history":[{"count":1,"href":"https:\/\/tvbrazilusa.com\/pt\/wp-json\/wp\/v2\/posts\/29468\/revisions"}],"predecessor-version":[{"id":29470,"href":"https:\/\/tvbrazilusa.com\/pt\/wp-json\/wp\/v2\/posts\/29468\/revisions\/29470"}],"wp:featuredmedia":[{"embeddable":true,"href":"https:\/\/tvbrazilusa.com\/pt\/wp-json\/wp\/v2\/media\/29469"}],"wp:attachment":[{"href":"https:\/\/tvbrazilusa.com\/pt\/wp-json\/wp\/v2\/media?parent=29468"}],"wp:term":[{"taxonomy":"category","embeddable":true,"href":"https:\/\/tvbrazilusa.com\/pt\/wp-json\/wp\/v2\/categories?post=29468"},{"taxonomy":"post_tag","embeddable":true,"href":"https:\/\/tvbrazilusa.com\/pt\/wp-json\/wp\/v2\/tags?post=29468"}],"curies":[{"name":"wp","href":"https:\/\/api.w.org\/{rel}","templated":true}]}}