{"id":29497,"date":"2024-08-28T20:21:04","date_gmt":"2024-08-28T20:21:04","guid":{"rendered":"https:\/\/tvbrazilusa.com\/2024\/08\/28\/messi-se-junta-ao-grupo-de-treinamento-com-o-inter-miami-mais-um-passo-em-direcao-ao-seu-retorno-apos-lesao-no-tornozelo-wsvn-7news-noticias-de-miami-clima-esportes-fort-lauderdale\/"},"modified":"2024-08-28T20:28:01","modified_gmt":"2024-08-28T20:28:01","slug":"messi-se-junta-ao-grupo-de-treinamento-com-o-inter-miami-mais-um-passo-em-direcao-ao-seu-retorno-apos-lesao-no-tornozelo-wsvn-7news-noticias-de-miami-clima-esportes-fort-lauderdale","status":"publish","type":"post","link":"https:\/\/tvbrazilusa.com\/pt\/2024\/08\/28\/messi-se-junta-ao-grupo-de-treinamento-com-o-inter-miami-mais-um-passo-em-direcao-ao-seu-retorno-apos-lesao-no-tornozelo-wsvn-7news-noticias-de-miami-clima-esportes-fort-lauderdale\/","title":{"rendered":"Messi se junta ao grupo de treinamento com o Inter Miami, mais um passo em dire\u00e7\u00e3o ao seu retorno ap\u00f3s les\u00e3o no tornozelo &#8211; WSVN 7News | Not\u00edcias de Miami, Clima, Esportes | Fort Lauderdale"},"content":{"rendered":"<p> <script async src=\"https:\/\/pagead2.googlesyndication.com\/pagead\/js\/adsbygoogle.js?client=ca-pub-8864793242727901\"\r\n     crossorigin=\"anonymous\"><\/script><br \/>\n<\/p>\n<div itemprop=\"articleBody\">\n<p>FORT LAUDERDALE, Fl\u00f3rida (AP) \u2014 Lionel Messi retornou aos treinos em grupo com o Inter Miami na quarta-feira, mais de seis semanas depois de o capit\u00e3o argentino deixar a final da Copa Am\u00e9rica com uma tor\u00e7\u00e3o grave no tornozelo direito.<\/p>\n<p>Ainda n\u00e3o h\u00e1 um cronograma oficial para quando Messi, o oito vezes vencedor da Bola de Ouro, jogar\u00e1 novamente pelo Inter Miami \u2014 que tem o melhor recorde da Major League Soccer at\u00e9 agora nesta temporada. O Inter Miami visita Chicago no s\u00e1bado, e n\u00e3o retorna aos jogos da MLS at\u00e9 uma partida de 14 de setembro com o Philadelphia. Se Messi n\u00e3o jogar neste fim de semana, isso significa que ele ter\u00e1 mais duas semanas para continuar a reabilita\u00e7\u00e3o antes de retornar \u00e0 a\u00e7\u00e3o do jogo.<\/p>\n<p>Messi n\u00e3o foi selecionado pela Argentina para jogar nas eliminat\u00f3rias da Copa do Mundo no in\u00edcio de setembro.<\/p>\n<p>\u201cV\u00ea-lo em campo \u00e9 \u00f3timo\u201d, disse o goleiro do Inter Miami Drake Callender ap\u00f3s o treino de quarta-feira. \u201cSei que ele est\u00e1 recebendo tratamento todos os dias, treinando todos os dias. Ele j\u00e1 lidou com coisas antes. Ele j\u00e1 esteve l\u00e1, fez isso e continua fazendo isso no mais alto n\u00edvel. V\u00ea-lo se recuperar do tipo de les\u00e3o que vimos na Copa Am\u00e9rica e estar dispon\u00edvel para n\u00f3s nesta temporada mostra a qualidade do atendimento que temos aqui.\u201d<\/p>\n<p>Messi tem 12 gols e 13 assist\u00eancias em 12 jogos da MLS com o Inter Miami nesta temporada. Ele perdeu 14 partidas da liga do clube, incluindo cada uma das \u00faltimas oito, seja porque estava jogando pela Argentina ou se recuperando de uma les\u00e3o no tornozelo. Tamb\u00e9m perdeu Messi nesse per\u00edodo: todas as quatro partidas do Inter Miami na Copa da Liga, enquanto o time tentava defender o trof\u00e9u que ganhou h\u00e1 um ano.<\/p>\n<p>Messi jogou pela \u00faltima vez em 14 de julho, saindo no segundo tempo da vit\u00f3ria da Argentina sobre a Col\u00f4mbia na final da Copa Am\u00e9rica. Ele estava lidando com problemas nas pernas durante todo o torneio, al\u00e9m de ter sa\u00eddo de campo brevemente no primeiro tempo da final por causa de um problema no tornozelo esquerdo \u2014 ent\u00e3o se machucou novamente no segundo tempo e teve que sair de vez.<\/p>\n<p>Se Messi n\u00e3o jogar at\u00e9 a partida de 14 de setembro, ele ter\u00e1 tido exatamente dois meses para se recuperar e se reabilitar, al\u00e9m de se preparar para os playoffs da MLS. O Inter Miami \u00e9 o \u00fanico time at\u00e9 agora a ter garantido uma vaga nos playoffs e est\u00e1 atualmente quatro pontos \u00e0 frente \u2014 com uma partida a menos \u2014 do LA Galaxy pelo melhor recorde geral na MLS.<\/p>\n<p>\u201cConseguir traz\u00ea-lo de volta\u201d, disse Callender, \u201cser\u00e1 algo enorme\u201d.<\/p>\n<p><em>Copyright 2024 The Associated Press. Todos os direitos reservados. Este material n\u00e3o pode ser publicado, transmitido, reescrito ou redistribu\u00eddo.<\/em><\/p>\n<div class=\"wp-block-newsletter\">\n\t<strong class=\"wp-block-newsletter__title\">Inscreva-se em nossa Newsletter para receber as \u00faltimas not\u00edcias diretamente na sua caixa de entrada<\/strong><\/p>\n<\/div><\/div>\n<p><br \/>\n<br \/><a href=\"https:\/\/wsvn.com\/sports\/messi-joins-group-training-with-inter-miami-another-step-toward-his-return-after-ankle-injury\/\">Source link <\/a><\/p>","protected":false},"excerpt":{"rendered":"<p>FORT LAUDERDALE, Fl\u00f3rida (AP) \u2014 Lionel Messi retornou aos treinos em grupo com o Inter Miami na quarta-feira, mais de seis semanas depois de o capit\u00e3o argentino deixar a final&hellip;<\/p>","protected":false},"author":1,"featured_media":29498,"comment_status":"closed","ping_status":"open","sticky":false,"template":"","format":"standard","meta":{"content-type":"","footnotes":""},"categories":[1],"tags":[],"class_list":["post-29497","post","type-post","status-publish","format-standard","has-post-thumbnail","hentry","category-uncategorized"],"_links":{"self":[{"href":"https:\/\/tvbrazilusa.com\/pt\/wp-json\/wp\/v2\/posts\/29497","targetHints":{"allow":["GET"]}}],"collection":[{"href":"https:\/\/tvbrazilusa.com\/pt\/wp-json\/wp\/v2\/posts"}],"about":[{"href":"https:\/\/tvbrazilusa.com\/pt\/wp-json\/wp\/v2\/types\/post"}],"author":[{"embeddable":true,"href":"https:\/\/tvbrazilusa.com\/pt\/wp-json\/wp\/v2\/users\/1"}],"replies":[{"embeddable":true,"href":"https:\/\/tvbrazilusa.com\/pt\/wp-json\/wp\/v2\/comments?post=29497"}],"version-history":[{"count":1,"href":"https:\/\/tvbrazilusa.com\/pt\/wp-json\/wp\/v2\/posts\/29497\/revisions"}],"predecessor-version":[{"id":29499,"href":"https:\/\/tvbrazilusa.com\/pt\/wp-json\/wp\/v2\/posts\/29497\/revisions\/29499"}],"wp:featuredmedia":[{"embeddable":true,"href":"https:\/\/tvbrazilusa.com\/pt\/wp-json\/wp\/v2\/media\/29498"}],"wp:attachment":[{"href":"https:\/\/tvbrazilusa.com\/pt\/wp-json\/wp\/v2\/media?parent=29497"}],"wp:term":[{"taxonomy":"category","embeddable":true,"href":"https:\/\/tvbrazilusa.com\/pt\/wp-json\/wp\/v2\/categories?post=29497"},{"taxonomy":"post_tag","embeddable":true,"href":"https:\/\/tvbrazilusa.com\/pt\/wp-json\/wp\/v2\/tags?post=29497"}],"curies":[{"name":"wp","href":"https:\/\/api.w.org\/{rel}","templated":true}]}}