{"id":29529,"date":"2024-08-28T22:52:02","date_gmt":"2024-08-28T22:52:02","guid":{"rendered":"https:\/\/tvbrazilusa.com\/2024\/08\/28\/jerod-mayo-explica-por-que-os-patriots-escolheram-joe-milton-em-vez-de-bailey-zappe\/"},"modified":"2024-08-28T22:56:22","modified_gmt":"2024-08-28T22:56:22","slug":"jerod-mayo-explica-por-que-os-patriots-escolheram-joe-milton-em-vez-de-bailey-zappe","status":"publish","type":"post","link":"https:\/\/tvbrazilusa.com\/pt\/2024\/08\/28\/jerod-mayo-explica-por-que-os-patriots-escolheram-joe-milton-em-vez-de-bailey-zappe\/","title":{"rendered":"Jerod Mayo explica por que os Patriots escolheram Joe Milton em vez de Bailey Zappe"},"content":{"rendered":"<p> <script async src=\"https:\/\/pagead2.googlesyndication.com\/pagead\/js\/adsbygoogle.js?client=ca-pub-8864793242727901\"\r\n     crossorigin=\"anonymous\"><\/script><br \/>\n<\/p>\n<div id=\"\">\n<header class=\"m-article-header m-article-header--standard\">\n\t\t\t\t\t\t\t\t\t\t\t\t<span id=\"article-header-primary-term\"><br \/>\n\t\t\t\t\t\t\t\t<a class=\"a-term a-term--primary\" href=\"https:\/\/www.boston.com\/tag\/new-england-patriots\/\"><\/p>\n<p>\t\t\t\t\t\t\t\tPatriotas\t\t\t\t\t\t\t\t<\/a><br \/>\n\t\t\t\t\t\t\t<\/span><\/p>\n<h2 class=\"m-article-header__sub-headline\">Zappe est\u00e1 tendo um novo come\u00e7o com o Kansas City Chiefs.<\/h2>\n<figure class=\"a-photo m-article-header__photo\"><figcaption class=\"a-photo__caption\">\n<p>\tBailey Zappe. <em> Foto AP\/Steven Senne<\/em>\t<\/figcaption><\/figure>\n<\/header>\n<div class=\"m-block t-amp__list-container m-article-list-container  m-article-list-container--frame-border a-border-frame  a-list-header__headline--red m-article-list--alternative--default  m-article-list--floated\">\n<ul class=\"t-amp__list a-list--no-style m-article-list m-article-list--recirculation m-article-list--has-images\">\n<li class=\"m-article-list__item m-article-list__item--featured\">\n\t\t\t\t<a class=\"m-article-list__link-wrapper\" href=\"https:\/\/www.boston.com\/sports\/new-england-patriots\/2024\/08\/28\/jerod-mayo-patriots-starting-quarterback-drake-maye-jacoby-brissett\/\" data-p1=\"article_recirc_inline_feature\"><br \/>\n\t\t\t\t<img fetchpriority=\"high\" decoding=\"async\" width=\"768\" height=\"432\" src=\"https:\/\/bdc2020.o0bc.com\/wp-content\/uploads\/2024\/08\/MGO5TB62XQBXZRQ24IUE7QRTVQ-66cf72373ae25-768x432.jpg\" class=\"t-amp__list-image m-article-list__image m-article-list__image--full\" alt=\"\" aria-hidden=\"true\" srcset=\"https:\/\/bdc2020.o0bc.com\/wp-content\/uploads\/2024\/08\/MGO5TB62XQBXZRQ24IUE7QRTVQ-66cf72373ae25-768x432.jpg?width=200 200w, https:\/\/bdc2020.o0bc.com\/wp-content\/uploads\/2024\/08\/MGO5TB62XQBXZRQ24IUE7QRTVQ-66cf72373ae25-768x432.jpg?width=300 300w, https:\/\/bdc2020.o0bc.com\/wp-content\/uploads\/2024\/08\/MGO5TB62XQBXZRQ24IUE7QRTVQ-66cf72373ae25-768x432.jpg?width=400 400w, https:\/\/bdc2020.o0bc.com\/wp-content\/uploads\/2024\/08\/MGO5TB62XQBXZRQ24IUE7QRTVQ-66cf72373ae25-768x432.jpg?width=500 500w, https:\/\/bdc2020.o0bc.com\/wp-content\/uploads\/2024\/08\/MGO5TB62XQBXZRQ24IUE7QRTVQ-66cf72373ae25-768x432.jpg?width=600 600w, https:\/\/bdc2020.o0bc.com\/wp-content\/uploads\/2024\/08\/MGO5TB62XQBXZRQ24IUE7QRTVQ-66cf72373ae25-768x432.jpg?width=700 700w, https:\/\/bdc2020.o0bc.com\/wp-content\/uploads\/2024\/08\/MGO5TB62XQBXZRQ24IUE7QRTVQ-66cf72373ae25-768x432.jpg?width=800 800w, https:\/\/bdc2020.o0bc.com\/wp-content\/uploads\/2024\/08\/MGO5TB62XQBXZRQ24IUE7QRTVQ-66cf72373ae25-768x432.jpg?width=900 900w\" sizes=\"(max-width: 768px) 100vw, 768px\"\/>\t\t\t\t\t<\/p>\n<p><h4 class=\"m-article-list__headline t-amp__list-headline\">\n\t\t\t\t\t\t\t<span class=\"m-article-list__link a-link a-link--inline a-link--text-link a-link--text-link-dark\"><\/p>\n<p>\t\t\t\t\t\t\tJerod Mayo diz que escolheu o quarterback titular dos Patriots e notificar\u00e1 a equipe na quinta-feira\t\t\t\t\t\t\t<\/span><br \/>\n\t\t\t\t\t\t<\/h4>\n<\/p>\n<p>\t\t\t\t<\/a>\n\t\t\t<\/li>\n<li class=\"m-article-list__item\">\n\t\t\t\t\t\t<a class=\"m-article-list__link-wrapper\" href=\"https:\/\/www.boston.com\/sports\/boston-celtics\/2024\/08\/28\/david-ortiz-boston-celtics-red-sox-al-horford-nba-championship\/\" data-p1=\"article_recirc_inline_feed\"><\/p>\n<p><h4 class=\"m-article-list__headline\">\n\t\t\t\t\t\t\t\t\t<span class=\"m-article-list__link a-link a-link--inline a-link--text-link a-link--text-link-dark\"><\/p>\n<p>\t\t\t\t\t\t\t\t\tF\u00e3 eterno de esportes de Boston, David Ortiz ficou emocionado ao ver Al Horford, Celtics vencer o Banner 18\t\t\t\t\t\t\t\t\t<\/span><br \/>\n\t\t\t\t\t\t\t\t<\/h4>\n<\/p>\n<p>\t\t\t\t\t\t<\/a>\n\t\t\t\t\t<\/li>\n<\/ul>\n<\/div>\n<p><a href=\"https:\/\/www.boston.com\/sports\/new-england-patriots\/2024\/08\/27\/patriots-reportedly-release-qb-bailey-zappe\/\">Bailey Zappe <\/a>n\u00e3o est\u00e1 mais com os Patriots ap\u00f3s ser dispensado na ter\u00e7a-feira. Zappe mudou-se para Kansas City, <a href=\"https:\/\/www.espn.com\/nfl\/story\/_\/id\/41029286\/source-ex-patriots-qb-bailey-zappe-join-chiefs-practice-squad\">assinando com o time de treino dos Chiefs. <\/a><\/p>\n<p>O <a href=\"https:\/\/www.patriots.com\/\">Patriotas <\/a>est\u00e3o mantendo tr\u00eas quarterbacks em seu elenco. Jacoby Brissett e Drake Maye t\u00eam lutado pela vaga de titular, com um vencedor esperado para ser anunciado em breve. Joe Milton III ultrapassou Zappe na tabela de profundidade neste ver\u00e3o para reivindicar a posi\u00e7\u00e3o n\u00ba 3. <\/p>\n<p>O t\u00e9cnico dos Patriots, Jerod Mayo, explicou a decis\u00e3o de deixar Zappe na quarta-feira. <\/p>\n<p>\u201cUma coisa que direi sobre Zappe \u00e9 que ele tem sido o profissional definitivo\u201d, disse Mayo. \u201cMesmo antes de eu assumir esse papel, t\u00ednhamos um bom relacionamento e sempre vou torcer por um cara como Zappe. <\/p>\n<p>\u201cEle sempre teve uma \u00f3tima atitude, mesmo que as coisas provavelmente n\u00e3o fossem ideais para ele pessoalmente. Ao dizer isso, achamos que esses tr\u00eas quarterbacks t\u00eam uma chance de ser melhores do que o que Zappe demonstrou.\u201d<\/p>\n<p>Zappe, que era basicamente reserva de Mac Jones durante suas duas temporadas com os Patriots, acabou sendo titular em oito jogos depois que as coisas n\u00e3o deram certo com Jones. <\/p>\n<p>Ele foi 4-4 como titular. Sua taxa de conclus\u00e3o de carreira \u00e9 63,2, ele tem 2.053 jardas de passe na carreira e tem 11 touchdowns na carreira contra 12 intercepta\u00e7\u00f5es. <\/p>\n<p>Zappe voltou ao time de treino dos Patriots depois de ter sido cortado no ano passado pela oportunidade de competir com Jones e ele acabou vencendo a batalha. <\/p>\n<p>Mas agora ele vai para o atual campe\u00e3o Kansas City para um novo come\u00e7o. <\/p>\n<p>Os Patriots contrataram sete jogadores para seu time de treino na quarta-feira: o offensive tackler Liam Fornadel, o running back Kevin Harris, o running back Terrell Jennings, o wide receiver Matt Landers, o defensive end Jotham Russell, o defensive back AJ Thomas e o tight-end Mitchell Wilcox, todos os quais estavam com os Patriots durante o training camp. <\/p>\n<p>Os Patriots tamb\u00e9m dispensaram quatro jogadores para abrir espa\u00e7o para quatro novas adi\u00e7\u00f5es ao elenco de 53 homens. O cornerback Isaiah Bolden, o defensive lineman Tristen Hill, o offensive lineman Michael Jordan e o wide receiver Jalen Reagor foram cortados. <\/p>\n<p>A Nova Inglaterra contratou o linebacker Curtis Jacobs, o offensive tackle Demontrey Jacobs, o defensive tackle Eric Johnson e o offensive tackle Zach Thomas.  <\/p>\n<div class=\"m-block m-generic-cta\t m-generic-cta--post-content\t m-generic-cta--dark\t m-generic-cta--homepage\t m-generic-cta--email-signup\t\t m-generic-cta-block-style--default \tt-amp__generic-cta\"><\/p>\n<div class=\"m-generic-cta__wrap\">\n<div class=\"m-generic-cta__content\">\n<h3 class=\"m-generic-cta__title\">Inscreva-se para receber atualiza\u00e7\u00f5es dos Patriots\ud83c\udfc8<\/h3>\n<p class=\"m-generic-cta__subtitle\">Receba not\u00edcias de \u00faltima hora e an\u00e1lises na sua caixa de entrada durante a temporada de futebol.<\/p>\n<\/p><\/div>\n<\/p><\/div>\n<\/div><\/div>\n<p><script>\n\t\tvar consent=\"grant\";\n\t\t\/* The above code is parsing the JSON data from the local storage and storing it in a variable. *\/\n\t\t\t\t\tconst onetrustStorageConsent = JSON.parse(localStorage.getItem( 'consent_one_trust_bdc' ) );\n\t\t\tif ( ( onetrustStorageConsent !== null ) ) {\n\t\t\t\t\/* Checking to see if the user has consented to the use of cookies.\n\t\t\t\t* If they have not, it is deleting the cookie.\n\t\t\t\t* This will comment for now, until further notice.\n\t\t\t\t*\/\n\t\t\t\t\/\/if ( onetrustStorageConsent.C0002 === false ) {\n\t\t\t\t\/\/\tdocument.cookie=\"_fbp=;expires=Thu, 01 Jan 2010 00:00:00 UTC; path=\/; domain=.boston.com\";\n\t\t\t\t\/\/}\n\t\t\t\t\/* Checking if the user has given consent for the cookie C0002.\n\t\t\t\t* If the user has given consent, the variable consent will be set to 'grant'.\n\t\t\t\t* If the user has not given consent,the variable consent will be set to 'revoke'.\n\t\t\t\t* Documentation https:\/\/developers.facebook.com\/docs\/meta-pixel\/implementation\/gdpr\n\t\t\t\t*\/\n\t\t\t\tif ( onetrustStorageConsent.C0002 !== true ) {\n\t\t\t\t\tconsent=\"revoke\";\n\t\t\t\t}\n\t\t\t}\n\t\t\t\t!function(f,b,e,v,n,t,s)\n\t\t{if(f.fbq)return;n=f.fbq=function(){n.callMethod?\n\t\tn.callMethod.apply(n,arguments):n.queue.push(arguments)};\n\t\tif(!f._fbq)f._fbq=n;n.push=n;n.loaded=!0;n.version='2.0';\n\t\tn.queue=[];t=b.createElement(e);t.async=!0;\n\t\tt.src=v;s=b.getElementsByTagName(e)[0];\n\t\ts.parentNode.insertBefore(t,s)}(window, document,'script',\n\t\t'https:\/\/connect.facebook.net\/en_US\/fbevents.js');\n\t\tfbq('consent', consent);\n\t\tfbq('init', '989222871864976');\n\t\tfbq('track', 'PageView');\n\t<\/script><script type=\"module\">\n\t\tvar consent=\"grant\";\n\t\t\/* The above code is parsing the JSON data from the local storage and storing it in a variable. *\/\n\t\t\tconst onetrustStorageConsent = JSON.parse(localStorage.getItem( 'consent_one_trust_bdc' ) );\n\t\t\t\/* Checking to see if the user has consented to the use of cookies.\n\t\t\t* If they have not, it is deleting the cookie.\n\t\t\t* This will comment for now, until further notice.\n\t\t\t*\/\n\t\t\t\/\/if ( onetrustStorageConsent.C0002 === false ) {\n\t\t\t\/\/\tdocument.cookie=\"_fbp=;expires=Thu, 01 Jan 2010 00:00:00 UTC; path=\/; domain=.boston.com\";\n\t\t\t\/\/}\n\t\t\t\/* Checking if the user has given consent for the cookie C0002.\n\t\t\t* If the user has given consent, the variable consent will be set to 'grant'.\n\t\t\t* If the user has not given consent,the variable consent will be set to 'revoke'.\n\t\t\t* Documentation https:\/\/developers.facebook.com\/docs\/meta-pixel\/implementation\/gdpr\n\t\t\t*\/\n\t\t\tif ( ( onetrustStorageConsent !== null ) && (onetrustStorageConsent.C0002 !== true ) ) {\n\t\t\t\tconsent=\"revoke\";\n\t\t\t}\n\t\t\t\t!function(f,b,e,v,n,t,s){if(f.fbq)return;n=f.fbq=function()\n\t\t{n.callMethod? n.callMethod.apply(n,arguments):n.queue.push(arguments)}\n\t\t;if(!f._fbq)f._fbq=n;\n\t\tn.push=n;n.loaded=!0;n.version='2.0';n.queue=[];t=b.createElement(e);t.async=!0;\n\t\tt.src=v;s=b.getElementsByTagName(e)[0];s.parentNode.insertBefore(t,s)}(window,\n\t\tdocument,'script','https:\/\/connect.facebook.net\/en_US\/fbevents.js');\n\t\tfbq('consent', consent);\n\t\tfbq('init', '813236348753005');\n\t\tfbq('track', \"PageView\");\n\t<\/script><br \/>\n<br \/><br \/>\n<br \/><a href=\"https:\/\/www.boston.com\/sports\/new-england-patriots\/2024\/08\/28\/jerod-mayo-explains-why-patriots-cut-bailey-zappe\/\">Source link <\/a><\/p>","protected":false},"excerpt":{"rendered":"<p>Patriotas Zappe est\u00e1 tendo um novo come\u00e7o com o Kansas City Chiefs. Bailey Zappe. Foto AP\/Steven Senne Jerod Mayo diz que escolheu o quarterback titular dos Patriots e notificar\u00e1 a&hellip;<\/p>","protected":false},"author":1,"featured_media":29530,"comment_status":"closed","ping_status":"open","sticky":false,"template":"","format":"standard","meta":{"content-type":"","footnotes":""},"categories":[1],"tags":[],"class_list":["post-29529","post","type-post","status-publish","format-standard","has-post-thumbnail","hentry","category-uncategorized"],"_links":{"self":[{"href":"https:\/\/tvbrazilusa.com\/pt\/wp-json\/wp\/v2\/posts\/29529","targetHints":{"allow":["GET"]}}],"collection":[{"href":"https:\/\/tvbrazilusa.com\/pt\/wp-json\/wp\/v2\/posts"}],"about":[{"href":"https:\/\/tvbrazilusa.com\/pt\/wp-json\/wp\/v2\/types\/post"}],"author":[{"embeddable":true,"href":"https:\/\/tvbrazilusa.com\/pt\/wp-json\/wp\/v2\/users\/1"}],"replies":[{"embeddable":true,"href":"https:\/\/tvbrazilusa.com\/pt\/wp-json\/wp\/v2\/comments?post=29529"}],"version-history":[{"count":1,"href":"https:\/\/tvbrazilusa.com\/pt\/wp-json\/wp\/v2\/posts\/29529\/revisions"}],"predecessor-version":[{"id":29531,"href":"https:\/\/tvbrazilusa.com\/pt\/wp-json\/wp\/v2\/posts\/29529\/revisions\/29531"}],"wp:featuredmedia":[{"embeddable":true,"href":"https:\/\/tvbrazilusa.com\/pt\/wp-json\/wp\/v2\/media\/29530"}],"wp:attachment":[{"href":"https:\/\/tvbrazilusa.com\/pt\/wp-json\/wp\/v2\/media?parent=29529"}],"wp:term":[{"taxonomy":"category","embeddable":true,"href":"https:\/\/tvbrazilusa.com\/pt\/wp-json\/wp\/v2\/categories?post=29529"},{"taxonomy":"post_tag","embeddable":true,"href":"https:\/\/tvbrazilusa.com\/pt\/wp-json\/wp\/v2\/tags?post=29529"}],"curies":[{"name":"wp","href":"https:\/\/api.w.org\/{rel}","templated":true}]}}