{"id":29683,"date":"2024-08-29T13:17:42","date_gmt":"2024-08-29T13:17:42","guid":{"rendered":"https:\/\/tvbrazilusa.com\/2024\/08\/29\/milhoes-de-floridianos-precisam-de-moradia-acessivel-diz-relatorio-jacksonville-today\/"},"modified":"2024-08-29T13:29:04","modified_gmt":"2024-08-29T13:29:04","slug":"milhoes-de-floridianos-precisam-de-moradia-acessivel-diz-relatorio-jacksonville-today","status":"publish","type":"post","link":"https:\/\/tvbrazilusa.com\/pt\/2024\/08\/29\/milhoes-de-floridianos-precisam-de-moradia-acessivel-diz-relatorio-jacksonville-today\/","title":{"rendered":"Milh\u00f5es de floridianos precisam de moradia acess\u00edvel, diz relat\u00f3rio &#8211; Jacksonville Today"},"content":{"rendered":"<p> <script async src=\"https:\/\/pagead2.googlesyndication.com\/pagead\/js\/adsbygoogle.js?client=ca-pub-8864793242727901\"\r\n     crossorigin=\"anonymous\"><\/script><br \/>\n<\/p>\n<div>\n<p>A Florida Housing Coalition pediu colabora\u00e7\u00e3o entre o governo, o setor privado e os setores sem fins lucrativos para ajudar a resolver a atual \u201ccrise habitacional\u201d.<\/p>\n<p>\u201cN\u00e3o temos moradias populares suficientes na Fl\u00f3rida\u201d, diz o relat\u00f3rio Home Matters de 2024 da organiza\u00e7\u00e3o, divulgado na segunda-feira na 37\u00aa Confer\u00eancia Estadual Anual de Moradias Acess\u00edveis da organiza\u00e7\u00e3o, no Rosen Center Hotel em Orlando.<\/p>\n<p>O <a class=\"Link\" href=\"https:\/\/www.flhousing.org\/home\/our-impact\/2024-home-matters-dashboard\" target=\"_blank\" rel=\"noopener\"><u>relat\u00f3rio<\/u><\/a>  descobriu que pelo menos 2,4 milh\u00f5es de fam\u00edlias na Fl\u00f3rida t\u00eam custos sobrecarregados, o que significa que mais de 30% de sua renda \u00e9 gasta apenas com aluguel e servi\u00e7os p\u00fablicos. Dessas fam\u00edlias, 1,3 milh\u00e3o s\u00e3o consideradas lares de baixa renda e foram relatadas como severamente sobrecarregadas com custos \u2014 o que significa que gastam pelo menos metade de sua renda apenas para manter uma casa com energia e \u00e1gua encanada.<\/p>\n<p>Isso n\u00e3o leva em conta transporte, compras de supermercado e outras despesas b\u00e1sicas de vida.<\/p>\n<p>O CEO da Florida Housing Coalition, Ashon Nesbitt, disse que a Fl\u00f3rida precisa de moradias mais acess\u00edveis, mas tamb\u00e9m de maneiras de reduzir o custo de vida para os atuais inquilinos e propriet\u00e1rios de im\u00f3veis, j\u00e1 que eles vivem uma infla\u00e7\u00e3o recorde em meio \u00e0 estagna\u00e7\u00e3o dos sal\u00e1rios.<\/p>\n<p>\u201cTemos uma faixa mais ampla da popula\u00e7\u00e3o que agora est\u00e1 pagando mais s\u00f3 porque os custos de moradia aumentaram. Ao mesmo tempo, as rendas n\u00e3o aumentaram t\u00e3o r\u00e1pido. Agora voc\u00ea tem muito mais pessoas que antes poderiam estar em um status de renda mais alto agora est\u00e3o nesse status de renda mais baixo\u201d, disse ele. \u201cN\u00f3s vemos um aumento no \u00f4nus do custo, e acho que as pessoas sentem isso em suas comunidades, e os n\u00fameros est\u00e3o confirmando isso.\u201d<\/p>\n<p>Neste \u00faltimo relat\u00f3rio, o FHC relatou um aumento ano a ano no n\u00famero de indiv\u00edduos, fam\u00edlias e crian\u00e7as em situa\u00e7\u00e3o de rua desde a pandemia, citando 94.899 crian\u00e7as, no ano passado. Isso \u00e9 quase <a class=\"Link\" href=\"https:\/\/profiles.nche.seiservices.com\/StateProfile.aspx?StateID=11#:~:text=Number%20of%20homeless%20children\/youth%20enrolled%20in%20public%20schools%20who,%25%2013.70%20%25%206.60%20%25%205.00%20%25\" target=\"_blank\" rel=\"noopener\"><u>um aumento de 21% em rela\u00e7\u00e3o a 2022<\/u><\/a>que viu 77.203 crian\u00e7as em situa\u00e7\u00e3o de rua, de acordo com o Centro Nacional de Educa\u00e7\u00e3o para Pessoas em Situa\u00e7\u00e3o de Rua.<\/p>\n<\/p>\n<p>De acordo com o relat\u00f3rio, a moradia desempenha um papel importante na sa\u00fade das pessoas. O relat\u00f3rio encontrou uma correla\u00e7\u00e3o entre a falta de acessibilidade e a inseguran\u00e7a alimentar, riscos \u00e0 sa\u00fade f\u00edsica e um risco maior de problemas de sa\u00fade mental, como ansiedade e depress\u00e3o. A falta de moradia acess\u00edvel tamb\u00e9m torna quase imposs\u00edvel para as pessoas pagarem por outras prioridades, como creches e emerg\u00eancias.<\/p>\n<p>\u201cPode ser dif\u00edcil lidar com educa\u00e7\u00e3o; \u00e9 dif\u00edcil para uma pessoa conseguir um emprego quando n\u00e3o tem um lugar para ficar\u201d, disse o CEO. \u201cA moradia \u00e9 realmente fundamental, e se n\u00e3o lidarmos com a moradia, ser\u00e1 dif\u00edcil lidar com todas as outras coisas.\u201d<\/p>\n<p>O relat\u00f3rio da FHC tamb\u00e9m mostrou que fam\u00edlias de baixa renda est\u00e3o pagando as contas de luz mais altas. Nesbitt disse que fam\u00edlias de baixa renda t\u00eam algumas das casas menos eficientes em termos de energia ou resistentes a tempestades, mas h\u00e1 v\u00e1rias maneiras de tornar as casas mais acess\u00edveis e eficientes.<\/p>\n<p>\u201cPara as pessoas que j\u00e1 possuem casas, voc\u00ea tem que pensar, quais s\u00e3o os custos envolvidos na manuten\u00e7\u00e3o daquela casa?\u201d Nesbitt disse. \u201cTornar as casas mais resilientes pode impactar seus custos de seguro. Podemos investir em energia solar e coisas que podem reduzir suas contas de luz \u2014 esses s\u00e3o os tipos de coisas que dever\u00edamos estar olhando para apoiar maneiras de tornar a propriedade residencial mais sustent\u00e1vel.\u201d<\/p>\n<p>De acordo com o relat\u00f3rio da FHC, moradia e vida acess\u00edveis reduzem as despesas dos contribuintes e impulsionam a economia, e os fundos estaduais deste ano podem ser uma grande ajuda.<\/p>\n<p>O relat\u00f3rio declarou que a aloca\u00e7\u00e3o de US$ 3,7 bilh\u00f5es da Legislatura neste ano fiscal para os programas do Sadowski Housing Trust Fund desempenhar\u00e1 um grande papel. O Sadoswki Fund \u00e9 o \u00fanico fundo no estado dedicado exclusivamente ao desenvolvimento de moradias acess\u00edveis. O relat\u00f3rio disse que esses fundos poderiam criar \u201c57.000 empregos e ter US$ 7,2 bilh\u00f5es em impacto econ\u00f4mico positivo\u201d, bem como moradias que poderiam durar gera\u00e7\u00f5es.<\/p>\n<p><img loading=\"lazy\" decoding=\"async\" src=\"https:\/\/npr.brightspotcdn.com\/04\/91\/19072ba146c48c81fba8b7beff96\/h.JPG\" alt=\"O relat\u00f3rio constata um aumento anual na falta de moradia.\" width=\"859\" height=\"451\"\/><\/p>\n<p><i>Lillian Hern\u00e1ndez Caraballo \u00e9 membro do Corpo do Report for America.<\/i><\/p>\n<p>Direitos autorais 2024 Central Florida Public Media<\/p>\n<\/div>\n<p><br \/>\n<br \/><a href=\"https:\/\/jaxtoday.org\/2024\/08\/29\/millions-of-floridians-need-affordable-housing-report-says\/\">Source link <\/a><\/p>","protected":false},"excerpt":{"rendered":"<p>A Florida Housing Coalition pediu colabora\u00e7\u00e3o entre o governo, o setor privado e os setores sem fins lucrativos para ajudar a resolver a atual \u201ccrise habitacional\u201d. \u201cN\u00e3o temos moradias populares&hellip;<\/p>","protected":false},"author":1,"featured_media":29684,"comment_status":"closed","ping_status":"open","sticky":false,"template":"","format":"standard","meta":{"content-type":"","footnotes":""},"categories":[1],"tags":[11332,15981,13451,1220,1267,1268],"class_list":["post-29683","post","type-post","status-publish","format-standard","has-post-thumbnail","hentry","category-uncategorized","tag-aluguel","tag-coalizao-de-moradia-da-florida","tag-habitacao-acessivel","tag-imobiliaria","tag-noticias","tag-noticias-do-estado"],"_links":{"self":[{"href":"https:\/\/tvbrazilusa.com\/pt\/wp-json\/wp\/v2\/posts\/29683","targetHints":{"allow":["GET"]}}],"collection":[{"href":"https:\/\/tvbrazilusa.com\/pt\/wp-json\/wp\/v2\/posts"}],"about":[{"href":"https:\/\/tvbrazilusa.com\/pt\/wp-json\/wp\/v2\/types\/post"}],"author":[{"embeddable":true,"href":"https:\/\/tvbrazilusa.com\/pt\/wp-json\/wp\/v2\/users\/1"}],"replies":[{"embeddable":true,"href":"https:\/\/tvbrazilusa.com\/pt\/wp-json\/wp\/v2\/comments?post=29683"}],"version-history":[{"count":1,"href":"https:\/\/tvbrazilusa.com\/pt\/wp-json\/wp\/v2\/posts\/29683\/revisions"}],"predecessor-version":[{"id":29685,"href":"https:\/\/tvbrazilusa.com\/pt\/wp-json\/wp\/v2\/posts\/29683\/revisions\/29685"}],"wp:featuredmedia":[{"embeddable":true,"href":"https:\/\/tvbrazilusa.com\/pt\/wp-json\/wp\/v2\/media\/29684"}],"wp:attachment":[{"href":"https:\/\/tvbrazilusa.com\/pt\/wp-json\/wp\/v2\/media?parent=29683"}],"wp:term":[{"taxonomy":"category","embeddable":true,"href":"https:\/\/tvbrazilusa.com\/pt\/wp-json\/wp\/v2\/categories?post=29683"},{"taxonomy":"post_tag","embeddable":true,"href":"https:\/\/tvbrazilusa.com\/pt\/wp-json\/wp\/v2\/tags?post=29683"}],"curies":[{"name":"wp","href":"https:\/\/api.w.org\/{rel}","templated":true}]}}