{"id":29700,"date":"2024-08-29T13:33:40","date_gmt":"2024-08-29T13:33:40","guid":{"rendered":"https:\/\/tvbrazilusa.com\/2024\/08\/29\/outro-professor-de-douglas-anderson-e-acusado-de-ma-conduta-jacksonville-today\/"},"modified":"2024-08-29T14:18:26","modified_gmt":"2024-08-29T14:18:26","slug":"outro-professor-de-douglas-anderson-e-acusado-de-ma-conduta-jacksonville-today","status":"publish","type":"post","link":"https:\/\/tvbrazilusa.com\/pt\/2024\/08\/29\/outro-professor-de-douglas-anderson-e-acusado-de-ma-conduta-jacksonville-today\/","title":{"rendered":"Outro professor de Douglas Anderson \u00e9 acusado de m\u00e1 conduta &#8211; Jacksonville Today"},"content":{"rendered":"<p> <script async src=\"https:\/\/pagead2.googlesyndication.com\/pagead\/js\/adsbygoogle.js?client=ca-pub-8864793242727901\"\r\n     crossorigin=\"anonymous\"><\/script><br \/>\n<\/p>\n<div>\n<p>Um professor da Escola de Artes Douglas Anderson foi transferido ap\u00f3s alega\u00e7\u00f5es de que ele se envolveu em comunica\u00e7\u00e3o inadequada com um aluno durante o ano letivo de 2022-23. <a href=\"https:\/\/www.news4jax.com\/news\/local\/2024\/08\/28\/another-douglas-anderson-teacher-reassigned-accused-of-inappropriate-communication-with-a-student\/\">Relat\u00f3rios do News4Jax<\/a>.<\/p>\n<p>O professor \u00e9 o sexto a ser transferido devido a alega\u00e7\u00f5es de m\u00e1 conduta na escola nos \u00faltimos anos.<\/p>\n<p>\u201cEmbora nossa escola e o distrito tenham tomado medidas dr\u00e1sticas este ano para garantir que alunos, fam\u00edlias e funcion\u00e1rios estejam cientes dos limites entre comportamento apropriado e inapropriado com os alunos, estou escrevendo hoje para inform\u00e1-los que transferimos um professor com base em informa\u00e7\u00f5es recebidas recentemente sobre suposta m\u00e1 conduta no passado\u201d, disse o diretor Timothy Feagins na quarta-feira em um e-mail aos pais.<\/p>\n<p>O News4JAX optou por n\u00e3o identificar o professor porque ele n\u00e3o foi acusado de nenhum crime e a investiga\u00e7\u00e3o continua.<\/p>\n<p>Feagins disse: \u201cembora a presun\u00e7\u00e3o de inoc\u00eancia sempre se aplique em uma investiga\u00e7\u00e3o de padr\u00f5es profissionais, n\u00f3s o transferimos para tarefas em um local do distrito sem intera\u00e7\u00e3o com os alunos enquanto a investiga\u00e7\u00e3o estiver em andamento\u201d.<\/p>\n<p>Ele disse que a investiga\u00e7\u00e3o \u00e9 confidencial, mas que a escola informar\u00e1 os pais assim que ela for conclu\u00edda.<\/p>\n<p>Um porta-voz das Escolas P\u00fablicas do Condado de Duval disse que o Conselho Escolar foi informado sobre a investiga\u00e7\u00e3o.<\/p>\n<p>\u201cQuero destacar que estamos informando ativamente todas as partes interessadas sobre os limites saud\u00e1veis \u200b\u200bque devem existir entre alunos e funcion\u00e1rios. No in\u00edcio desta semana, compartilhamos as informa\u00e7\u00f5es sobre isso <a href=\"https:\/\/urldefense.com\/v3\/__http:\/\/www.duvalschools.org\/knowtheline__;!!JzAkRiGGxM5L!riagqxGEr8TL21T9dZfMAeieg-AzcPdjDLtKRNyW-5PpKWSZWAcy_Gr_IMZ8MapCkFO4AQ27fVLcSz-NgVoj$\" target=\"_blank\" rel=\"noreferrer noopener\">Conhe\u00e7a a p\u00e1gina da Linha<\/a> com as fam\u00edlias\u201d, disse o porta-voz.<\/p>\n<p>Feagins abordou o processo de den\u00fancia de alega\u00e7\u00f5es contra funcion\u00e1rios aos pais em seu e-mail:<\/p>\n<p>\u201cComo seu novo diretor, \u00e9 decepcionante ter que compartilhar essas informa\u00e7\u00f5es com voc\u00ea; no entanto, quero usar este momento para lembr\u00e1-lo de algumas expectativas que tenho para nossa equipe na escola e os recursos dispon\u00edveis para voc\u00ea.<\/p>\n<ol>\n<li>Garanto que, se um aluno fizer uma nova alega\u00e7\u00e3o dessa natureza a um membro da minha equipe administrativa, n\u00f3s a reportaremos \u00e0s autoridades internas e externas legalmente exigidas.<\/li>\n<li>Embora eu esteja totalmente confiante na responsabilidade da minha equipe em lidar com qualquer situa\u00e7\u00e3o futura, tamb\u00e9m entendo que pode ser dif\u00edcil para um aluno compartilhar informa\u00e7\u00f5es dessa natureza com a equipe da escola. Portanto, lembre-se de que o distrito criou isso <a rel=\"noreferrer noopener\" target=\"_blank\" href=\"https:\/\/urldefense.com\/v3\/__https:\/\/dcps.duvalschools.org\/Page\/33315__;!!JzAkRiGGxM5L!riagqxGEr8TL21T9dZfMAeieg-AzcPdjDLtKRNyW-5PpKWSZWAcy_Gr_IMZ8MapCkFO4AQ27fVLcS0vKP3vJ$\">formul\u00e1rio online<\/a> para que os alunos se reportem diretamente ao distrito.  <\/li>\n<li>Para que voc\u00ea e seu aluno entendam melhor nossas expectativas em rela\u00e7\u00e3o \u00e0s intera\u00e7\u00f5es da equipe com os alunos, lan\u00e7amos recentemente <a rel=\"noreferrer noopener\" target=\"_blank\" href=\"https:\/\/urldefense.com\/v3\/__https:\/\/dcps.duvalschools.org\/knowtheline__;!!JzAkRiGGxM5L!riagqxGEr8TL21T9dZfMAeieg-AzcPdjDLtKRNyW-5PpKWSZWAcy_Gr_IMZ8MapCkFO4AQ27fVLcSzLocyMp$\"><em>Conhe\u00e7a a Linha<\/em><\/a><em>. <\/em>Recomendo que voc\u00ea se familiarize com esses limites e nos informe se voc\u00ea ou seu filho vivenciarem algo que possa estar do lado errado dessa linha.<\/li>\n<\/ol>\n<p>\u201cSempre teremos altas expectativas para seus alunos, tanto academicamente quanto artisticamente. Tamb\u00e9m teremos expectativas muito altas para atingir essas metas em um ambiente escolar emocionalmente e fisicamente seguro. Estou ansioso para trabalhar com voc\u00ea em parceria para atingir essas metas e cumprir essas expectativas para nossos alunos.\u201d<\/p>\n<p><em>Esta hist\u00f3ria foi produzida por <a href=\"https:\/\/www.news4jax.com\/\">Not\u00edcias4Jax<\/a>um <\/em>Jacksonville Hoje<em> parceiro de not\u00edcias.<\/em><\/p>\n<\/div>\n<p><br \/>\n<br \/><a href=\"https:\/\/jaxtoday.org\/2024\/08\/29\/another-douglas-anderson-teacher-accused-of-misconduct\/\">Source link <\/a><\/p>","protected":false},"excerpt":{"rendered":"<p>Um professor da Escola de Artes Douglas Anderson foi transferido ap\u00f3s alega\u00e7\u00f5es de que ele se envolveu em comunica\u00e7\u00e3o inadequada com um aluno durante o ano letivo de 2022-23. Relat\u00f3rios&hellip;<\/p>","protected":false},"author":1,"featured_media":29701,"comment_status":"closed","ping_status":"open","sticky":false,"template":"","format":"standard","meta":{"content-type":"","footnotes":""},"categories":[1],"tags":[],"class_list":["post-29700","post","type-post","status-publish","format-standard","has-post-thumbnail","hentry","category-uncategorized"],"_links":{"self":[{"href":"https:\/\/tvbrazilusa.com\/pt\/wp-json\/wp\/v2\/posts\/29700","targetHints":{"allow":["GET"]}}],"collection":[{"href":"https:\/\/tvbrazilusa.com\/pt\/wp-json\/wp\/v2\/posts"}],"about":[{"href":"https:\/\/tvbrazilusa.com\/pt\/wp-json\/wp\/v2\/types\/post"}],"author":[{"embeddable":true,"href":"https:\/\/tvbrazilusa.com\/pt\/wp-json\/wp\/v2\/users\/1"}],"replies":[{"embeddable":true,"href":"https:\/\/tvbrazilusa.com\/pt\/wp-json\/wp\/v2\/comments?post=29700"}],"version-history":[{"count":1,"href":"https:\/\/tvbrazilusa.com\/pt\/wp-json\/wp\/v2\/posts\/29700\/revisions"}],"predecessor-version":[{"id":29702,"href":"https:\/\/tvbrazilusa.com\/pt\/wp-json\/wp\/v2\/posts\/29700\/revisions\/29702"}],"wp:featuredmedia":[{"embeddable":true,"href":"https:\/\/tvbrazilusa.com\/pt\/wp-json\/wp\/v2\/media\/29701"}],"wp:attachment":[{"href":"https:\/\/tvbrazilusa.com\/pt\/wp-json\/wp\/v2\/media?parent=29700"}],"wp:term":[{"taxonomy":"category","embeddable":true,"href":"https:\/\/tvbrazilusa.com\/pt\/wp-json\/wp\/v2\/categories?post=29700"},{"taxonomy":"post_tag","embeddable":true,"href":"https:\/\/tvbrazilusa.com\/pt\/wp-json\/wp\/v2\/tags?post=29700"}],"curies":[{"name":"wp","href":"https:\/\/api.w.org\/{rel}","templated":true}]}}