{"id":29706,"date":"2024-08-29T14:22:14","date_gmt":"2024-08-29T14:22:14","guid":{"rendered":"https:\/\/tvbrazilusa.com\/2024\/08\/29\/policia-procura-ladrao-mascarado-que-supostamente-olhou-pelas-janelas-em-brighton\/"},"modified":"2024-08-29T14:23:39","modified_gmt":"2024-08-29T14:23:39","slug":"policia-procura-ladrao-mascarado-que-supostamente-olhou-pelas-janelas-em-brighton","status":"publish","type":"post","link":"https:\/\/tvbrazilusa.com\/pt\/2024\/08\/29\/policia-procura-ladrao-mascarado-que-supostamente-olhou-pelas-janelas-em-brighton\/","title":{"rendered":"Pol\u00edcia procura &#8216;ladr\u00e3o&#8217; mascarado que supostamente olhou pelas janelas em Brighton"},"content":{"rendered":"<p> <script async src=\"https:\/\/pagead2.googlesyndication.com\/pagead\/js\/adsbygoogle.js?client=ca-pub-8864793242727901\"\r\n     crossorigin=\"anonymous\"><\/script><br \/>\n<\/p>\n<div id=\"\">\n<header class=\"m-article-header m-article-header--standard\">\n\t\t\t\t\t\t\t\t\t\t\t\t<span id=\"article-header-primary-term\"><br \/>\n\t\t\t\t\t\t\t\t<a class=\"a-term a-term--primary\" href=\"https:\/\/www.boston.com\/tag\/local-news\/\"><\/p>\n<p>\t\t\t\t\t\t\t\tNot\u00edcias locais\t\t\t\t\t\t\t\t<\/a><br \/>\n\t\t\t\t\t\t\t<\/span><\/p>\n<h2 class=\"m-article-header__sub-headline\">A pol\u00edcia disse que o suspeito do incidente de ter\u00e7a-feira tinha um tecido preto cobrindo todo o rosto, sem buracos para os olhos ou a boca.<\/h2>\n<figure class=\"a-photo m-article-header__photo\"><figcaption class=\"a-photo__caption\">\n\t<em> <\/em>\t<\/figcaption><\/figure>\n<\/header>\n<p>A pol\u00edcia de Boston est\u00e1 pedindo a ajuda do p\u00fablico para identificar um suspeito em um recente incidente de \u201croublard\u201d em <a href=\"https:\/\/www.boston.com\/tag\/brighton\/\" target=\"_blank\" rel=\"noreferrer noopener\">Brighton<\/a> perto do Boston College.<\/p>\n<p>O incidente ocorreu por volta das 21h23 de ter\u00e7a-feira, perto da 17 Gerald Road, de acordo com o Departamento de Pol\u00edcia de Boston. <a href=\"https:\/\/police.boston.gov\/2024\/08\/28\/bpd-community-alert-detectives-assigned-to-district-d-14-seek-the-publics-help-to-identify-the-following-individual-in-relation-to-a-prowler-incident-in-brighton\/\">comunicado de imprensa<\/a>. O bairro j\u00e1 foi alvo de arrombamentos no passado, com o Departamento de Pol\u00edcia do Boston College <a href=\"https:\/\/www.boston.com\/news\/crime\/2024\/02\/29\/boston-police-warn-recent-spike-break-ins-brighton\/\">emitir um alerta comunit\u00e1rio<\/a> em fevereiro para alertar sobre \u201cv\u00e1rios assaltos residenciais fora do campus que ocorreram durante a noite e nas primeiras horas da manh\u00e3\u201d ao redor da Gerald Road. <\/p>\n<p>Em mar\u00e7o, a pol\u00edcia de Boston tamb\u00e9m prendeu um homem acusado de <a href=\"https:\/\/www.boston.com\/news\/local-news\/2024\/03\/28\/man-arrested-for-peeping-through-windows-in-brighton-police-say\/\">espiando apartamentos<\/a> no bairro Oak Square, em Brighton. <\/p>\n<p>A pol\u00edcia disse que o suspeito no incidente de ter\u00e7a-feira \u00e9 um homem que foi visto vestindo um moletom preto com capuz, luvas cinza grossas, cal\u00e7as cinza-claras e t\u00eanis preto e cinza com solas brancas e um logotipo branco nas laterais. Ele supostamente tinha um tecido preto cobrindo todo o rosto, sem aberturas para os olhos ou boca. <\/p>\n<p>De acordo com <a href=\"https:\/\/www.nbcboston.com\/news\/local\/prowler-spotted-peeping-through-windows-in-brighton-backyard\/3472262\/\">NBC10 Boston<\/a>uma das moradoras estava cortando caminho pelo quintal da casa quando viu algu\u00e9m olhando pelas janelas. A pessoa fugiu pela lateral da casa, de acordo com a NBC10. V\u00e1rias das colegas de quarto da mulher, todas estudantes da BC, estavam em casa no momento, informou o canal de not\u00edcias. <\/p>\n<p>&#8220;Se ela n\u00e3o estivesse indo para casa, nenhum de n\u00f3s saberia que ele estava espiando pelas nossas janelas&#8221;, disse uma das colegas de quarto, Kayla Schrann, \u00e0 NBC10.<\/p>\n<p>A pol\u00edcia pede que qualquer pessoa com informa\u00e7\u00f5es entre em contato com os detetives pelo telefone 617-343-4256. Os membros da comunidade tamb\u00e9m podem enviar dicas anonimamente ligando para a Linha de Dicas do CrimeStoppers pelo telefone 1-800-494-TIPS ou enviando a palavra \u201cTIP\u201d para CRIME (27463). <\/p>\n<figure class=\"wp-block-embed is-type-rich is-provider-twitter wp-block-embed-twitter\"\/>\n<div class=\"m-block m-generic-cta\t m-generic-cta--post-content\t m-generic-cta--dark\t m-generic-cta--homepage\t m-generic-cta--email-signup\t\t m-generic-cta-block-style--default \tt-amp__generic-cta\"><\/p>\n<div class=\"m-generic-cta__wrap\">\n<div class=\"m-generic-cta__content\">\n<h3 class=\"m-generic-cta__title\">Boston.com Hoje<\/h3>\n<p class=\"m-generic-cta__subtitle\">Inscreva-se para receber as \u00faltimas manchetes na sua caixa de entrada todas as manh\u00e3s.<\/p>\n<\/p><\/div>\n<\/p><\/div>\n<\/div><\/div>\n<p><script>\n\t\tvar consent=\"grant\";\n\t\t\/* The above code is parsing the JSON data from the local storage and storing it in a variable. *\/\n\t\t\t\t\tconst onetrustStorageConsent = JSON.parse(localStorage.getItem( 'consent_one_trust_bdc' ) );\n\t\t\tif ( ( onetrustStorageConsent !== null ) ) {\n\t\t\t\t\/* Checking to see if the user has consented to the use of cookies.\n\t\t\t\t* If they have not, it is deleting the cookie.\n\t\t\t\t* This will comment for now, until further notice.\n\t\t\t\t*\/\n\t\t\t\t\/\/if ( onetrustStorageConsent.C0002 === false ) {\n\t\t\t\t\/\/\tdocument.cookie=\"_fbp=;expires=Thu, 01 Jan 2010 00:00:00 UTC; path=\/; domain=.boston.com\";\n\t\t\t\t\/\/}\n\t\t\t\t\/* Checking if the user has given consent for the cookie C0002.\n\t\t\t\t* If the user has given consent, the variable consent will be set to 'grant'.\n\t\t\t\t* If the user has not given consent,the variable consent will be set to 'revoke'.\n\t\t\t\t* Documentation https:\/\/developers.facebook.com\/docs\/meta-pixel\/implementation\/gdpr\n\t\t\t\t*\/\n\t\t\t\tif ( onetrustStorageConsent.C0002 !== true ) {\n\t\t\t\t\tconsent=\"revoke\";\n\t\t\t\t}\n\t\t\t}\n\t\t\t\t!function(f,b,e,v,n,t,s)\n\t\t{if(f.fbq)return;n=f.fbq=function(){n.callMethod?\n\t\tn.callMethod.apply(n,arguments):n.queue.push(arguments)};\n\t\tif(!f._fbq)f._fbq=n;n.push=n;n.loaded=!0;n.version='2.0';\n\t\tn.queue=[];t=b.createElement(e);t.async=!0;\n\t\tt.src=v;s=b.getElementsByTagName(e)[0];\n\t\ts.parentNode.insertBefore(t,s)}(window, document,'script',\n\t\t'https:\/\/connect.facebook.net\/en_US\/fbevents.js');\n\t\tfbq('consent', consent);\n\t\tfbq('init', '989222871864976');\n\t\tfbq('track', 'PageView');\n\t<\/script><script type=\"module\">\n\t\tvar consent=\"grant\";\n\t\t\/* The above code is parsing the JSON data from the local storage and storing it in a variable. *\/\n\t\t\tconst onetrustStorageConsent = JSON.parse(localStorage.getItem( 'consent_one_trust_bdc' ) );\n\t\t\t\/* Checking to see if the user has consented to the use of cookies.\n\t\t\t* If they have not, it is deleting the cookie.\n\t\t\t* This will comment for now, until further notice.\n\t\t\t*\/\n\t\t\t\/\/if ( onetrustStorageConsent.C0002 === false ) {\n\t\t\t\/\/\tdocument.cookie=\"_fbp=;expires=Thu, 01 Jan 2010 00:00:00 UTC; path=\/; domain=.boston.com\";\n\t\t\t\/\/}\n\t\t\t\/* Checking if the user has given consent for the cookie C0002.\n\t\t\t* If the user has given consent, the variable consent will be set to 'grant'.\n\t\t\t* If the user has not given consent,the variable consent will be set to 'revoke'.\n\t\t\t* Documentation https:\/\/developers.facebook.com\/docs\/meta-pixel\/implementation\/gdpr\n\t\t\t*\/\n\t\t\tif ( ( onetrustStorageConsent !== null ) && (onetrustStorageConsent.C0002 !== true ) ) {\n\t\t\t\tconsent=\"revoke\";\n\t\t\t}\n\t\t\t\t!function(f,b,e,v,n,t,s){if(f.fbq)return;n=f.fbq=function()\n\t\t{n.callMethod? n.callMethod.apply(n,arguments):n.queue.push(arguments)}\n\t\t;if(!f._fbq)f._fbq=n;\n\t\tn.push=n;n.loaded=!0;n.version='2.0';n.queue=[];t=b.createElement(e);t.async=!0;\n\t\tt.src=v;s=b.getElementsByTagName(e)[0];s.parentNode.insertBefore(t,s)}(window,\n\t\tdocument,'script','https:\/\/connect.facebook.net\/en_US\/fbevents.js');\n\t\tfbq('consent', consent);\n\t\tfbq('init', '813236348753005');\n\t\tfbq('track', \"PageView\");\n\t<\/script><br \/>\n<br \/><br \/>\n<br \/><a href=\"https:\/\/www.boston.com\/news\/local-news\/2024\/08\/29\/police-seeking-masked-prowler-allegedly-looked-through-windows-brighton\/\">Source link <\/a><\/p>","protected":false},"excerpt":{"rendered":"<p>Not\u00edcias locais A pol\u00edcia disse que o suspeito do incidente de ter\u00e7a-feira tinha um tecido preto cobrindo todo o rosto, sem buracos para os olhos ou a boca. A pol\u00edcia&hellip;<\/p>","protected":false},"author":1,"featured_media":29707,"comment_status":"closed","ping_status":"open","sticky":false,"template":"","format":"standard","meta":{"content-type":"","footnotes":""},"categories":[1],"tags":[],"class_list":["post-29706","post","type-post","status-publish","format-standard","has-post-thumbnail","hentry","category-uncategorized"],"_links":{"self":[{"href":"https:\/\/tvbrazilusa.com\/pt\/wp-json\/wp\/v2\/posts\/29706","targetHints":{"allow":["GET"]}}],"collection":[{"href":"https:\/\/tvbrazilusa.com\/pt\/wp-json\/wp\/v2\/posts"}],"about":[{"href":"https:\/\/tvbrazilusa.com\/pt\/wp-json\/wp\/v2\/types\/post"}],"author":[{"embeddable":true,"href":"https:\/\/tvbrazilusa.com\/pt\/wp-json\/wp\/v2\/users\/1"}],"replies":[{"embeddable":true,"href":"https:\/\/tvbrazilusa.com\/pt\/wp-json\/wp\/v2\/comments?post=29706"}],"version-history":[{"count":1,"href":"https:\/\/tvbrazilusa.com\/pt\/wp-json\/wp\/v2\/posts\/29706\/revisions"}],"predecessor-version":[{"id":29708,"href":"https:\/\/tvbrazilusa.com\/pt\/wp-json\/wp\/v2\/posts\/29706\/revisions\/29708"}],"wp:featuredmedia":[{"embeddable":true,"href":"https:\/\/tvbrazilusa.com\/pt\/wp-json\/wp\/v2\/media\/29707"}],"wp:attachment":[{"href":"https:\/\/tvbrazilusa.com\/pt\/wp-json\/wp\/v2\/media?parent=29706"}],"wp:term":[{"taxonomy":"category","embeddable":true,"href":"https:\/\/tvbrazilusa.com\/pt\/wp-json\/wp\/v2\/categories?post=29706"},{"taxonomy":"post_tag","embeddable":true,"href":"https:\/\/tvbrazilusa.com\/pt\/wp-json\/wp\/v2\/tags?post=29706"}],"curies":[{"name":"wp","href":"https:\/\/api.w.org\/{rel}","templated":true}]}}