{"id":29776,"date":"2024-08-29T17:46:25","date_gmt":"2024-08-29T17:46:25","guid":{"rendered":"https:\/\/tvbrazilusa.com\/2024\/08\/29\/federais-turbinas-eolicas-de-vineyard-nao-terao-impacto-serio-nas-baleias-proximas\/"},"modified":"2024-08-29T17:47:33","modified_gmt":"2024-08-29T17:47:33","slug":"federais-turbinas-eolicas-de-vineyard-nao-terao-impacto-serio-nas-baleias-proximas","status":"publish","type":"post","link":"https:\/\/tvbrazilusa.com\/pt\/2024\/08\/29\/federais-turbinas-eolicas-de-vineyard-nao-terao-impacto-serio-nas-baleias-proximas\/","title":{"rendered":"Federais: turbinas e\u00f3licas de Vineyard n\u00e3o ter\u00e3o impacto s\u00e9rio nas baleias pr\u00f3ximas"},"content":{"rendered":"<p> <script async src=\"https:\/\/pagead2.googlesyndication.com\/pagead\/js\/adsbygoogle.js?client=ca-pub-8864793242727901\"\r\n     crossorigin=\"anonymous\"><\/script><br \/>\n<\/p>\n<div id=\"\">\n<header class=\"m-article-header m-article-header--standard\">\n\t\t\t\t\t\t\t\t\t\t\t\t<span id=\"article-header-primary-term\"><br \/>\n\t\t\t\t\t\t\t\t<a class=\"a-term a-term--primary\" href=\"https:\/\/www.boston.com\/tag\/local-news\/\"><\/p>\n<p>\t\t\t\t\t\t\t\tNot\u00edcias locais\t\t\t\t\t\t\t\t<\/a><br \/>\n\t\t\t\t\t\t\t<\/span><\/p>\n<h2 class=\"m-article-header__sub-headline\">A NOAA conclui que a constru\u00e7\u00e3o afetar\u00e1 a vida selvagem do oceano apenas temporariamente.<\/h2>\n<figure class=\"a-photo m-article-header__photo\"><figcaption class=\"a-photo__caption\">\n\t<em>  AP, Arquivo<\/em>\t<\/figcaption><\/figure>\n<\/header>\n<p>A Administra\u00e7\u00e3o Oce\u00e2nica e Atmosf\u00e9rica Nacional diz que a constru\u00e7\u00e3o do projeto e\u00f3lico offshore em Martha&#8217;s Vineyard e Nantucket afetar\u00e1 apenas temporariamente as baleias pr\u00f3ximas e n\u00e3o colocar\u00e1 em risco sua exist\u00eancia. <\/p>\n<p>O novo parecer considera os efeitos de uma proposta de emiss\u00e3o de uma nova <a href=\"https:\/\/www.federalregister.gov\/documents\/2024\/04\/23\/2024-08434\/takes-of-marine-mammals-incidental-to-specified-activities-taking-marine-mammals-incidental-to-phase?utm_medium=email&#038;utm_source=govdelivery\">Lei de Prote\u00e7\u00e3o de Mam\u00edferos Marinhos Autoriza\u00e7\u00e3o de Ass\u00e9dio Incidental<\/a>o que permitiria que um pequeno n\u00famero de mam\u00edferos marinhos fossem expostos ao ru\u00eddo de crava\u00e7\u00e3o de estacas enquanto as 15 monoestacas restantes s\u00e3o instaladas. <\/p>\n<p>A constru\u00e7\u00e3o das estacas, <a href=\"https:\/\/content.govdelivery.com\/accounts\/USNOAAFISHERIES\/bulletins\/3b0ae0d\">NOAA encontrado<\/a>n\u00e3o afetar\u00e1 nenhum habitat cr\u00edtico designado e a ag\u00eancia n\u00e3o prev\u00ea ferimentos graves ou mortalidade de <a href=\"https:\/\/www.fisheries.noaa.gov\/species-directory\/threatened-endangered\">em perigo<\/a> baleias, incluindo a baleia franca do Atl\u00e2ntico Norte. <\/p>\n<p>O Parecer Biol\u00f3gico considera os efeitos sobre esp\u00e9cies amea\u00e7adas e em perigo de extin\u00e7\u00e3o da constru\u00e7\u00e3o, opera\u00e7\u00e3o e eventual desativa\u00e7\u00e3o do projeto na costa de Massachusetts. <\/p>\n<p>A NOAA diz que o projeto Vineyard Wind inclui v\u00e1rias medidas projetadas para minimizar, monitorar e relatar os efeitos sobre esp\u00e9cies amea\u00e7adas. Ao incorporar as medidas na nova opini\u00e3o, a NOAA conclui que todos os impactos sobre as baleias francas do Atl\u00e2ntico Norte ser\u00e3o limitados a dist\u00farbios comportamentais tempor\u00e1rios. <\/p>\n<p>O relat\u00f3rio n\u00e3o publicado substituir\u00e1 o Biological Opinion de 2021 da NOAA sobre o projeto. Devido a atrasos, a Vineyard Wind n\u00e3o conseguiu concluir as atividades de crava\u00e7\u00e3o de estacas antes da data de expira\u00e7\u00e3o da autoriza\u00e7\u00e3o de ass\u00e9dio incidental, anulando o \u00faltimo parecer.<\/p>\n<p>O \u00faltimo parecer permitir\u00e1 que a empresa conclua seu projeto.<\/p>\n<p>O novo Parecer Biol\u00f3gico ser\u00e1 <a href=\"https:\/\/repository.library.noaa.gov\/?utm_medium=email&#038;utm_source=govdelivery\">dispon\u00edvel online<\/a> ap\u00f3s a publica\u00e7\u00e3o em cerca de cinco dias. <\/p>\n<h2 class=\"wp-block-heading\" id=\"h-wind-blade-failure\">Falha na p\u00e1 e\u00f3lica<\/h2>\n<p>Seguindo o julho<a href=\"https:\/\/www.boston.com\/news\/local-news\/2024\/07\/24\/ge-cites-manufacturing-deviation-for-wind-turbine-failure-off-nantucket\/\"> falha da l\u00e2mina e detritos<\/a>o Bureau of Ocean Energy Management solicitou uma consulta emergencial da se\u00e7\u00e3o 7 com a NOAA Fisheries. <\/p>\n<p>A NOAA anunciou na sexta-feira que a consulta de emerg\u00eancia est\u00e1 em andamento e que a ag\u00eancia forneceu recomenda\u00e7\u00f5es para minimizar os efeitos sobre esp\u00e9cies amea\u00e7adas durante os esfor\u00e7os de resposta e limpeza. <\/p>\n<p>A NOAA diz que a consulta terminar\u00e1 quando as a\u00e7\u00f5es de resposta \u00e0 emerg\u00eancia forem conclu\u00eddas. <\/p>\n<div class=\"m-block m-generic-cta\t m-generic-cta--post-content\t m-generic-cta--dark\t m-generic-cta--homepage\t m-generic-cta--email-signup\t\t m-generic-cta-block-style--default \tt-amp__generic-cta\"><\/p>\n<div class=\"m-generic-cta__wrap\">\n<div class=\"m-generic-cta__content\">\n<h3 class=\"m-generic-cta__title\">Boston.com Hoje<\/h3>\n<p class=\"m-generic-cta__subtitle\">Inscreva-se para receber as \u00faltimas manchetes na sua caixa de entrada todas as manh\u00e3s.<\/p>\n<\/p><\/div>\n<\/p><\/div>\n<\/div><\/div>\n<p><script>\n\t\tvar consent=\"grant\";\n\t\t\/* The above code is parsing the JSON data from the local storage and storing it in a variable. *\/\n\t\t\t\t\tconst onetrustStorageConsent = JSON.parse(localStorage.getItem( 'consent_one_trust_bdc' ) );\n\t\t\tif ( ( onetrustStorageConsent !== null ) ) {\n\t\t\t\t\/* Checking to see if the user has consented to the use of cookies.\n\t\t\t\t* If they have not, it is deleting the cookie.\n\t\t\t\t* This will comment for now, until further notice.\n\t\t\t\t*\/\n\t\t\t\t\/\/if ( onetrustStorageConsent.C0002 === false ) {\n\t\t\t\t\/\/\tdocument.cookie=\"_fbp=;expires=Thu, 01 Jan 2010 00:00:00 UTC; path=\/; domain=.boston.com\";\n\t\t\t\t\/\/}\n\t\t\t\t\/* Checking if the user has given consent for the cookie C0002.\n\t\t\t\t* If the user has given consent, the variable consent will be set to 'grant'.\n\t\t\t\t* If the user has not given consent,the variable consent will be set to 'revoke'.\n\t\t\t\t* Documentation https:\/\/developers.facebook.com\/docs\/meta-pixel\/implementation\/gdpr\n\t\t\t\t*\/\n\t\t\t\tif ( onetrustStorageConsent.C0002 !== true ) {\n\t\t\t\t\tconsent=\"revoke\";\n\t\t\t\t}\n\t\t\t}\n\t\t\t\t!function(f,b,e,v,n,t,s)\n\t\t{if(f.fbq)return;n=f.fbq=function(){n.callMethod?\n\t\tn.callMethod.apply(n,arguments):n.queue.push(arguments)};\n\t\tif(!f._fbq)f._fbq=n;n.push=n;n.loaded=!0;n.version='2.0';\n\t\tn.queue=[];t=b.createElement(e);t.async=!0;\n\t\tt.src=v;s=b.getElementsByTagName(e)[0];\n\t\ts.parentNode.insertBefore(t,s)}(window, document,'script',\n\t\t'https:\/\/connect.facebook.net\/en_US\/fbevents.js');\n\t\tfbq('consent', consent);\n\t\tfbq('init', '989222871864976');\n\t\tfbq('track', 'PageView');\n\t<\/script><script type=\"module\">\n\t\tvar consent=\"grant\";\n\t\t\/* The above code is parsing the JSON data from the local storage and storing it in a variable. *\/\n\t\t\tconst onetrustStorageConsent = JSON.parse(localStorage.getItem( 'consent_one_trust_bdc' ) );\n\t\t\t\/* Checking to see if the user has consented to the use of cookies.\n\t\t\t* If they have not, it is deleting the cookie.\n\t\t\t* This will comment for now, until further notice.\n\t\t\t*\/\n\t\t\t\/\/if ( onetrustStorageConsent.C0002 === false ) {\n\t\t\t\/\/\tdocument.cookie=\"_fbp=;expires=Thu, 01 Jan 2010 00:00:00 UTC; path=\/; domain=.boston.com\";\n\t\t\t\/\/}\n\t\t\t\/* Checking if the user has given consent for the cookie C0002.\n\t\t\t* If the user has given consent, the variable consent will be set to 'grant'.\n\t\t\t* If the user has not given consent,the variable consent will be set to 'revoke'.\n\t\t\t* Documentation https:\/\/developers.facebook.com\/docs\/meta-pixel\/implementation\/gdpr\n\t\t\t*\/\n\t\t\tif ( ( onetrustStorageConsent !== null ) && (onetrustStorageConsent.C0002 !== true ) ) {\n\t\t\t\tconsent=\"revoke\";\n\t\t\t}\n\t\t\t\t!function(f,b,e,v,n,t,s){if(f.fbq)return;n=f.fbq=function()\n\t\t{n.callMethod? n.callMethod.apply(n,arguments):n.queue.push(arguments)}\n\t\t;if(!f._fbq)f._fbq=n;\n\t\tn.push=n;n.loaded=!0;n.version='2.0';n.queue=[];t=b.createElement(e);t.async=!0;\n\t\tt.src=v;s=b.getElementsByTagName(e)[0];s.parentNode.insertBefore(t,s)}(window,\n\t\tdocument,'script','https:\/\/connect.facebook.net\/en_US\/fbevents.js');\n\t\tfbq('consent', consent);\n\t\tfbq('init', '813236348753005');\n\t\tfbq('track', \"PageView\");\n\t<\/script><br \/>\n<br \/><br \/>\n<br \/><a href=\"https:\/\/www.boston.com\/news\/local-news\/2024\/08\/29\/feds-vineyard-wind-turbines-wont-have-serious-impact-on-nearby-whales\/\">Source link <\/a><\/p>","protected":false},"excerpt":{"rendered":"<p>Not\u00edcias locais A NOAA conclui que a constru\u00e7\u00e3o afetar\u00e1 a vida selvagem do oceano apenas temporariamente. AP, Arquivo A Administra\u00e7\u00e3o Oce\u00e2nica e Atmosf\u00e9rica Nacional diz que a constru\u00e7\u00e3o do projeto&hellip;<\/p>","protected":false},"author":1,"featured_media":29777,"comment_status":"closed","ping_status":"open","sticky":false,"template":"","format":"standard","meta":{"content-type":"","footnotes":""},"categories":[1],"tags":[],"class_list":["post-29776","post","type-post","status-publish","format-standard","has-post-thumbnail","hentry","category-uncategorized"],"_links":{"self":[{"href":"https:\/\/tvbrazilusa.com\/pt\/wp-json\/wp\/v2\/posts\/29776","targetHints":{"allow":["GET"]}}],"collection":[{"href":"https:\/\/tvbrazilusa.com\/pt\/wp-json\/wp\/v2\/posts"}],"about":[{"href":"https:\/\/tvbrazilusa.com\/pt\/wp-json\/wp\/v2\/types\/post"}],"author":[{"embeddable":true,"href":"https:\/\/tvbrazilusa.com\/pt\/wp-json\/wp\/v2\/users\/1"}],"replies":[{"embeddable":true,"href":"https:\/\/tvbrazilusa.com\/pt\/wp-json\/wp\/v2\/comments?post=29776"}],"version-history":[{"count":1,"href":"https:\/\/tvbrazilusa.com\/pt\/wp-json\/wp\/v2\/posts\/29776\/revisions"}],"predecessor-version":[{"id":29778,"href":"https:\/\/tvbrazilusa.com\/pt\/wp-json\/wp\/v2\/posts\/29776\/revisions\/29778"}],"wp:featuredmedia":[{"embeddable":true,"href":"https:\/\/tvbrazilusa.com\/pt\/wp-json\/wp\/v2\/media\/29777"}],"wp:attachment":[{"href":"https:\/\/tvbrazilusa.com\/pt\/wp-json\/wp\/v2\/media?parent=29776"}],"wp:term":[{"taxonomy":"category","embeddable":true,"href":"https:\/\/tvbrazilusa.com\/pt\/wp-json\/wp\/v2\/categories?post=29776"},{"taxonomy":"post_tag","embeddable":true,"href":"https:\/\/tvbrazilusa.com\/pt\/wp-json\/wp\/v2\/tags?post=29776"}],"curies":[{"name":"wp","href":"https:\/\/api.w.org\/{rel}","templated":true}]}}