{"id":29779,"date":"2024-08-29T15:37:40","date_gmt":"2024-08-29T15:37:40","guid":{"rendered":"https:\/\/tvbrazilusa.com\/2024\/08\/29\/professora-da-florida-acusada-de-dar-chave-de-braco-a-crianca-e-presa-relatorios\/"},"modified":"2024-08-29T17:51:11","modified_gmt":"2024-08-29T17:51:11","slug":"professora-da-florida-acusada-de-dar-chave-de-braco-a-crianca-e-presa-relatorios","status":"publish","type":"post","link":"https:\/\/tvbrazilusa.com\/pt\/2024\/08\/29\/professora-da-florida-acusada-de-dar-chave-de-braco-a-crianca-e-presa-relatorios\/","title":{"rendered":"Professora da Fl\u00f3rida acusada de dar chave de bra\u00e7o a crian\u00e7a \u00e9 presa: relat\u00f3rios"},"content":{"rendered":"<p> <script async src=\"https:\/\/pagead2.googlesyndication.com\/pagead\/js\/adsbygoogle.js?client=ca-pub-8864793242727901\"\r\n     crossorigin=\"anonymous\"><\/script><br \/>\n<\/p>\n<div id=\"main\">\n<section class=\"styles_Section__qMdG9\">\n<article class=\"styles_Section__card__4Uoov\">\n<div class=\"styles_HTMLContent__LDG2k\">\n<p>DELTONA, FL \u2014 Uma professora da Fl\u00f3rida acusada de imobilizar um menino de 3 anos com as pernas enquanto lia hist\u00f3rias est\u00e1 enfrentando acusa\u00e7\u00f5es de abuso infantil, segundo relatos da m\u00eddia. <\/p>\n<\/div>\n<div class=\"styles_HTMLContent__LDG2k\">\n<p>UM <a href=\"https:\/\/www.wfla.com\/news\/florida\/florida-teacher-used-legs-to-put-3-year-old-in-headlock-during-story-time-deputies-say\/\" target=\"_blank\" rel=\"nofollow noopener\">Escola Prim\u00e1ria Forest Lake<\/a> Um paraeducador denunciou a professora do Condado de Volusia, Vilma Otero, 59, ao Departamento de Crian\u00e7as e Fam\u00edlias da Fl\u00f3rida ap\u00f3s ouvir o menino gritando e chorando, informou a WFLA na quarta-feira, citando um depoimento de pris\u00e3o.<\/p>\n<p>O paraeducador disse \u00e0s autoridades que o menino estava tentando escapar do estrangulamento, e seu rosto ficou vermelho no processo, informou o meio de comunica\u00e7\u00e3o.<\/p>\n<\/div>\n<div class=\"ContentBlocks_CardDetail__SubscribeBlock__4zBcQ ContentBlocks_CardDetail__SubscribeBlock--mobile__18tT_\">\n<section class=\"styles_SubscribeForm__0dj5n\">\n<h2 class=\"styles_SubscribeForm__title__F_olP\">Descubra o que est\u00e1 acontecendo em Across Florida<span class=\"styles_SubscribeForm__title--nextLine__FTO3K\">com atualiza\u00e7\u00f5es gratuitas e em tempo real do Patch.<\/span><\/h2>\n<\/section>\n<\/div>\n<div class=\"styles_HTMLContent__LDG2k\">\n<p>As autoridades divulgaram uma foto do suposto incidente, que parece mostrar as pernas de uma mulher de cada lado do pesco\u00e7o de um menino enquanto o menino est\u00e1 deitado de costas, como visto no relat\u00f3rio da WFLA. A mulher est\u00e1 aparentemente lendo um livro.<\/p>\n<p>O menino, que foi diagnosticado com autismo, disse aos policiais que teve problemas na escola e <a href=\"https:\/\/www.wesh.com\/article\/deltona-teacher-arrested-headlock-legs-story-time\/61983989\" target=\"_blank\" rel=\"nofollow noopener\">Otero<\/a> machuc\u00e1-lo, relatou o WESH 2.<\/p>\n<\/div>\n<div class=\"ContentBlocks_CardDetail__SubscribeBlock__4zBcQ ContentBlocks_CardDetail__SubscribeBlock--desktop__oN6vv\">\n<section class=\"styles_SubscribeForm__0dj5n\">\n<h2 class=\"styles_SubscribeForm__title__F_olP\">Descubra o que est\u00e1 acontecendo em Across Florida<span class=\"styles_SubscribeForm__title--nextLine__FTO3K\">com atualiza\u00e7\u00f5es gratuitas e em tempo real do Patch.<\/span><\/h2>\n<\/section>\n<\/div>\n<div class=\"styles_HTMLContent__LDG2k\">\n<p>Otero \u2014 um professor veterano de 36 anos que foi acusado por suspeita de abuso infantil sem grandes danos corporais e supostamente colocado em licen\u00e7a administrativa \u2014 negou as acusa\u00e7\u00f5es, informou o WESH 2. <\/p>\n<p>O Distrito Escolar do Condado de Volusia divulgou esta declara\u00e7\u00e3o ao WESH 2:<\/p>\n<\/div>\n<div class=\"styles_HTMLContent__LDG2k\">\n<p>&#8220;As Escolas do Condado de Volusia est\u00e3o cientes da recente pris\u00e3o de um professor da Escola Prim\u00e1ria Forest Lake.<br \/>A VCS est\u00e1 comprometida com a seguran\u00e7a e o bem-estar de todos os nossos alunos e est\u00e1 levando essa situa\u00e7\u00e3o muito a s\u00e9rio. Como tal, nosso departamento de Padr\u00f5es Profissionais est\u00e1 atualmente conduzindo uma investiga\u00e7\u00e3o completa para determinar os pr\u00f3ximos passos apropriados. O professor est\u00e1 atualmente em licen\u00e7a administrativa.&#8221;<\/p>\n<\/div>\n<hr\/>\n<p>Receba mais not\u00edcias locais diretamente na sua caixa de entrada.<!-- --> <a target=\"_blank\" href=\"http:\/\/patch.com\/subscribe\" class=\"\" rel=\"noopener\">Cadastre-se para receber gratuitamente boletins informativos e alertas sobre o Patch.<\/a><\/article>\n<p class=\"styles_Disclaimer__ZEDTU\">Para solicitar a remo\u00e7\u00e3o do seu nome de um relat\u00f3rio de pris\u00e3o, envie<!-- --> <a target=\"_blank\" href=\"https:\/\/patch.com\/us\/across-america\/how-remove-your-information-patch\" class=\"\" rel=\"noopener\">esses itens obrigat\u00f3rios<\/a> <!-- -->para<!-- --> <a target=\"_blank\" href=\"http:\/\/patch.com\/florida\/across-fl\/mailto:arrestreports@patch.com\" class=\"\" rel=\"noopener\">arrestreports@patch.com<\/a>.<\/p>\n<\/section>\n<section class=\"block\"\/><\/div>\n<p><br \/>\n<br \/><a href=\"http:\/\/patch.com\/florida\/across-fl\/fl-teacher-accused-putting-child-headlock-arrested-reports?utm_source=article-mostrecent&#038;utm_medium=rss&#038;utm_term=crime%20%26%20safety&#038;utm_campaign=recirc&#038;utm_content=aol\">Source link <\/a><\/p>","protected":false},"excerpt":{"rendered":"<p>DELTONA, FL \u2014 Uma professora da Fl\u00f3rida acusada de imobilizar um menino de 3 anos com as pernas enquanto lia hist\u00f3rias est\u00e1 enfrentando acusa\u00e7\u00f5es de abuso infantil, segundo relatos da&hellip;<\/p>","protected":false},"author":1,"featured_media":29780,"comment_status":"closed","ping_status":"open","sticky":false,"template":"","format":"standard","meta":{"content-type":"","footnotes":""},"categories":[1],"tags":[],"class_list":["post-29779","post","type-post","status-publish","format-standard","has-post-thumbnail","hentry","category-uncategorized"],"_links":{"self":[{"href":"https:\/\/tvbrazilusa.com\/pt\/wp-json\/wp\/v2\/posts\/29779","targetHints":{"allow":["GET"]}}],"collection":[{"href":"https:\/\/tvbrazilusa.com\/pt\/wp-json\/wp\/v2\/posts"}],"about":[{"href":"https:\/\/tvbrazilusa.com\/pt\/wp-json\/wp\/v2\/types\/post"}],"author":[{"embeddable":true,"href":"https:\/\/tvbrazilusa.com\/pt\/wp-json\/wp\/v2\/users\/1"}],"replies":[{"embeddable":true,"href":"https:\/\/tvbrazilusa.com\/pt\/wp-json\/wp\/v2\/comments?post=29779"}],"version-history":[{"count":1,"href":"https:\/\/tvbrazilusa.com\/pt\/wp-json\/wp\/v2\/posts\/29779\/revisions"}],"predecessor-version":[{"id":29781,"href":"https:\/\/tvbrazilusa.com\/pt\/wp-json\/wp\/v2\/posts\/29779\/revisions\/29781"}],"wp:featuredmedia":[{"embeddable":true,"href":"https:\/\/tvbrazilusa.com\/pt\/wp-json\/wp\/v2\/media\/29780"}],"wp:attachment":[{"href":"https:\/\/tvbrazilusa.com\/pt\/wp-json\/wp\/v2\/media?parent=29779"}],"wp:term":[{"taxonomy":"category","embeddable":true,"href":"https:\/\/tvbrazilusa.com\/pt\/wp-json\/wp\/v2\/categories?post=29779"},{"taxonomy":"post_tag","embeddable":true,"href":"https:\/\/tvbrazilusa.com\/pt\/wp-json\/wp\/v2\/tags?post=29779"}],"curies":[{"name":"wp","href":"https:\/\/api.w.org\/{rel}","templated":true}]}}