{"id":29785,"date":"2024-08-29T18:01:35","date_gmt":"2024-08-29T18:01:35","guid":{"rendered":"https:\/\/tvbrazilusa.com\/2024\/08\/29\/jd-vance-e-recebido-com-vaias-e-aplausos-na-convencao-de-bombeiros-em-boston-apos-tim-walz\/"},"modified":"2024-08-29T18:07:14","modified_gmt":"2024-08-29T18:07:14","slug":"jd-vance-e-recebido-com-vaias-e-aplausos-na-convencao-de-bombeiros-em-boston-apos-tim-walz","status":"publish","type":"post","link":"https:\/\/tvbrazilusa.com\/pt\/2024\/08\/29\/jd-vance-e-recebido-com-vaias-e-aplausos-na-convencao-de-bombeiros-em-boston-apos-tim-walz\/","title":{"rendered":"JD Vance \u00e9 recebido com vaias e aplausos na conven\u00e7\u00e3o de bombeiros em Boston, ap\u00f3s Tim Walz"},"content":{"rendered":"<p> <script async src=\"https:\/\/pagead2.googlesyndication.com\/pagead\/js\/adsbygoogle.js?client=ca-pub-8864793242727901\"\r\n     crossorigin=\"anonymous\"><\/script><br \/>\n<\/p>\n<div id=\"\">\n<header class=\"m-article-header m-article-header--standard\">\n\t\t\t\t\t\t\t\t\t\t\t\t<span id=\"article-header-primary-term\"><br \/>\n\t\t\t\t\t\t\t\t<a class=\"a-term a-term--primary\" href=\"https:\/\/www.boston.com\/tag\/local-news\/\"><\/p>\n<p>\t\t\t\t\t\t\t\tNot\u00edcias locais\t\t\t\t\t\t\t\t<\/a><br \/>\n\t\t\t\t\t\t\t<\/span><\/p>\n<h2 class=\"m-article-header__sub-headline\">&#8220;Parece que temos alguns f\u00e3s e alguns haters&#8221;, disse o candidato republicano \u00e0 vice-presid\u00eancia. &#8220;Est\u00e1 tudo bem.&#8221;<\/h2>\n<figure class=\"a-photo m-article-header__photo\"><figcaption class=\"a-photo__caption\">\n<p>\tO candidato republicano \u00e0 vice-presid\u00eancia, senador JD Vance, republicano de Ohio, discursa aos participantes da Conven\u00e7\u00e3o da Associa\u00e7\u00e3o Internacional de Bombeiros, quinta-feira, 29 de agosto de 2024, em Boston. <em> Foto AP\/Josh Reynolds<\/em>\t<\/figcaption><\/figure>\n<\/header>\n<p>O candidato republicano \u00e0 vice-presid\u00eancia, JD Vance, discursou na<a href=\"https:\/\/www.iaff.org\/convention\/\"> Conven\u00e7\u00e3o da Associa\u00e7\u00e3o Internacional de Bombeiros<\/a> em Boston na quinta-feira, um dia ap\u00f3s o candidato democrata \u00e0 vice-presid\u00eancia<a href=\"https:\/\/www.boston.com\/?post_type=post&#038;p=31459987\"> Tim Walz falou no mesmo evento<\/a>.<\/p>\n<p>Ambos os candidatos est\u00e3o lutando pelo apoio de um dos maiores sindicatos, que representa quase 350.000 trabalhadores. <\/p>\n<p>Um porta-voz da IAFF disse ao Boston.com que ambas as campanhas entraram em contato com o sindicato para falar no evento, mas n\u00e3o divulgaram um cronograma exato de quando cada candidato o fez.<\/p>\n<p>Ap\u00f3s ser apresentado pelo deputado republicano Carlos Gim\u00e9nez, da Fl\u00f3rida, Vance foi recebido com uma mistura de vaias e aplausos ao subir ao palco.<\/p>\n<p>\u201cParece que temos alguns f\u00e3s e alguns haters\u201d, ele disse. \u201cEst\u00e1 tudo bem.\u201d<\/p>\n<p>Vance come\u00e7ou seu discurso falando sobre sua m\u00e3e, que, segundo ele, lutava contra o v\u00edcio.<\/p>\n<p>\u201cAcredite em mim, acredite em um garoto que viu com seus pr\u00f3prios olhos\u201d, disse Vance. \u201cN\u00e3o ter\u00edamos a segunda chance com minha m\u00e3e sem provavelmente algumas das pessoas que est\u00e3o sentadas nesta sala.\u201d<\/p>\n<p>Vance disse que est\u00e1 \u201corgulhoso\u201d de ser um \u201cpopulista\u201d e enquadrou o ex-presidente Donald Trump como um \u201ctipo diferente de republicano\u201d.<\/p>\n<p>\u201cNossos inimigos e muitos democratas nos chamam de populistas, como se fosse um insulto\u201d, disse Vance. \u201cSe ser populista significa estar do lado dos trabalhadores, em vez das elites poderosas que esvaziaram nossa classe m\u00e9dia e nos enviaram para guerras estrangeiras est\u00fapidas, ent\u00e3o me inscreva.\u201d<\/p>\n<p>O senador de Ohio perguntou ao sindicato, que<a href=\"https:\/\/www.iaff.org\/wp-content\/uploads\/Biden-Win-Statement-FINAL.pdf\"> endossou Joe Biden<\/a> para presidente em 2020, mas ainda n\u00e3o anunciou seu apoio nesta corrida, para considerar apoiar a chapa republicana desta vez.<\/p>\n<p>\u201cAgora, por d\u00e9cadas, os sindicatos t\u00eam dado apoio aos candidatos democratas sem dar muita considera\u00e7\u00e3o aos republicanos\u201d, disse Vance. \u201cDepois de apoiar os democratas por tanto tempo neste sindicato, o que isso lhe rendeu?\u201d<\/p>\n<p>O porta-voz da IAFF disse ao Boston.com que n\u00e3o h\u00e1 um cronograma definido para quando eles podem fazer um poss\u00edvel endosso.<\/p>\n<p>Vance reconheceu as vis\u00f5es pol\u00edticas \u201cdiversas\u201d do sindicato e deu cr\u00e9dito ao seu amigo bombeiro de Dayton, Ohio, por mudar de ideia sobre Trump.<\/p>\n<p>\u201cAlguns de voc\u00eas amam o presidente Trump, e alguns de voc\u00eas claramente n\u00e3o\u201d, disse ele.[Trump] mudou minha opini\u00e3o e ele ganhou meu voto, e para os c\u00e9ticos que ainda est\u00e3o por a\u00ed, espero que ele tenha mudado suas opini\u00f5es tamb\u00e9m.\u201d<\/p>\n<p>Na quarta-feira, Walz tamb\u00e9m reconheceu a demografia bipartid\u00e1ria de seu p\u00fablico e fez um apelo aos republicanos e candidatos indecisos presentes.<\/p>\n<p>\u201cQuando os republicanos falavam sobre liberdade, eles falavam s\u00e9rio \u2014 n\u00e3o mais\u201d, disse Walz. \u201cEsses caras ali, eles querem que o governo tenha a liberdade de invadir cada canto da sua vida, desde os nossos sindicatos, at\u00e9 as escolas dos nossos filhos, at\u00e9 mesmo os consult\u00f3rios dos nossos m\u00e9dicos.\u201d<\/p>\n<p>Mas Vance disse que Trump \u201cse importa com os trabalhadores\u201d.<\/p>\n<p>\u201cMuitos democratas querem atacar os republicanos por serem antissindicais, e \u00e0s vezes a carapa\u00e7a serve, mas n\u00e3o eu e nem Donald Trump\u201d, disse ele.<\/p>\n<p>Em seu discurso, Walz criticou Vance e Trump por suas atitudes em rela\u00e7\u00e3o aos trabalhadores e sobre <a href=\"https:\/\/www.boston.com\/news\/politics\/2024\/07\/30\/project-2025-director-leaves-heritage-foundation-after-democrat-attacks-and-trump-criticism\/\">Projeto 2025<\/a>.<\/p>\n<p>\u201cA \u00fanica coisa que esses caras sabem sobre trabalhadores \u00e9 como tirar vantagem deles\u201d, disse Walz. \u201cO Projeto 2025 \u00e9 um plano para remodelar a apar\u00eancia da Am\u00e9rica, afastando-a da classe m\u00e9dia e colocando-a de volta aos oligarcas e aos ricos no topo.\u201d<\/p>\n<p>Vance pediu o apoio e o endosso do sindicato.<\/p>\n<p>\u201cQuero seu apoio\u201d, disse Vance. \u201cVamos lutar por voc\u00ea, quer o tenhamos ou n\u00e3o.\u201d<\/p>\n<figure class=\"wp-block-embed is-type-rich is-provider-twitter wp-block-embed-twitter\"\/>\n<div class=\"m-block m-generic-cta\t m-generic-cta--post-content\t m-generic-cta--dark\t m-generic-cta--homepage\t m-generic-cta--email-signup\t\t m-generic-cta-block-style--default \tt-amp__generic-cta\"><\/p>\n<div class=\"m-generic-cta__wrap\">\n<div class=\"m-generic-cta__content\">\n<h3 class=\"m-generic-cta__title\">Boston.com Hoje<\/h3>\n<p class=\"m-generic-cta__subtitle\">Inscreva-se para receber as \u00faltimas manchetes na sua caixa de entrada todas as manh\u00e3s.<\/p>\n<\/p><\/div>\n<\/p><\/div>\n<\/div><\/div>\n<p><script>\n\t\tvar consent=\"grant\";\n\t\t\/* The above code is parsing the JSON data from the local storage and storing it in a variable. *\/\n\t\t\t\t\tconst onetrustStorageConsent = JSON.parse(localStorage.getItem( 'consent_one_trust_bdc' ) );\n\t\t\tif ( ( onetrustStorageConsent !== null ) ) {\n\t\t\t\t\/* Checking to see if the user has consented to the use of cookies.\n\t\t\t\t* If they have not, it is deleting the cookie.\n\t\t\t\t* This will comment for now, until further notice.\n\t\t\t\t*\/\n\t\t\t\t\/\/if ( onetrustStorageConsent.C0002 === false ) {\n\t\t\t\t\/\/\tdocument.cookie=\"_fbp=;expires=Thu, 01 Jan 2010 00:00:00 UTC; path=\/; domain=.boston.com\";\n\t\t\t\t\/\/}\n\t\t\t\t\/* Checking if the user has given consent for the cookie C0002.\n\t\t\t\t* If the user has given consent, the variable consent will be set to 'grant'.\n\t\t\t\t* If the user has not given consent,the variable consent will be set to 'revoke'.\n\t\t\t\t* Documentation https:\/\/developers.facebook.com\/docs\/meta-pixel\/implementation\/gdpr\n\t\t\t\t*\/\n\t\t\t\tif ( onetrustStorageConsent.C0002 !== true ) {\n\t\t\t\t\tconsent=\"revoke\";\n\t\t\t\t}\n\t\t\t}\n\t\t\t\t!function(f,b,e,v,n,t,s)\n\t\t{if(f.fbq)return;n=f.fbq=function(){n.callMethod?\n\t\tn.callMethod.apply(n,arguments):n.queue.push(arguments)};\n\t\tif(!f._fbq)f._fbq=n;n.push=n;n.loaded=!0;n.version='2.0';\n\t\tn.queue=[];t=b.createElement(e);t.async=!0;\n\t\tt.src=v;s=b.getElementsByTagName(e)[0];\n\t\ts.parentNode.insertBefore(t,s)}(window, document,'script',\n\t\t'https:\/\/connect.facebook.net\/en_US\/fbevents.js');\n\t\tfbq('consent', consent);\n\t\tfbq('init', '989222871864976');\n\t\tfbq('track', 'PageView');\n\t<\/script><script type=\"module\">\n\t\tvar consent=\"grant\";\n\t\t\/* The above code is parsing the JSON data from the local storage and storing it in a variable. *\/\n\t\t\tconst onetrustStorageConsent = JSON.parse(localStorage.getItem( 'consent_one_trust_bdc' ) );\n\t\t\t\/* Checking to see if the user has consented to the use of cookies.\n\t\t\t* If they have not, it is deleting the cookie.\n\t\t\t* This will comment for now, until further notice.\n\t\t\t*\/\n\t\t\t\/\/if ( onetrustStorageConsent.C0002 === false ) {\n\t\t\t\/\/\tdocument.cookie=\"_fbp=;expires=Thu, 01 Jan 2010 00:00:00 UTC; path=\/; domain=.boston.com\";\n\t\t\t\/\/}\n\t\t\t\/* Checking if the user has given consent for the cookie C0002.\n\t\t\t* If the user has given consent, the variable consent will be set to 'grant'.\n\t\t\t* If the user has not given consent,the variable consent will be set to 'revoke'.\n\t\t\t* Documentation https:\/\/developers.facebook.com\/docs\/meta-pixel\/implementation\/gdpr\n\t\t\t*\/\n\t\t\tif ( ( onetrustStorageConsent !== null ) && (onetrustStorageConsent.C0002 !== true ) ) {\n\t\t\t\tconsent=\"revoke\";\n\t\t\t}\n\t\t\t\t!function(f,b,e,v,n,t,s){if(f.fbq)return;n=f.fbq=function()\n\t\t{n.callMethod? n.callMethod.apply(n,arguments):n.queue.push(arguments)}\n\t\t;if(!f._fbq)f._fbq=n;\n\t\tn.push=n;n.loaded=!0;n.version='2.0';n.queue=[];t=b.createElement(e);t.async=!0;\n\t\tt.src=v;s=b.getElementsByTagName(e)[0];s.parentNode.insertBefore(t,s)}(window,\n\t\tdocument,'script','https:\/\/connect.facebook.net\/en_US\/fbevents.js');\n\t\tfbq('consent', consent);\n\t\tfbq('init', '813236348753005');\n\t\tfbq('track', \"PageView\");\n\t<\/script><br \/>\n<br \/><br \/>\n<br \/><a href=\"https:\/\/www.boston.com\/news\/local-news\/2024\/08\/29\/jd-vance-speaks-atconvention-in-boston-following-tim-walz\/\">Source link <\/a><\/p>","protected":false},"excerpt":{"rendered":"<p>Not\u00edcias locais &#8220;Parece que temos alguns f\u00e3s e alguns haters&#8221;, disse o candidato republicano \u00e0 vice-presid\u00eancia. &#8220;Est\u00e1 tudo bem.&#8221; O candidato republicano \u00e0 vice-presid\u00eancia, senador JD Vance, republicano de Ohio,&hellip;<\/p>","protected":false},"author":1,"featured_media":29786,"comment_status":"closed","ping_status":"open","sticky":false,"template":"","format":"standard","meta":{"content-type":"","footnotes":""},"categories":[1],"tags":[],"class_list":["post-29785","post","type-post","status-publish","format-standard","has-post-thumbnail","hentry","category-uncategorized"],"_links":{"self":[{"href":"https:\/\/tvbrazilusa.com\/pt\/wp-json\/wp\/v2\/posts\/29785","targetHints":{"allow":["GET"]}}],"collection":[{"href":"https:\/\/tvbrazilusa.com\/pt\/wp-json\/wp\/v2\/posts"}],"about":[{"href":"https:\/\/tvbrazilusa.com\/pt\/wp-json\/wp\/v2\/types\/post"}],"author":[{"embeddable":true,"href":"https:\/\/tvbrazilusa.com\/pt\/wp-json\/wp\/v2\/users\/1"}],"replies":[{"embeddable":true,"href":"https:\/\/tvbrazilusa.com\/pt\/wp-json\/wp\/v2\/comments?post=29785"}],"version-history":[{"count":1,"href":"https:\/\/tvbrazilusa.com\/pt\/wp-json\/wp\/v2\/posts\/29785\/revisions"}],"predecessor-version":[{"id":29787,"href":"https:\/\/tvbrazilusa.com\/pt\/wp-json\/wp\/v2\/posts\/29785\/revisions\/29787"}],"wp:featuredmedia":[{"embeddable":true,"href":"https:\/\/tvbrazilusa.com\/pt\/wp-json\/wp\/v2\/media\/29786"}],"wp:attachment":[{"href":"https:\/\/tvbrazilusa.com\/pt\/wp-json\/wp\/v2\/media?parent=29785"}],"wp:term":[{"taxonomy":"category","embeddable":true,"href":"https:\/\/tvbrazilusa.com\/pt\/wp-json\/wp\/v2\/categories?post=29785"},{"taxonomy":"post_tag","embeddable":true,"href":"https:\/\/tvbrazilusa.com\/pt\/wp-json\/wp\/v2\/tags?post=29785"}],"curies":[{"name":"wp","href":"https:\/\/api.w.org\/{rel}","templated":true}]}}