{"id":29793,"date":"2024-08-29T18:09:40","date_gmt":"2024-08-29T18:09:40","guid":{"rendered":"https:\/\/tvbrazilusa.com\/2024\/08\/29\/drake-maye-nao-se-arrepende-apos-jacoby-brissett-ser-nomeado-titular-dos-patriots\/"},"modified":"2024-08-29T18:28:55","modified_gmt":"2024-08-29T18:28:55","slug":"drake-maye-nao-se-arrepende-apos-jacoby-brissett-ser-nomeado-titular-dos-patriots","status":"publish","type":"post","link":"https:\/\/tvbrazilusa.com\/pt\/2024\/08\/29\/drake-maye-nao-se-arrepende-apos-jacoby-brissett-ser-nomeado-titular-dos-patriots\/","title":{"rendered":"Drake Maye n\u00e3o se arrepende ap\u00f3s Jacoby Brissett ser nomeado titular dos Patriots"},"content":{"rendered":"<p> <script async src=\"https:\/\/pagead2.googlesyndication.com\/pagead\/js\/adsbygoogle.js?client=ca-pub-8864793242727901\"\r\n     crossorigin=\"anonymous\"><\/script><br \/>\n<\/p>\n<div id=\"\">\n<header class=\"m-article-header m-article-header--standard\">\n\t\t\t\t\t\t\t\t\t\t\t\t<span id=\"article-header-primary-term\"><br \/>\n\t\t\t\t\t\t\t\t<a class=\"a-term a-term--primary\" href=\"https:\/\/www.boston.com\/tag\/new-england-patriots\/\"><\/p>\n<p>\t\t\t\t\t\t\t\tPatriotas\t\t\t\t\t\t\t\t<\/a><br \/>\n\t\t\t\t\t\t\t<\/span><\/p>\n<h2 class=\"m-article-header__sub-headline\">&#8220;Sinto como se tivesse deixado tudo l\u00e1 fora. N\u00e3o me arrependo de ter voltado, e no final foi assim que aconteceu.&#8221;<\/h2>\n<figure class=\"a-photo m-article-header__photo\"><figcaption class=\"a-photo__caption\">\n<p>\tDrake Maye<em> AP Photo\/George Walker IV<\/em>\t<\/figcaption><\/figure>\n<\/header>\n<div class=\"m-block t-amp__list-container m-article-list-container  m-article-list-container--frame-border a-border-frame  a-list-header__headline--red m-article-list--alternative--default  m-article-list--floated\">\n<ul class=\"t-amp__list a-list--no-style m-article-list m-article-list--recirculation m-article-list--has-images\">\n<li class=\"m-article-list__item m-article-list__item--featured\">\n\t\t\t\t<a class=\"m-article-list__link-wrapper\" href=\"https:\/\/www.boston.com\/sports\/new-england-patriots\/2024\/08\/29\/jacoby-brissett-starting-over-drake-maye-patriots-comments\/\" data-p1=\"article_recirc_inline_feature\"><br \/>\n\t\t\t\t<img fetchpriority=\"high\" decoding=\"async\" width=\"768\" height=\"432\" src=\"https:\/\/bdc2020.o0bc.com\/wp-content\/uploads\/2024\/08\/7DJBP6TRVXC6EROOSSZB5JIMXE-66d065aec3ffb-768x432.jpg\" class=\"t-amp__list-image m-article-list__image m-article-list__image--full wp-post-image\" alt=\"\" aria-hidden=\"true\" srcset=\"https:\/\/bdc2020.o0bc.com\/wp-content\/uploads\/2024\/08\/7DJBP6TRVXC6EROOSSZB5JIMXE-66d065aec3ffb-768x432.jpg?width=200 200w, https:\/\/bdc2020.o0bc.com\/wp-content\/uploads\/2024\/08\/7DJBP6TRVXC6EROOSSZB5JIMXE-66d065aec3ffb-768x432.jpg?width=300 300w, https:\/\/bdc2020.o0bc.com\/wp-content\/uploads\/2024\/08\/7DJBP6TRVXC6EROOSSZB5JIMXE-66d065aec3ffb-768x432.jpg?width=400 400w, https:\/\/bdc2020.o0bc.com\/wp-content\/uploads\/2024\/08\/7DJBP6TRVXC6EROOSSZB5JIMXE-66d065aec3ffb-768x432.jpg?width=500 500w, https:\/\/bdc2020.o0bc.com\/wp-content\/uploads\/2024\/08\/7DJBP6TRVXC6EROOSSZB5JIMXE-66d065aec3ffb-768x432.jpg?width=600 600w, https:\/\/bdc2020.o0bc.com\/wp-content\/uploads\/2024\/08\/7DJBP6TRVXC6EROOSSZB5JIMXE-66d065aec3ffb-768x432.jpg?width=700 700w, https:\/\/bdc2020.o0bc.com\/wp-content\/uploads\/2024\/08\/7DJBP6TRVXC6EROOSSZB5JIMXE-66d065aec3ffb-768x432.jpg?width=800 800w, https:\/\/bdc2020.o0bc.com\/wp-content\/uploads\/2024\/08\/7DJBP6TRVXC6EROOSSZB5JIMXE-66d065aec3ffb-768x432.jpg?width=900 900w\" sizes=\"(max-width: 768px) 100vw, 768px\"\/>\t\t\t\t\t<\/p>\n<p><h4 class=\"m-article-list__headline t-amp__list-headline\">\n\t\t\t\t\t\t\t<span class=\"m-article-list__link a-link a-link--inline a-link--text-link a-link--text-link-dark\"><\/p>\n<p>\t\t\t\t\t\t\tJacoby Brissett ser\u00e1 titular como quarterback dos Patriots, anuncia Jerod Mayo\t\t\t\t\t\t\t<\/span><br \/>\n\t\t\t\t\t\t<\/h4>\n<\/p>\n<p>\t\t\t\t<\/a>\n\t\t\t<\/li>\n<li class=\"m-article-list__item\">\n\t\t\t\t\t\t<a class=\"m-article-list__link-wrapper\" href=\"https:\/\/www.boston.com\/sports\/nfl\/2024\/08\/29\/bill-belichicks-media-blitz-will-be-more-expansive-than-anticipated\/\" data-p1=\"article_recirc_inline_feed\"><\/p>\n<p><h4 class=\"m-article-list__headline\">\n\t\t\t\t\t\t\t\t\t<span class=\"m-article-list__link a-link a-link--inline a-link--text-link a-link--text-link-dark\"><\/p>\n<p>\t\t\t\t\t\t\t\t\tA blitz da m\u00eddia de Bill Belichick ser\u00e1 mais expansiva do que o previsto\t\t\t\t\t\t\t\t\t<\/span><br \/>\n\t\t\t\t\t\t\t\t<\/h4>\n<\/p>\n<p>\t\t\t\t\t\t<\/a>\n\t\t\t\t\t<\/li>\n<\/ul>\n<\/div>\n<p><a href=\"https:\/\/goheels.com\/sports\/football\/roster\/drake-maye\/24288\">Drake Maye<\/a> jogou bem o suficiente nesta pr\u00e9-temporada para ser considerado o quarterback titular dos Patriots. <\/p>\n<p>Muitos, incluindo o t\u00e9cnico Jerod Mayo, diriam que Maye superou Brissett. <\/p>\n<p>E ainda assim, <a href=\"https:\/\/www.boston.com\/sports\/new-england-patriots\/2024\/08\/29\/jacoby-brissett-starting-over-drake-maye-patriots-comments\/\">Mayo anunciou quinta-feira <\/a>que Maye come\u00e7ar\u00e1 sua temporada de estreia como reserva de Brissett. <\/p>\n<p>Maye n\u00e3o pareceu desapontado com a decis\u00e3o ao responder perguntas de rep\u00f3rteres em seu vesti\u00e1rio na manh\u00e3 de quinta-feira. <a href=\"https:\/\/www.gillettestadium.com\/\">Est\u00e1dio Gillette. <\/a><\/p>\n<p>\u201cEu n\u00e3o diria decepcionado, obviamente eu quero jogar\u201d, disse Maye. \u201cEssa \u00e9 a vantagem competitiva em mim. Ao mesmo tempo, eu entendo a situa\u00e7\u00e3o. Jacoby esteve no ataque e conseguiu as repeti\u00e7\u00f5es com todos os camp. Ent\u00e3o, n\u00e3o posso dizer que estou decepcionado, mas ao mesmo tempo eu quero jogar.\u201d<\/p>\n<p>Maye mostrou uma melhora significativa no final do campo de treinamento, n\u00e3o apenas se sentindo mais confort\u00e1vel com o ataque, mas tamb\u00e9m corrigindo alguns dos problemas de mec\u00e2nica que ele tinha ao sair da faculdade. <\/p>\n<p>Um aspecto particularmente not\u00e1vel da melhora foi seu jogo de p\u00e9s, que Cris Collinsworth, da NBC, elogiou durante a transmiss\u00e3o da derrota dos Patriots na final da pr\u00e9-temporada para os Commanders. <\/p>\n<p>Maye parece ter aprendido muito neste ver\u00e3o e diz que n\u00e3o se arrepende da forma como a competi\u00e7\u00e3o terminou. <\/p>\n<p>\u201cSinto que deixei tudo l\u00e1. N\u00e3o me arrependo de ter voltado, e no final foi assim que aconteceu\u201d, disse Maye. \u201cComo eu disse, vou manter a mentalidade certa e sei que esta \u00e9 a NFL. P\u00f4, n\u00e3o \u00e9 como se algu\u00e9m estivesse simplesmente indo l\u00e1 e ficando no segundo time como quarterback. Apenas seja a pessoa aben\u00e7oada que sou e agrade\u00e7a a Deus por suas b\u00ean\u00e7\u00e3os.\u201d<\/p>\n<p>Embora seja reserva, o quarterback de 21 anos disse que continuar\u00e1 se preparando como se fosse titular. <\/p>\n<p>\u201cN\u00e3o acho que nada mudou, entrei neste acampamento trabalhando e estudando duro para ser titular e n\u00e3o acho que isso mudou\u201d, disse Maye. \u201cAinda estou a uma jogada de dist\u00e2ncia, ent\u00e3o s\u00f3 preciso estar pronto para todas as circunst\u00e2ncias e estou aqui para ajudar Jacoby e manter as vibra\u00e7\u00f5es na sala do quarterback porque nada vai mudar. Ainda estou torcendo por ele e torcendo por ele.\u201d<\/p>\n<p>Brissett, que foi contratado para assumir o comando do ataque enquanto Maye se prepara e para orient\u00e1-lo, disse que continuar\u00e1 ajudando Maye. <\/p>\n<p>\u201cEle fez um \u00f3timo trabalho desde quando chegou aqui at\u00e9 onde est\u00e1 agora, foi uma diferen\u00e7a de um ano-luz. Ele dir\u00e1 o mesmo. Estou animado com o futuro dele. Ele obviamente ser\u00e1 um bom quarterback nesta liga. Ele meio que veio at\u00e9 mim tipo, cara, o que voc\u00ea precisar, estou aqui para isso, e \u00e9 a mesma coisa para ele da minha parte.\u201d<\/p>\n<p>Brissett disse que est\u00e1 animado por ser o quarterback titular dos Patriots, o time que o recrutou em 2016. <\/p>\n<p>\u201cN\u00e3o \u00e9 nada que eu tome como garantido, isso \u00e9 certo\u201d, disse Brissett. \u201cProvavelmente vai se fixar mais quando voc\u00eas sa\u00edrem do meu arm\u00e1rio, mas estou animado. Tem sido muito trabalho, muitos dias longos, noites longas e a jornada para chegar a este ponto. Sou grato por esta oportunidade, mas tamb\u00e9m estou animado por ela.\u201d<\/p>\n<div class=\"m-block m-generic-cta\t m-generic-cta--post-content\t m-generic-cta--dark\t m-generic-cta--homepage\t m-generic-cta--email-signup\t\t m-generic-cta-block-style--default \tt-amp__generic-cta\"><\/p>\n<div class=\"m-generic-cta__wrap\">\n<div class=\"m-generic-cta__content\">\n<h3 class=\"m-generic-cta__title\">Boston.com Hoje<\/h3>\n<p class=\"m-generic-cta__subtitle\">Inscreva-se para receber as \u00faltimas manchetes na sua caixa de entrada todas as manh\u00e3s.<\/p>\n<\/p><\/div>\n<\/p><\/div>\n<\/div><\/div>\n<p><script>\n\t\tvar consent=\"grant\";\n\t\t\/* The above code is parsing the JSON data from the local storage and storing it in a variable. *\/\n\t\t\t\t\tconst onetrustStorageConsent = JSON.parse(localStorage.getItem( 'consent_one_trust_bdc' ) );\n\t\t\tif ( ( onetrustStorageConsent !== null ) ) {\n\t\t\t\t\/* Checking to see if the user has consented to the use of cookies.\n\t\t\t\t* If they have not, it is deleting the cookie.\n\t\t\t\t* This will comment for now, until further notice.\n\t\t\t\t*\/\n\t\t\t\t\/\/if ( onetrustStorageConsent.C0002 === false ) {\n\t\t\t\t\/\/\tdocument.cookie=\"_fbp=;expires=Thu, 01 Jan 2010 00:00:00 UTC; path=\/; domain=.boston.com\";\n\t\t\t\t\/\/}\n\t\t\t\t\/* Checking if the user has given consent for the cookie C0002.\n\t\t\t\t* If the user has given consent, the variable consent will be set to 'grant'.\n\t\t\t\t* If the user has not given consent,the variable consent will be set to 'revoke'.\n\t\t\t\t* Documentation https:\/\/developers.facebook.com\/docs\/meta-pixel\/implementation\/gdpr\n\t\t\t\t*\/\n\t\t\t\tif ( onetrustStorageConsent.C0002 !== true ) {\n\t\t\t\t\tconsent=\"revoke\";\n\t\t\t\t}\n\t\t\t}\n\t\t\t\t!function(f,b,e,v,n,t,s)\n\t\t{if(f.fbq)return;n=f.fbq=function(){n.callMethod?\n\t\tn.callMethod.apply(n,arguments):n.queue.push(arguments)};\n\t\tif(!f._fbq)f._fbq=n;n.push=n;n.loaded=!0;n.version='2.0';\n\t\tn.queue=[];t=b.createElement(e);t.async=!0;\n\t\tt.src=v;s=b.getElementsByTagName(e)[0];\n\t\ts.parentNode.insertBefore(t,s)}(window, document,'script',\n\t\t'https:\/\/connect.facebook.net\/en_US\/fbevents.js');\n\t\tfbq('consent', consent);\n\t\tfbq('init', '989222871864976');\n\t\tfbq('track', 'PageView');\n\t<\/script><script type=\"module\">\n\t\tvar consent=\"grant\";\n\t\t\/* The above code is parsing the JSON data from the local storage and storing it in a variable. *\/\n\t\t\tconst onetrustStorageConsent = JSON.parse(localStorage.getItem( 'consent_one_trust_bdc' ) );\n\t\t\t\/* Checking to see if the user has consented to the use of cookies.\n\t\t\t* If they have not, it is deleting the cookie.\n\t\t\t* This will comment for now, until further notice.\n\t\t\t*\/\n\t\t\t\/\/if ( onetrustStorageConsent.C0002 === false ) {\n\t\t\t\/\/\tdocument.cookie=\"_fbp=;expires=Thu, 01 Jan 2010 00:00:00 UTC; path=\/; domain=.boston.com\";\n\t\t\t\/\/}\n\t\t\t\/* Checking if the user has given consent for the cookie C0002.\n\t\t\t* If the user has given consent, the variable consent will be set to 'grant'.\n\t\t\t* If the user has not given consent,the variable consent will be set to 'revoke'.\n\t\t\t* Documentation https:\/\/developers.facebook.com\/docs\/meta-pixel\/implementation\/gdpr\n\t\t\t*\/\n\t\t\tif ( ( onetrustStorageConsent !== null ) && (onetrustStorageConsent.C0002 !== true ) ) {\n\t\t\t\tconsent=\"revoke\";\n\t\t\t}\n\t\t\t\t!function(f,b,e,v,n,t,s){if(f.fbq)return;n=f.fbq=function()\n\t\t{n.callMethod? n.callMethod.apply(n,arguments):n.queue.push(arguments)}\n\t\t;if(!f._fbq)f._fbq=n;\n\t\tn.push=n;n.loaded=!0;n.version='2.0';n.queue=[];t=b.createElement(e);t.async=!0;\n\t\tt.src=v;s=b.getElementsByTagName(e)[0];s.parentNode.insertBefore(t,s)}(window,\n\t\tdocument,'script','https:\/\/connect.facebook.net\/en_US\/fbevents.js');\n\t\tfbq('consent', consent);\n\t\tfbq('init', '813236348753005');\n\t\tfbq('track', \"PageView\");\n\t<\/script><br \/>\n<br \/><br \/>\n<br \/><a href=\"https:\/\/www.boston.com\/sports\/new-england-patriots\/2024\/08\/29\/drake-maye-jacoby-brissett-patriots-starter-comments\/\">Source link <\/a><\/p>","protected":false},"excerpt":{"rendered":"<p>Patriotas &#8220;Sinto como se tivesse deixado tudo l\u00e1 fora. N\u00e3o me arrependo de ter voltado, e no final foi assim que aconteceu.&#8221; Drake Maye AP Photo\/George Walker IV Jacoby Brissett&hellip;<\/p>","protected":false},"author":1,"featured_media":29794,"comment_status":"closed","ping_status":"open","sticky":false,"template":"","format":"standard","meta":{"content-type":"","footnotes":""},"categories":[1],"tags":[],"class_list":["post-29793","post","type-post","status-publish","format-standard","has-post-thumbnail","hentry","category-uncategorized"],"_links":{"self":[{"href":"https:\/\/tvbrazilusa.com\/pt\/wp-json\/wp\/v2\/posts\/29793","targetHints":{"allow":["GET"]}}],"collection":[{"href":"https:\/\/tvbrazilusa.com\/pt\/wp-json\/wp\/v2\/posts"}],"about":[{"href":"https:\/\/tvbrazilusa.com\/pt\/wp-json\/wp\/v2\/types\/post"}],"author":[{"embeddable":true,"href":"https:\/\/tvbrazilusa.com\/pt\/wp-json\/wp\/v2\/users\/1"}],"replies":[{"embeddable":true,"href":"https:\/\/tvbrazilusa.com\/pt\/wp-json\/wp\/v2\/comments?post=29793"}],"version-history":[{"count":1,"href":"https:\/\/tvbrazilusa.com\/pt\/wp-json\/wp\/v2\/posts\/29793\/revisions"}],"predecessor-version":[{"id":29795,"href":"https:\/\/tvbrazilusa.com\/pt\/wp-json\/wp\/v2\/posts\/29793\/revisions\/29795"}],"wp:featuredmedia":[{"embeddable":true,"href":"https:\/\/tvbrazilusa.com\/pt\/wp-json\/wp\/v2\/media\/29794"}],"wp:attachment":[{"href":"https:\/\/tvbrazilusa.com\/pt\/wp-json\/wp\/v2\/media?parent=29793"}],"wp:term":[{"taxonomy":"category","embeddable":true,"href":"https:\/\/tvbrazilusa.com\/pt\/wp-json\/wp\/v2\/categories?post=29793"},{"taxonomy":"post_tag","embeddable":true,"href":"https:\/\/tvbrazilusa.com\/pt\/wp-json\/wp\/v2\/tags?post=29793"}],"curies":[{"name":"wp","href":"https:\/\/api.w.org\/{rel}","templated":true}]}}