{"id":29819,"date":"2024-08-29T19:19:58","date_gmt":"2024-08-29T19:19:58","guid":{"rendered":"https:\/\/tvbrazilusa.com\/2024\/08\/29\/plano-de-acao-climatica-comeca-a-ser-formado-em-jacksonville-jacksonville-today\/"},"modified":"2024-08-29T19:31:12","modified_gmt":"2024-08-29T19:31:12","slug":"plano-de-acao-climatica-comeca-a-ser-formado-em-jacksonville-jacksonville-today","status":"publish","type":"post","link":"https:\/\/tvbrazilusa.com\/pt\/2024\/08\/29\/plano-de-acao-climatica-comeca-a-ser-formado-em-jacksonville-jacksonville-today\/","title":{"rendered":"Plano de a\u00e7\u00e3o clim\u00e1tica come\u00e7a a ser formado em Jacksonville &#8211; Jacksonville Today"},"content":{"rendered":"<p> <script async src=\"https:\/\/pagead2.googlesyndication.com\/pagead\/js\/adsbygoogle.js?client=ca-pub-8864793242727901\"\r\n     crossorigin=\"anonymous\"><\/script><br \/>\n<\/p>\n<div>\n<p>Uma mesa redonda na quinta-feira deu in\u00edcio a meses de trabalho de base para criar um Plano de A\u00e7\u00e3o Clim\u00e1tica para o Ar Limpo no Nordeste da Fl\u00f3rida.<\/p>\n<p>Mais ideias ser\u00e3o buscadas em quatro f\u00f3runs online entre agora e maio para desenvolver um plano para mitigar os efeitos da polui\u00e7\u00e3o e das mudan\u00e7as clim\u00e1ticas. O plano final ser\u00e1 submetido \u00e0 Ag\u00eancia de Prote\u00e7\u00e3o Ambiental e pode levar a milh\u00f5es de d\u00f3lares para lidar com as emiss\u00f5es de carbono e encontrar fontes de energia n\u00e3o poluentes, como a solar.<\/p>\n<p>Mais de 100 pessoas \u2014 variando de cidad\u00e3os a l\u00edderes municipais e comunit\u00e1rios, autoridades da EPA e especialistas ambientais \u2014 compareceram ao in\u00edcio de tr\u00eas horas na quinta-feira na Biblioteca Principal em Jacksonville. Uma doa\u00e7\u00e3o de US$ 1 milh\u00e3o por meio do Programa de Doa\u00e7\u00f5es para Redu\u00e7\u00e3o da Polui\u00e7\u00e3o Clim\u00e1tica administrado pela EPA est\u00e1 financiando o esfor\u00e7o. Um plano completo deve ser entregue \u00e0 EPA em pouco mais de um ano.<\/p>\n<p>\u201cN\u00f3s definitivamente queremos que as pessoas entendam que para o plano de a\u00e7\u00e3o clim\u00e1tica avan\u00e7ar, ser\u00e1 preciso todo mundo\u201d, disse Ashantae Green, gerente de sustentabilidade de Jacksonville. \u201cTemos mesas redondas mensais do setor reunindo especialistas da ind\u00fastria de cada setor que impacta as emiss\u00f5es de gases de efeito estufa \u2014 residencial, comercial, ind\u00fastria, energia, at\u00e9 mesmo \u00e1guas residuais e res\u00edduos s\u00f3lidos. Queremos apenas que todos deem seu feedback, bem como entendam que para mitigarmos alguns dos problemas quando se trata de mudan\u00e7as clim\u00e1ticas, temos que planejar adequadamente.\u201d<\/p>\n<p>A EPA est\u00e1 fazendo \u201ctudo o que podemos para melhorar nosso ar\u201d, disse Sarah Taft, do escrit\u00f3rio da regi\u00e3o sudeste da EPA. Jacksonville deu o primeiro passo em mar\u00e7o de 2023 com seu <a href=\"http:\/\/chrome-extension:\/\/efaidnbmnnnibpcajpcglclefindmkaj\/https:\/\/www.epa.gov\/system\/files\/documents\/2024-03\/clean-air-northeast-florida-pcap.pdf\" rel=\"nofollow noopener\" target=\"_blank\">Plano de A\u00e7\u00e3o Clim\u00e1tica Priorit\u00e1ria Regional<\/a>. Isso estabelece a estrutura para combater as mudan\u00e7as clim\u00e1ticas e seus efeitos no nordeste da Fl\u00f3rida.<\/p>\n<p>Taft disse que estava na reuni\u00e3o de quinta-feira para trabalhar no novo plano de a\u00e7\u00e3o clim\u00e1tica e encontrar novas estrat\u00e9gias e parceiros de neg\u00f3cios para atingir essa meta.<\/p>\n<p>\u201cEste \u00e9 o plano real do que voc\u00eas v\u00e3o fazer, com quem voc\u00eas v\u00e3o trabalhar, quais setores estar\u00e3o envolvidos, para torn\u00e1-lo tang\u00edvel\u201d, ela disse. \u201cA maior parte disso \u00e9 procurar oportunidades de financiamento, ent\u00e3o descobrir onde voc\u00ea pode obter fundos federais e construir parcerias, e \u00e9 para isso que estamos aqui para ajudar tamb\u00e9m.\u201d<\/p>\n<figure class=\"wp-block-image size-large\"><figcaption class=\"wp-element-caption\">Os membros da audi\u00eancia foram convidados a marcar as a\u00e7\u00f5es que as cidades e as empresas poderiam tomar para reduzir as emiss\u00f5es de gases de efeito estufa e outras polui\u00e7\u00f5es atmosf\u00e9ricas prejudiciais. | Dan Scanlan, Jacksonville Today<\/figcaption><\/figure>\n<p>O programa de subs\u00eddios da EPA foi criado para permitir que comunidades melhorem a qualidade do ar, melhorem a sa\u00fade p\u00fablica, criem empregos, aumentem a independ\u00eancia energ\u00e9tica, conservem recursos ambientais e mitiguem os efeitos das mudan\u00e7as clim\u00e1ticas por meio de medidas regionais de redu\u00e7\u00e3o de gases de efeito estufa. <\/p>\n<p>O plano de Jacksonville cobriria os condados de Baker, Clay, Duval, Flagler, Nassau, Putnam e St. Johns, bem como Palm Coast. O desenvolvimento do plano tornaria a \u00e1rea eleg\u00edvel para mais de US$ 500 milh\u00f5es em subs\u00eddios para tratar de problemas de polui\u00e7\u00e3o, disse Green em um <a href=\"https:\/\/jaxtoday.org\/2023\/11\/29\/first-coast-counties-unite-in-fight-against-climate-threats\/#:~:text=Jacksonville%20was%20awarded%20%241%20million,a%20survey%20due%20next%20spring.\">Reuni\u00e3o colaborativa da Resilient First Coast<\/a> em novembro passado no Condado de St. Johns.<\/p>\n<p>A reuni\u00e3o de quinta-feira incluiu funcion\u00e1rios da Jacksonville Transportation Authority, JEA, Jacksonville Port Authority, Jacksonville Airport Authority e at\u00e9 mesmo o Duval County School Board. Todos foram convidados a revisar p\u00f4steres com ideias coletadas de todo o pa\u00eds para limpar as emiss\u00f5es de gases de efeito estufa nos setores de transporte, constru\u00e7\u00e3o, gera\u00e7\u00e3o de energia e outros, e ent\u00e3o marcar os tr\u00eas que eles acreditam que poderiam ser feitos.<\/p>\n<figure class=\"wp-block-image size-large\"><img loading=\"lazy\" decoding=\"async\" width=\"1024\" height=\"576\" src=\"https:\/\/jaxtoday.org\/wp-content\/uploads\/2024\/08\/20240829_085312-1024x576.jpg\" alt=\"\" class=\"wp-image-75999\" srcset=\"https:\/\/jaxtoday.org\/wp-content\/uploads\/2024\/08\/20240829_085312-1024x576.jpg 1024w, https:\/\/jaxtoday.org\/wp-content\/uploads\/2024\/08\/20240829_085312-300x169.jpg 300w, https:\/\/jaxtoday.org\/wp-content\/uploads\/2024\/08\/20240829_085312-768x432.jpg 768w, https:\/\/jaxtoday.org\/wp-content\/uploads\/2024\/08\/20240829_085312-1536x864.jpg 1536w, https:\/\/jaxtoday.org\/wp-content\/uploads\/2024\/08\/20240829_085312-2048x1152.jpg 2048w, https:\/\/jaxtoday.org\/wp-content\/uploads\/2024\/08\/20240829_085312-800x450.jpg 800w, https:\/\/jaxtoday.org\/wp-content\/uploads\/2024\/08\/20240829_085312-1200x675.jpg 1200w, https:\/\/jaxtoday.org\/wp-content\/uploads\/2024\/08\/20240829_085312-427x240.jpg 427w, https:\/\/jaxtoday.org\/wp-content\/uploads\/2024\/08\/20240829_085312-100x56.jpg 100w, https:\/\/jaxtoday.org\/wp-content\/uploads\/2024\/08\/20240829_085312-1650x928.jpg 1650w\" sizes=\"auto, (max-width: 1024px) 100vw, 1024px\"\/><figcaption class=\"wp-element-caption\">Marcas de tinta mostram onde as pessoas demonstraram aprova\u00e7\u00e3o de poss\u00edveis maneiras para as empresas de energia reduzirem as emiss\u00f5es. | Dan Scanlan, Jacksonville Today<\/figcaption><\/figure>\n<p>Quando as ideias forem incorporadas ao plano de a\u00e7\u00e3o at\u00e9 abril, Green disse que ele conter\u00e1 maneiras concretas de limitar as emiss\u00f5es de gases de efeito estufa. A investiga\u00e7\u00e3o deles at\u00e9 agora mostra que um dos maiores contribuintes para as emiss\u00f5es de gases de efeito estufa \u2014 40% \u2014 \u00e9 o transporte, como carros, caminh\u00f5es e similares.<\/p>\n<p>\u201cSe voc\u00ea olhar o plano de prioridades, ver\u00e1 muitas oportunidades excelentes para colaborar com a JTA e outros parceiros para aumentar o transporte de massa\u201d, ela disse. \u201cTamb\u00e9m estamos analisando como aumentar a quantidade de esta\u00e7\u00f5es de recarga de ve\u00edculos el\u00e9tricos. E tamb\u00e9m estamos analisando nossos pr\u00e9dios, que tamb\u00e9m s\u00e3o respons\u00e1veis \u200b\u200bpor outros 40% de nossas emiss\u00f5es, e como podemos reduzir a carga de energia e aumentar a efici\u00eancia energ\u00e9tica em todos os aspectos.\u201d<\/p>\n<p>Haver\u00e1 eventos presenciais adicionais, bem como mensais <a href=\"https:\/\/cleanairnortheastflorida.com\/get-involved\" rel=\"nofollow noopener\" target=\"_blank\">reuni\u00f5es virtuais de mesa redonda do setor<\/a> e f\u00f3runs p\u00fablicos online. Esses f\u00f3runs ser\u00e3o \u00e0s 18h de 12 de setembro, 13h de 6 de dezembro, 13h de 28 de fevereiro e 13h de 30 de maio.<\/p>\n<\/div>\n<p><br \/>\n<br \/><a href=\"https:\/\/jaxtoday.org\/2024\/08\/29\/climate-action-plan-begins-to-form-in-jacksonville\/\">Source link <\/a><\/p>","protected":false},"excerpt":{"rendered":"<p>Uma mesa redonda na quinta-feira deu in\u00edcio a meses de trabalho de base para criar um Plano de A\u00e7\u00e3o Clim\u00e1tica para o Ar Limpo no Nordeste da Fl\u00f3rida. Mais ideias&hellip;<\/p>","protected":false},"author":1,"featured_media":29820,"comment_status":"closed","ping_status":"open","sticky":false,"template":"","format":"standard","meta":{"content-type":"","footnotes":""},"categories":[1],"tags":[],"class_list":["post-29819","post","type-post","status-publish","format-standard","has-post-thumbnail","hentry","category-uncategorized"],"_links":{"self":[{"href":"https:\/\/tvbrazilusa.com\/pt\/wp-json\/wp\/v2\/posts\/29819","targetHints":{"allow":["GET"]}}],"collection":[{"href":"https:\/\/tvbrazilusa.com\/pt\/wp-json\/wp\/v2\/posts"}],"about":[{"href":"https:\/\/tvbrazilusa.com\/pt\/wp-json\/wp\/v2\/types\/post"}],"author":[{"embeddable":true,"href":"https:\/\/tvbrazilusa.com\/pt\/wp-json\/wp\/v2\/users\/1"}],"replies":[{"embeddable":true,"href":"https:\/\/tvbrazilusa.com\/pt\/wp-json\/wp\/v2\/comments?post=29819"}],"version-history":[{"count":1,"href":"https:\/\/tvbrazilusa.com\/pt\/wp-json\/wp\/v2\/posts\/29819\/revisions"}],"predecessor-version":[{"id":29821,"href":"https:\/\/tvbrazilusa.com\/pt\/wp-json\/wp\/v2\/posts\/29819\/revisions\/29821"}],"wp:featuredmedia":[{"embeddable":true,"href":"https:\/\/tvbrazilusa.com\/pt\/wp-json\/wp\/v2\/media\/29820"}],"wp:attachment":[{"href":"https:\/\/tvbrazilusa.com\/pt\/wp-json\/wp\/v2\/media?parent=29819"}],"wp:term":[{"taxonomy":"category","embeddable":true,"href":"https:\/\/tvbrazilusa.com\/pt\/wp-json\/wp\/v2\/categories?post=29819"},{"taxonomy":"post_tag","embeddable":true,"href":"https:\/\/tvbrazilusa.com\/pt\/wp-json\/wp\/v2\/tags?post=29819"}],"curies":[{"name":"wp","href":"https:\/\/api.w.org\/{rel}","templated":true}]}}