{"id":29825,"date":"2024-08-29T17:19:52","date_gmt":"2024-08-29T17:19:52","guid":{"rendered":"https:\/\/tvbrazilusa.com\/2024\/08\/29\/a-taxa-media-de-uma-hipoteca-de-30-anos-cai-para-o-seu-nivel-mais-baixo-em-mais-de-um-ano\/"},"modified":"2024-08-29T19:33:41","modified_gmt":"2024-08-29T19:33:41","slug":"a-taxa-media-de-uma-hipoteca-de-30-anos-cai-para-o-seu-nivel-mais-baixo-em-mais-de-um-ano","status":"publish","type":"post","link":"https:\/\/tvbrazilusa.com\/pt\/2024\/08\/29\/a-taxa-media-de-uma-hipoteca-de-30-anos-cai-para-o-seu-nivel-mais-baixo-em-mais-de-um-ano\/","title":{"rendered":"A taxa m\u00e9dia de uma hipoteca de 30 anos cai para o seu n\u00edvel mais baixo em mais de um ano"},"content":{"rendered":"<p> <script async src=\"https:\/\/pagead2.googlesyndication.com\/pagead\/js\/adsbygoogle.js?client=ca-pub-8864793242727901\"\r\n     crossorigin=\"anonymous\"><\/script><br \/>\n<\/p>\n<div id=\"\">\n<header class=\"m-article-header m-article-header--standard\">\n\t\t\t\t\t\t\t\t\t\t\t\t<span id=\"article-header-primary-term\"><br \/>\n\t\t\t\t\t\t\t\t<a class=\"a-term a-term--primary\" href=\"https:\/\/www.boston.com\/tag\/real-estate-news\/\"><\/p>\n<p>\t\t\t\t\t\t\t\tNot\u00edcias imobili\u00e1rias\t\t\t\t\t\t\t\t<\/a><br \/>\n\t\t\t\t\t\t\t<\/span><\/p>\n<h2 class=\"m-article-header__sub-headline\">\u201cAs taxas de hipoteca ca\u00edram novamente esta semana devido \u00e0s expectativas de um corte nas taxas do Fed.\u201d<\/h2>\n<figure class=\"a-photo m-article-header__photo\"><figcaption class=\"a-photo__caption\">\n<p>\tAs vendas de casas anteriormente ocupadas nos EUA est\u00e3o abaixo do ritmo do ano passado, embora tenham encerrado uma queda de quatro meses em julho.<em> David Zalubowski\/Associated Press<\/em>\t<\/figcaption><\/figure>\n<div class=\"m-article-header__meta\">\n<div class=\"m-article-header__byline\">\n<p class=\"m-article-header__author\">\n<p>\t\t\t\t\t\t\t\tPor ALEX VEIGA, Associated Press\t\t\t\t\t\t\t<\/p>\n<p>\t\t\t\t\t\t    \t\t\t\t\t\t\t<time class=\"m-article-header__date\"><\/p>\n<p>        \t\t\t\t\t\t\t29 de agosto de 2024 | 13h19    \t\t\t\t\t\t\t<\/time><\/p><\/div>\n<\/p><\/div>\n<\/header>\n<p>A taxa m\u00e9dia de uma hipoteca de 30 anos diminuiu pela segunda semana consecutiva e permanece em seu n\u00edvel mais baixo em mais de um ano \u2014 boas not\u00edcias para os potenciais <a href=\"https:\/\/www.boston.com\/tag\/home-buying\/?p1=header_subnav\">compradores de casas<\/a> enfrentando os pre\u00e7os das casas <a href=\"https:\/\/www.boston.com\/real-estate\/home-buying\/2024\/08\/21\/greater-boston-home-prices-maximum\/\">perto de recordes<\/a>.<\/p>\n<p>A taxa caiu de 6,46% para 6,35%, segundo o comprador da hipoteca <a href=\"https:\/\/www.freddiemac.com\/\">Freddie Mac<\/a> disse quinta-feira. H\u00e1 um ano, a taxa era em m\u00e9dia de 7,18%. <a href=\"https:\/\/www.freddiemac.com\/\">H\u00e1 cinco anos, era de 3,58 por cento<\/a>de acordo com o Federal Reserve Bank de St. Louis.<\/p>\n<p>A \u00faltima vez que a taxa m\u00e9dia foi t\u00e3o baixa foi em 11 de maio de 2023.<\/p>\n<p>Os custos de empr\u00e9stimos em hipotecas de taxa fixa de 15 anos tamb\u00e9m ca\u00edram esta semana, uma boa not\u00edcia para propriet\u00e1rios de im\u00f3veis que buscam refinanciar seus empr\u00e9stimos imobili\u00e1rios. A taxa m\u00e9dia caiu de 5,62% na semana passada para 5,51%. Um ano atr\u00e1s, a m\u00e9dia era de 6,55%, disse a Freddie Mac. <a href=\"https:\/\/www.freddiemac.com\/\">H\u00e1 cinco anos, era de 3,06 por cento<\/a>de acordo com o Federal Reserve Bank de St. Louis.<\/p>\n<p>\u201cAs taxas de hipoteca ca\u00edram novamente esta semana devido \u00e0s expectativas de um corte de taxa do Fed\u201d, disse Sam Khater, economista-chefe da Freddie Mac. \u201cAs taxas devem continuar seu decl\u00ednio e, embora potenciais compradores de im\u00f3veis estejam observando de perto, uma recupera\u00e7\u00e3o na atividade de compra permanece ilus\u00f3ria at\u00e9 que vejamos mais decl\u00ednios.\u201d<\/p>\n<p>Sinais de queda da infla\u00e7\u00e3o e um mercado de trabalho em desacelera\u00e7\u00e3o aumentaram as expectativas de que o Federal Reserve cortar\u00e1 sua taxa b\u00e1sica de juros no m\u00eas que vem pela primeira vez em quatro anos.<\/p>\n<figure class=\"wp-block-image size-full\"><img fetchpriority=\"high\" decoding=\"async\" width=\"1200\" height=\"675\" src=\"https:\/\/bdc2020.o0bc.com\/wp-content\/uploads\/2024\/08\/https___assets.bwbx_.io_images_users_iqjWHBFdfxIU_iGL5clYp4bPg_v2_piFq5T3pJF0qzS8rF9LjsWaQ_-1x-1-66d0ad889555e.jpg\" alt=\"Taxas de hipotecas dos EUA continuam a recuar | Enquanto a taxa fixa de 30 anos \u00e9 a mais baixa desde abril de 2023, o \u00edndice de compra permanece deprimido\" class=\"wp-image-31476678\" srcset=\"https:\/\/bdc2020.o0bc.com\/wp-content\/uploads\/2024\/08\/https___assets.bwbx_.io_images_users_iqjWHBFdfxIU_iGL5clYp4bPg_v2_piFq5T3pJF0qzS8rF9LjsWaQ_-1x-1-66d0ad889555e.jpg?width=200 200w, https:\/\/bdc2020.o0bc.com\/wp-content\/uploads\/2024\/08\/https___assets.bwbx_.io_images_users_iqjWHBFdfxIU_iGL5clYp4bPg_v2_piFq5T3pJF0qzS8rF9LjsWaQ_-1x-1-66d0ad889555e.jpg?width=300 300w, https:\/\/bdc2020.o0bc.com\/wp-content\/uploads\/2024\/08\/https___assets.bwbx_.io_images_users_iqjWHBFdfxIU_iGL5clYp4bPg_v2_piFq5T3pJF0qzS8rF9LjsWaQ_-1x-1-66d0ad889555e.jpg?width=400 400w, https:\/\/bdc2020.o0bc.com\/wp-content\/uploads\/2024\/08\/https___assets.bwbx_.io_images_users_iqjWHBFdfxIU_iGL5clYp4bPg_v2_piFq5T3pJF0qzS8rF9LjsWaQ_-1x-1-66d0ad889555e.jpg?width=500 500w, https:\/\/bdc2020.o0bc.com\/wp-content\/uploads\/2024\/08\/https___assets.bwbx_.io_images_users_iqjWHBFdfxIU_iGL5clYp4bPg_v2_piFq5T3pJF0qzS8rF9LjsWaQ_-1x-1-66d0ad889555e.jpg?width=600 600w, https:\/\/bdc2020.o0bc.com\/wp-content\/uploads\/2024\/08\/https___assets.bwbx_.io_images_users_iqjWHBFdfxIU_iGL5clYp4bPg_v2_piFq5T3pJF0qzS8rF9LjsWaQ_-1x-1-66d0ad889555e.jpg?width=700 700w, https:\/\/bdc2020.o0bc.com\/wp-content\/uploads\/2024\/08\/https___assets.bwbx_.io_images_users_iqjWHBFdfxIU_iGL5clYp4bPg_v2_piFq5T3pJF0qzS8rF9LjsWaQ_-1x-1-66d0ad889555e.jpg?width=800 800w, https:\/\/bdc2020.o0bc.com\/wp-content\/uploads\/2024\/08\/https___assets.bwbx_.io_images_users_iqjWHBFdfxIU_iGL5clYp4bPg_v2_piFq5T3pJF0qzS8rF9LjsWaQ_-1x-1-66d0ad889555e.jpg?width=900 900w\" sizes=\"(max-width: 1200px) 100vw, 1200px\"\/><figcaption class=\"wp-element-caption\">.<i> \u2013 Associa\u00e7\u00e3o de Bancos Hipotec\u00e1rios<\/i><\/figcaption><\/figure>\n<p>As taxas elevadas de hipotecas, que podem acrescentar centenas de d\u00f3lares por m\u00eas em custos para os mutu\u00e1rios, t\u00eam mantido muitos potenciais <a href=\"https:\/\/www.bostonglobe.com\/2024\/04\/24\/real-estate\/mortgage-rate-lock-keeps-buyers-parked-homes-they-no-longer-want\/\">compradores de casas \u00e0 margem<\/a>estendendo a crise imobili\u00e1ria do pa\u00eds para seu terceiro ano.<\/p>\n<p>As vendas de casas anteriormente ocupadas nos EUA est\u00e3o abaixo do ritmo do ano passado, embora tenham encerrado uma queda de quatro meses em julho.<\/p>\n<p>Depois de subir para uma alta de 23 anos de 7,79 por cento em outubro, a taxa m\u00e9dia de uma hipoteca de 30 anos tem oscilado em torno de 7 por cento este ano \u2014 mais que o dobro do que era h\u00e1 apenas tr\u00eas anos. Mas este m\u00eas, a taxa m\u00e9dia fez sua maior redu\u00e7\u00e3o em mais de um ano.<\/p>\n<div class=\"m-block m-generic-cta\t m-generic-cta--post-content\t m-generic-cta--dark\t m-generic-cta--homepage\t m-generic-cta--email-signup\t\t m-generic-cta-block-style--default \tt-amp__generic-cta\"><\/p>\n<div class=\"m-generic-cta__wrap\">\n<div class=\"m-generic-cta__content\">\n<h3 class=\"m-generic-cta__title\">Endere\u00e7o boletim informativo<\/h3>\n<p class=\"m-generic-cta__subtitle\">Receba as \u00faltimas not\u00edcias sobre compra, venda, aluguel, design de interiores e muito mais.<\/p>\n<\/p><\/div>\n<\/p><\/div>\n<\/div><\/div>\n<p><script>\n\t\tvar consent=\"grant\";\n\t\t\/* The above code is parsing the JSON data from the local storage and storing it in a variable. *\/\n\t\t\t\t\tconst onetrustStorageConsent = JSON.parse(localStorage.getItem( 'consent_one_trust_bdc' ) );\n\t\t\tif ( ( onetrustStorageConsent !== null ) ) {\n\t\t\t\t\/* Checking to see if the user has consented to the use of cookies.\n\t\t\t\t* If they have not, it is deleting the cookie.\n\t\t\t\t* This will comment for now, until further notice.\n\t\t\t\t*\/\n\t\t\t\t\/\/if ( onetrustStorageConsent.C0002 === false ) {\n\t\t\t\t\/\/\tdocument.cookie=\"_fbp=;expires=Thu, 01 Jan 2010 00:00:00 UTC; path=\/; domain=.boston.com\";\n\t\t\t\t\/\/}\n\t\t\t\t\/* Checking if the user has given consent for the cookie C0002.\n\t\t\t\t* If the user has given consent, the variable consent will be set to 'grant'.\n\t\t\t\t* If the user has not given consent,the variable consent will be set to 'revoke'.\n\t\t\t\t* Documentation https:\/\/developers.facebook.com\/docs\/meta-pixel\/implementation\/gdpr\n\t\t\t\t*\/\n\t\t\t\tif ( onetrustStorageConsent.C0002 !== true ) {\n\t\t\t\t\tconsent=\"revoke\";\n\t\t\t\t}\n\t\t\t}\n\t\t\t\t!function(f,b,e,v,n,t,s)\n\t\t{if(f.fbq)return;n=f.fbq=function(){n.callMethod?\n\t\tn.callMethod.apply(n,arguments):n.queue.push(arguments)};\n\t\tif(!f._fbq)f._fbq=n;n.push=n;n.loaded=!0;n.version='2.0';\n\t\tn.queue=[];t=b.createElement(e);t.async=!0;\n\t\tt.src=v;s=b.getElementsByTagName(e)[0];\n\t\ts.parentNode.insertBefore(t,s)}(window, document,'script',\n\t\t'https:\/\/connect.facebook.net\/en_US\/fbevents.js');\n\t\tfbq('consent', consent);\n\t\tfbq('init', '989222871864976');\n\t\tfbq('track', 'PageView');\n\t<\/script><script type=\"module\">\n\t\tvar consent=\"grant\";\n\t\t\/* The above code is parsing the JSON data from the local storage and storing it in a variable. *\/\n\t\t\tconst onetrustStorageConsent = JSON.parse(localStorage.getItem( 'consent_one_trust_bdc' ) );\n\t\t\t\/* Checking to see if the user has consented to the use of cookies.\n\t\t\t* If they have not, it is deleting the cookie.\n\t\t\t* This will comment for now, until further notice.\n\t\t\t*\/\n\t\t\t\/\/if ( onetrustStorageConsent.C0002 === false ) {\n\t\t\t\/\/\tdocument.cookie=\"_fbp=;expires=Thu, 01 Jan 2010 00:00:00 UTC; path=\/; domain=.boston.com\";\n\t\t\t\/\/}\n\t\t\t\/* Checking if the user has given consent for the cookie C0002.\n\t\t\t* If the user has given consent, the variable consent will be set to 'grant'.\n\t\t\t* If the user has not given consent,the variable consent will be set to 'revoke'.\n\t\t\t* Documentation https:\/\/developers.facebook.com\/docs\/meta-pixel\/implementation\/gdpr\n\t\t\t*\/\n\t\t\tif ( ( onetrustStorageConsent !== null ) && (onetrustStorageConsent.C0002 !== true ) ) {\n\t\t\t\tconsent=\"revoke\";\n\t\t\t}\n\t\t\t\t!function(f,b,e,v,n,t,s){if(f.fbq)return;n=f.fbq=function()\n\t\t{n.callMethod? n.callMethod.apply(n,arguments):n.queue.push(arguments)}\n\t\t;if(!f._fbq)f._fbq=n;\n\t\tn.push=n;n.loaded=!0;n.version='2.0';n.queue=[];t=b.createElement(e);t.async=!0;\n\t\tt.src=v;s=b.getElementsByTagName(e)[0];s.parentNode.insertBefore(t,s)}(window,\n\t\tdocument,'script','https:\/\/connect.facebook.net\/en_US\/fbevents.js');\n\t\tfbq('consent', consent);\n\t\tfbq('init', '813236348753005');\n\t\tfbq('track', \"PageView\");\n\t<\/script><br \/>\n<br \/><br \/>\n<br \/><a href=\"https:\/\/www.boston.com\/real-estate\/real-estate-news\/2024\/08\/29\/average-rate-on-a-30-year-mortgage-eases\/\">Source link <\/a><\/p>","protected":false},"excerpt":{"rendered":"<p>Not\u00edcias imobili\u00e1rias \u201cAs taxas de hipoteca ca\u00edram novamente esta semana devido \u00e0s expectativas de um corte nas taxas do Fed.\u201d As vendas de casas anteriormente ocupadas nos EUA est\u00e3o abaixo&hellip;<\/p>","protected":false},"author":1,"featured_media":29826,"comment_status":"closed","ping_status":"open","sticky":false,"template":"","format":"standard","meta":{"content-type":"","footnotes":""},"categories":[1],"tags":[],"class_list":["post-29825","post","type-post","status-publish","format-standard","has-post-thumbnail","hentry","category-uncategorized"],"_links":{"self":[{"href":"https:\/\/tvbrazilusa.com\/pt\/wp-json\/wp\/v2\/posts\/29825","targetHints":{"allow":["GET"]}}],"collection":[{"href":"https:\/\/tvbrazilusa.com\/pt\/wp-json\/wp\/v2\/posts"}],"about":[{"href":"https:\/\/tvbrazilusa.com\/pt\/wp-json\/wp\/v2\/types\/post"}],"author":[{"embeddable":true,"href":"https:\/\/tvbrazilusa.com\/pt\/wp-json\/wp\/v2\/users\/1"}],"replies":[{"embeddable":true,"href":"https:\/\/tvbrazilusa.com\/pt\/wp-json\/wp\/v2\/comments?post=29825"}],"version-history":[{"count":1,"href":"https:\/\/tvbrazilusa.com\/pt\/wp-json\/wp\/v2\/posts\/29825\/revisions"}],"predecessor-version":[{"id":29827,"href":"https:\/\/tvbrazilusa.com\/pt\/wp-json\/wp\/v2\/posts\/29825\/revisions\/29827"}],"wp:featuredmedia":[{"embeddable":true,"href":"https:\/\/tvbrazilusa.com\/pt\/wp-json\/wp\/v2\/media\/29826"}],"wp:attachment":[{"href":"https:\/\/tvbrazilusa.com\/pt\/wp-json\/wp\/v2\/media?parent=29825"}],"wp:term":[{"taxonomy":"category","embeddable":true,"href":"https:\/\/tvbrazilusa.com\/pt\/wp-json\/wp\/v2\/categories?post=29825"},{"taxonomy":"post_tag","embeddable":true,"href":"https:\/\/tvbrazilusa.com\/pt\/wp-json\/wp\/v2\/tags?post=29825"}],"curies":[{"name":"wp","href":"https:\/\/api.w.org\/{rel}","templated":true}]}}